{"id":117699,"date":"2020-09-29T19:04:00","date_gmt":"2020-09-29T22:04:00","guid":{"rendered":"http:\/\/www.hoymercedes.com.ar\/principal\/?p=117699"},"modified":"2020-09-29T21:18:00","modified_gmt":"2020-09-30T00:18:00","slug":"provicia-presento-el-plan-bonaerense-de-suelo-vivienda-y-habitat-2020-2023","status":"publish","type":"post","link":"https:\/\/www.hoymercedes.com.ar\/principal\/2020\/09\/29\/provicia-presento-el-plan-bonaerense-de-suelo-vivienda-y-habitat-2020-2023\/","title":{"rendered":"Provicia present\u00f3 el Plan Bonaerense de Suelo, Vivienda y H\u00e1bitat 2020-2023"},"content":{"rendered":"\n<p>En el Sal\u00f3n Dorado de la Gobernaci\u00f3n, Kicillof present\u00f3 el Plan Bonaerense de Suelo, Vivienda y H\u00e1bitat que prev\u00e9 una inversi\u00f3n total de $190.186 millones entre 2020 y 2023. La inversi\u00f3n estar\u00e1 destinada a la construcci\u00f3n de 33.600 viviendas nuevas; la reactivaci\u00f3n de 9.738 obras de viviendas cuya edificaci\u00f3n se encuentra frenada; el desarrollo de 85.353 lotes con servicios; 18.426 obras de mejoras habitacionales y de h\u00e1bitat; 507 proyectos integrales de urbanizaci\u00f3n en barrios populares; y la construcci\u00f3n de 6.213 viviendas y 5.846 lotes como parte del programa Procrear.<\/p>\n\n\n\n<div class=\"wp-block-image\"><figure class=\"aligncenter size-large\"><img loading=\"lazy\" decoding=\"async\" width=\"750\" height=\"503\" data-attachment-id=\"117700\" data-permalink=\"https:\/\/www.hoymercedes.com.ar\/principal\/2020\/09\/29\/provicia-presento-el-plan-bonaerense-de-suelo-vivienda-y-habitat-2020-2023\/29-kici-vivendas\/#main\" data-orig-file=\"https:\/\/www.hoymercedes.com.ar\/principal\/wp-content\/uploads\/2020\/09\/29-kici-vivendas.jpg\" data-orig-size=\"750,503\" data-comments-opened=\"0\" data-image-meta=\"{&quot;aperture&quot;:&quot;0&quot;,&quot;credit&quot;:&quot;&quot;,&quot;camera&quot;:&quot;&quot;,&quot;caption&quot;:&quot;&quot;,&quot;created_timestamp&quot;:&quot;0&quot;,&quot;copyright&quot;:&quot;&quot;,&quot;focal_length&quot;:&quot;0&quot;,&quot;iso&quot;:&quot;0&quot;,&quot;shutter_speed&quot;:&quot;0&quot;,&quot;title&quot;:&quot;&quot;,&quot;orientation&quot;:&quot;0&quot;}\" data-image-title=\"29 kici vivendas\" data-image-description=\"\" data-image-caption=\"\" data-large-file=\"https:\/\/www.hoymercedes.com.ar\/principal\/wp-content\/uploads\/2020\/09\/29-kici-vivendas.jpg\" src=\"https:\/\/www.hoymercedes.com.ar\/principal\/wp-content\/uploads\/2020\/09\/29-kici-vivendas.jpg\" alt=\"\" class=\"wp-image-117700\" srcset=\"https:\/\/www.hoymercedes.com.ar\/principal\/wp-content\/uploads\/2020\/09\/29-kici-vivendas.jpg 750w, https:\/\/www.hoymercedes.com.ar\/principal\/wp-content\/uploads\/2020\/09\/29-kici-vivendas-630x423.jpg 630w, https:\/\/www.hoymercedes.com.ar\/principal\/wp-content\/uploads\/2020\/09\/29-kici-vivendas-150x101.jpg 150w\" sizes=\"auto, (max-width: 750px) 100vw, 750px\" \/><\/figure><\/div>\n\n\n\n<p>El Plan Bonaerense de Suelo, Vivienda y H\u00e1bitat implica la creaci\u00f3n de la \u201cUnidad Provincial de Tierra y Vivienda\u201d que tendr\u00e1 como objetivo coordinar las pol\u00edticas de generaci\u00f3n de suelo urbano y desarrollo de soluciones habitacionales en la Provincia. Dicha unidad ser\u00e1 coordinada por el Ministerio de Gobierno; y estar\u00e1 integrada por los ministerios de Infraestructura y Servicios P\u00fablicos, Desarrollo de la Comunidad, Hacienda y Finanzas, Justicia y Derechos Humanos; as\u00ed como tambi\u00e9n por la Agencia de Recaudaci\u00f3n de la Provincia de Buenos Aires (ARBA) y el Organismo Provincial para la Integraci\u00f3n Social y Urbana (OPISU).<\/p>\n\n\n\n<p>Kicillof explic\u00f3 que esta pol\u00edtica tiene como objetivo la regularizaci\u00f3n de 154.747 actas y escrituras de forma gratuita; un programa de Registro de suelo urbano, y la creaci\u00f3n de un Registro provincial de demanda habitacional.<\/p>\n\n\n\n<p>El gobernador estuvo acompa\u00f1ado por la vicegobernadora, Ver\u00f3nica Magario; la ministra nacional de Desarrollo Territorial y H\u00e1bitat, Mar\u00eda Eugenia Bielsa; la titular de la ANSES, Fernanda Raverta; y la ministra de Gobierno bonaerense Teresa Garc\u00eda. Tambi\u00e9n participaron intendentes, legisladores y ministros del gabinete provincial.<\/p>\n","protected":false},"excerpt":{"rendered":"<p>En el Sal\u00f3n Dorado de la Gobernaci\u00f3n, Kicillof present\u00f3 el Plan Bonaerense de Suelo, Vivienda y H\u00e1bitat que prev\u00e9 una &#8230; <a title=\"Provicia present\u00f3 el Plan Bonaerense de Suelo, Vivienda y H\u00e1bitat 2020-2023\" class=\"read-more\" href=\"https:\/\/www.hoymercedes.com.ar\/principal\/2020\/09\/29\/provicia-presento-el-plan-bonaerense-de-suelo-vivienda-y-habitat-2020-2023\/\" aria-label=\"Leer m\u00e1s sobre Provicia present\u00f3 el Plan Bonaerense de Suelo, Vivienda y H\u00e1bitat 2020-2023\">Leer m\u00e1s<\/a><\/p>\n","protected":false},"author":5,"featured_media":117700,"comment_status":"closed","ping_status":"open","sticky":false,"template":"","format":"standard","meta":{"_monsterinsights_skip_tracking":false,"_monsterinsights_sitenote_active":false,"_monsterinsights_sitenote_note":"","_monsterinsights_sitenote_category":0,"jetpack_post_was_ever_published":false,"_jetpack_newsletter_access":"","_jetpack_dont_email_post_to_subs":false,"_jetpack_newsletter_tier_id":0,"_jetpack_memberships_contains_paywalled_content":false,"_jetpack_memberships_contains_paid_content":false,"footnotes":"","jetpack_publicize_message":"","jetpack_publicize_feature_enabled":true,"jetpack_social_post_already_shared":true,"jetpack_social_options":{"image_generator_settings":{"template":"highway","default_image_id":0,"font":"","enabled":false},"version":2},"_wpas_customize_per_network":false},"categories":[8881],"tags":[1803],"class_list":["post-117699","post","type-post","status-publish","format-standard","has-post-thumbnail","hentry","category-provincia","tag-provincia","generate-columns","tablet-grid-50","mobile-grid-100","grid-parent","grid-50"],"jetpack_publicize_connections":[],"jetpack_featured_media_url":"https:\/\/www.hoymercedes.com.ar\/principal\/wp-content\/uploads\/2020\/09\/29-kici-vivendas.jpg","wps_subtitle":"Acto en La Plata","jetpack_sharing_enabled":true,"_links":{"self":[{"href":"https:\/\/www.hoymercedes.com.ar\/principal\/wp-json\/wp\/v2\/posts\/117699","targetHints":{"allow":["GET"]}}],"collection":[{"href":"https:\/\/www.hoymercedes.com.ar\/principal\/wp-json\/wp\/v2\/posts"}],"about":[{"href":"https:\/\/www.hoymercedes.com.ar\/principal\/wp-json\/wp\/v2\/types\/post"}],"author":[{"embeddable":true,"href":"https:\/\/www.hoymercedes.com.ar\/principal\/wp-json\/wp\/v2\/users\/5"}],"replies":[{"embeddable":true,"href":"https:\/\/www.hoymercedes.com.ar\/principal\/wp-json\/wp\/v2\/comments?post=117699"}],"version-history":[{"count":0,"href":"https:\/\/www.hoymercedes.com.ar\/principal\/wp-json\/wp\/v2\/posts\/117699\/revisions"}],"wp:featuredmedia":[{"embeddable":true,"href":"https:\/\/www.hoymercedes.com.ar\/principal\/wp-json\/wp\/v2\/media\/117700"}],"wp:attachment":[{"href":"https:\/\/www.hoymercedes.com.ar\/principal\/wp-json\/wp\/v2\/media?parent=117699"}],"wp:term":[{"taxonomy":"category","embeddable":true,"href":"https:\/\/www.hoymercedes.com.ar\/principal\/wp-json\/wp\/v2\/categories?post=117699"},{"taxonomy":"post_tag","embeddable":true,"href":"https:\/\/www.hoymercedes.com.ar\/principal\/wp-json\/wp\/v2\/tags?post=117699"}],"curies":[{"name":"wp","href":"https:\/\/api.w.org\/{rel}","templated":true}]}}