{"id":117706,"date":"2020-09-29T22:18:42","date_gmt":"2020-09-30T01:18:42","guid":{"rendered":"http:\/\/www.hoymercedes.com.ar\/principal\/?p=117706"},"modified":"2020-09-30T12:11:46","modified_gmt":"2020-09-30T15:11:46","slug":"coronavirus-se-suman-28-casos-positivos-en-mercedes","status":"publish","type":"post","link":"https:\/\/www.hoymercedes.com.ar\/principal\/2020\/09\/29\/coronavirus-se-suman-28-casos-positivos-en-mercedes\/","title":{"rendered":"Coronavirus: se suman 28 casos positivos en Mercedes"},"content":{"rendered":"\n<p>La situaci\u00f3n epidemiol\u00f3gica de Mercedes sigue en crecimiento. Este martes confirman que 28 pacientes recibieron su resultado positivo de covid-19 y se realizan las vinculaciones para conocer posibles nuevos positivos. Son 74 los test realizados en el Laboratorio del Dubarry. <\/p>\n\n\n\n<div class=\"wp-block-image\"><figure class=\"aligncenter size-large\"><img loading=\"lazy\" decoding=\"async\" width=\"800\" height=\"800\" data-attachment-id=\"117709\" data-permalink=\"https:\/\/www.hoymercedes.com.ar\/principal\/2020\/09\/29\/coronavirus-se-suman-28-casos-positivos-en-mercedes\/whatsapp-image-2020-09-29-at-22-00-17\/#main\" data-orig-file=\"https:\/\/www.hoymercedes.com.ar\/principal\/wp-content\/uploads\/2020\/09\/WhatsApp-Image-2020-09-29-at-22.00.17.jpeg\" data-orig-size=\"800,800\" data-comments-opened=\"0\" data-image-meta=\"{&quot;aperture&quot;:&quot;0&quot;,&quot;credit&quot;:&quot;&quot;,&quot;camera&quot;:&quot;&quot;,&quot;caption&quot;:&quot;&quot;,&quot;created_timestamp&quot;:&quot;0&quot;,&quot;copyright&quot;:&quot;&quot;,&quot;focal_length&quot;:&quot;0&quot;,&quot;iso&quot;:&quot;0&quot;,&quot;shutter_speed&quot;:&quot;0&quot;,&quot;title&quot;:&quot;&quot;,&quot;orientation&quot;:&quot;0&quot;}\" data-image-title=\"WhatsApp Image 2020-09-29 at 22.00.17\" data-image-description=\"\" data-image-caption=\"\" data-large-file=\"https:\/\/www.hoymercedes.com.ar\/principal\/wp-content\/uploads\/2020\/09\/WhatsApp-Image-2020-09-29-at-22.00.17.jpeg\" src=\"https:\/\/www.hoymercedes.com.ar\/principal\/wp-content\/uploads\/2020\/09\/WhatsApp-Image-2020-09-29-at-22.00.17.jpeg\" alt=\"\" class=\"wp-image-117709\" srcset=\"https:\/\/www.hoymercedes.com.ar\/principal\/wp-content\/uploads\/2020\/09\/WhatsApp-Image-2020-09-29-at-22.00.17.jpeg 800w, https:\/\/www.hoymercedes.com.ar\/principal\/wp-content\/uploads\/2020\/09\/WhatsApp-Image-2020-09-29-at-22.00.17-620x620.jpeg 620w, https:\/\/www.hoymercedes.com.ar\/principal\/wp-content\/uploads\/2020\/09\/WhatsApp-Image-2020-09-29-at-22.00.17-150x150.jpeg 150w\" sizes=\"auto, (max-width: 800px) 100vw, 800px\" \/><\/figure><\/div>\n\n\n\n<p>El informe expresa: <\/p>\n\n\n\n<p>\u00abEn el d\u00eda de la fecha el Laboratorio de Virolog\u00eda Molecular Municipal por medio de los procesos cient\u00edficos que lleva adelante cotidianamente detect\u00f3 28 nuevos casos para covid.<br>Los casos tienen su ra\u00edz epidemiol\u00f3gica y correspondiente trabajo de rastreo y seguimiento.<br>Al d\u00eda de la fecha tenemos 201 casos activos con 34 altas m\u00e9dicas. Por su parte 1136 casos se registraron desde iniciada la pandemia con 918 pacientes recuperados del virus. En seguimiento por contacto estrecho contin\u00faan a instancias del Centro de Teleseguimiento con 93 operadores socio sanitarios se encuentran 780 mercedinos.<br>En cuanto al Centro de Aislamiento Sanitario II con todas las normas socio sanitarias y un fuerte trabajo de Salud, Protecci\u00f3n Civil, SAME, Seguridad, Desarrollo Social y Servicios P\u00fablicos tiene a 3 pacientes alojados, aislados y monitoreados\u00bb.<\/p>\n\n\n\n<p><strong>Informe nacional<\/strong><\/p>\n\n\n\n<p>Desde el \u00e1rea de Salud de Naci\u00f3n confirmaron 13.477 nuevos casos de COVID-19. Con estos registros, suman 736.609 positivos en el pa\u00eds, de los cuales 585.857 son pacientes recuperados y 134.233 son casos confirmados activos. En las \u00faltimas 24 hs fueron realizados 25.072 testeos y desde el inicio del brote se realizaron 1.951.789 pruebas diagn\u00f3sticas para esta enfermedad, lo que equivale a 43.013 muestras por mill\u00f3n de habitantes.<\/p>\n\n\n\n<p>En el detalle de la jornada confirma que la provincia de Buenos Aires 5.328; Ciudad de Buenos Aires 993; Catamarca 4; Chaco 143; Chubut 209; C\u00f3rdoba 1.800; Entre R\u00edos 162; Jujuy 102; La Pampa 19; La Rioja 51; Mendoza 668; Misiones 8; Neuqu\u00e9n 77; R\u00edo Negro 339; Salta 324; San Juan 20; San Luis 150; Santa Cruz 113; Santa Fe 2011; Santiago del Estero 142; Tierra del Fuego 221 y Tucum\u00e1n 605. <\/p>\n\n\n\n<p>En las \u00faltimas 24 horas, se notificaron 406 nuevas muertes, son 245 hombres y 161 mujeres. Al momento la cantidad de personas fallecidas es 16.519. Del total de fallecidos que reporta la provincia de Buenos Aires en el d\u00eda de hoy (12.824), 3.045 casos se encuentran pendientes de carga en el Sistema Nacional de Vigilancia de la Salud (SNVS).<\/p>\n","protected":false},"excerpt":{"rendered":"<p>La situaci\u00f3n epidemiol\u00f3gica de Mercedes sigue en crecimiento. Este martes confirman que 28 pacientes recibieron su resultado positivo de covid-19 &#8230; <a title=\"Coronavirus: se suman 28 casos positivos en Mercedes\" class=\"read-more\" href=\"https:\/\/www.hoymercedes.com.ar\/principal\/2020\/09\/29\/coronavirus-se-suman-28-casos-positivos-en-mercedes\/\" aria-label=\"Leer m\u00e1s sobre Coronavirus: se suman 28 casos positivos en Mercedes\">Leer m\u00e1s<\/a><\/p>\n","protected":false},"author":5,"featured_media":117709,"comment_status":"closed","ping_status":"open","sticky":false,"template":"","format":"standard","meta":{"_monsterinsights_skip_tracking":false,"_monsterinsights_sitenote_active":false,"_monsterinsights_sitenote_note":"","_monsterinsights_sitenote_category":0,"jetpack_post_was_ever_published":false,"_jetpack_newsletter_access":"","_jetpack_dont_email_post_to_subs":false,"_jetpack_newsletter_tier_id":0,"_jetpack_memberships_contains_paywalled_content":false,"_jetpack_memberships_contains_paid_content":false,"footnotes":"","jetpack_publicize_message":"","jetpack_publicize_feature_enabled":true,"jetpack_social_post_already_shared":true,"jetpack_social_options":{"image_generator_settings":{"template":"highway","default_image_id":0,"font":"","enabled":false},"version":2},"_wpas_customize_per_network":false},"categories":[9791],"tags":[16561,16175,16313,17157],"class_list":["post-117706","post","type-post","status-publish","format-standard","has-post-thumbnail","hentry","category-salud","tag-cierre-del-dia","tag-coronavirus","tag-covid-19","tag-pasos-positivos","generate-columns","tablet-grid-50","mobile-grid-100","grid-parent","grid-50"],"jetpack_publicize_connections":[],"jetpack_featured_media_url":"https:\/\/www.hoymercedes.com.ar\/principal\/wp-content\/uploads\/2020\/09\/WhatsApp-Image-2020-09-29-at-22.00.17.jpeg","wps_subtitle":"Cierre del d\u00eda","jetpack_sharing_enabled":true,"_links":{"self":[{"href":"https:\/\/www.hoymercedes.com.ar\/principal\/wp-json\/wp\/v2\/posts\/117706","targetHints":{"allow":["GET"]}}],"collection":[{"href":"https:\/\/www.hoymercedes.com.ar\/principal\/wp-json\/wp\/v2\/posts"}],"about":[{"href":"https:\/\/www.hoymercedes.com.ar\/principal\/wp-json\/wp\/v2\/types\/post"}],"author":[{"embeddable":true,"href":"https:\/\/www.hoymercedes.com.ar\/principal\/wp-json\/wp\/v2\/users\/5"}],"replies":[{"embeddable":true,"href":"https:\/\/www.hoymercedes.com.ar\/principal\/wp-json\/wp\/v2\/comments?post=117706"}],"version-history":[{"count":0,"href":"https:\/\/www.hoymercedes.com.ar\/principal\/wp-json\/wp\/v2\/posts\/117706\/revisions"}],"wp:featuredmedia":[{"embeddable":true,"href":"https:\/\/www.hoymercedes.com.ar\/principal\/wp-json\/wp\/v2\/media\/117709"}],"wp:attachment":[{"href":"https:\/\/www.hoymercedes.com.ar\/principal\/wp-json\/wp\/v2\/media?parent=117706"}],"wp:term":[{"taxonomy":"category","embeddable":true,"href":"https:\/\/www.hoymercedes.com.ar\/principal\/wp-json\/wp\/v2\/categories?post=117706"},{"taxonomy":"post_tag","embeddable":true,"href":"https:\/\/www.hoymercedes.com.ar\/principal\/wp-json\/wp\/v2\/tags?post=117706"}],"curies":[{"name":"wp","href":"https:\/\/api.w.org\/{rel}","templated":true}]}}