{"id":117716,"date":"2020-09-30T07:30:33","date_gmt":"2020-09-30T10:30:33","guid":{"rendered":"http:\/\/www.hoymercedes.com.ar\/principal\/?p=117716"},"modified":"2020-09-30T12:00:15","modified_gmt":"2020-09-30T15:00:15","slug":"acciones-por-el-dia-mundial-del-corazon","status":"publish","type":"post","link":"https:\/\/www.hoymercedes.com.ar\/principal\/2020\/09\/30\/acciones-por-el-dia-mundial-del-corazon\/","title":{"rendered":"Acciones por el D\u00eda Mundial del Coraz\u00f3n"},"content":{"rendered":"\n<p>Todos los 29 de septiembre se conmemora el D\u00eda Internacional del Coraz\u00f3n con el fin de sensibilizar a las personas y promover la adopci\u00f3n de medidas preventivas que disminuyan las enfermedades cardiovasculares, en particular las cardiopat\u00edas y los accidentes cerebrovasculares pues son las principales causas de muerte en todo el mundo.<\/p>\n\n\n\n<div class=\"wp-block-image\"><figure class=\"aligncenter size-large\"><img loading=\"lazy\" decoding=\"async\" width=\"968\" height=\"576\" data-attachment-id=\"117717\" data-permalink=\"https:\/\/www.hoymercedes.com.ar\/principal\/2020\/09\/30\/acciones-por-el-dia-mundial-del-corazon\/30-corazon-copia\/#main\" data-orig-file=\"https:\/\/www.hoymercedes.com.ar\/principal\/wp-content\/uploads\/2020\/09\/30-corazon-copia.jpeg\" data-orig-size=\"968,576\" data-comments-opened=\"0\" data-image-meta=\"{&quot;aperture&quot;:&quot;0&quot;,&quot;credit&quot;:&quot;&quot;,&quot;camera&quot;:&quot;&quot;,&quot;caption&quot;:&quot;&quot;,&quot;created_timestamp&quot;:&quot;0&quot;,&quot;copyright&quot;:&quot;&quot;,&quot;focal_length&quot;:&quot;0&quot;,&quot;iso&quot;:&quot;0&quot;,&quot;shutter_speed&quot;:&quot;0&quot;,&quot;title&quot;:&quot;&quot;,&quot;orientation&quot;:&quot;0&quot;}\" data-image-title=\"30 corazon &amp;#8211; copia\" data-image-description=\"\" data-image-caption=\"\" data-large-file=\"https:\/\/www.hoymercedes.com.ar\/principal\/wp-content\/uploads\/2020\/09\/30-corazon-copia.jpeg\" src=\"https:\/\/www.hoymercedes.com.ar\/principal\/wp-content\/uploads\/2020\/09\/30-corazon-copia.jpeg\" alt=\"\" class=\"wp-image-117717\" srcset=\"https:\/\/www.hoymercedes.com.ar\/principal\/wp-content\/uploads\/2020\/09\/30-corazon-copia.jpeg 968w, https:\/\/www.hoymercedes.com.ar\/principal\/wp-content\/uploads\/2020\/09\/30-corazon-copia-630x375.jpeg 630w, https:\/\/www.hoymercedes.com.ar\/principal\/wp-content\/uploads\/2020\/09\/30-corazon-copia-150x89.jpeg 150w, https:\/\/www.hoymercedes.com.ar\/principal\/wp-content\/uploads\/2020\/09\/30-corazon-copia-890x530.jpeg 890w, https:\/\/www.hoymercedes.com.ar\/principal\/wp-content\/uploads\/2020\/09\/30-corazon-copia-445x265.jpeg 445w\" sizes=\"auto, (max-width: 968px) 100vw, 968px\" \/><\/figure><\/div>\n\n\n\n<p>Nadia Rodr\u00edguez, promotora de salud, auxiliar en cardiolog\u00eda y coordinadora del grupo Latir expres\u00f3 \u201choy es un d\u00eda para concientizar sobre la buena alimentaci\u00f3n, lo importante de cuidarnos para tener una buena salud cardiovascular, donde se destaca, el bajo consumo de sodio, los 30 minutos diarios de ejercicio, una alimentaci\u00f3n saludable, como as\u00ed tambi\u00e9n los controles\u201d y agreg\u00f3 \u201ctambi\u00e9n es importante no consumir tabaco y la ingesta de agua\u201d.<\/p>\n\n\n\n<p>\u201cNosotros desde los CAPS acompa\u00f1amos a los vecinos a trav\u00e9s de atenci\u00f3n diaria y a trav\u00e9s del hospital Blas L. Dubarry -equipo de cardiolog\u00eda- con lo que tiene que ver con cardiopat\u00edas cong\u00e9nitas\u201d apunt\u00f3 y destac\u00f3 \u201clas muertes cardiol\u00f3gicas pueden ser evitables y nosotros en Mercedes contamos con las herramientas sanitarias para poder hacerlo\u201d.<\/p>\n\n\n\n<p>Asimismo, Rodr\u00edguez subray\u00f3 \u201clos CAPS est\u00e1n todos capacitados para articular con el hospital Dubarry, la verdad que hoy tenemos una l\u00ednea y una red de trabajo muy buena en lo que es derivaci\u00f3n y trabajo en conjunto, algo important\u00edsimo para poder ayudar a los vecinos\u201d.<\/p>\n\n\n\n<p>Fuente: Prensa Municipal<\/p>\n\n\n\n<div class=\"wp-block-image\"><figure class=\"aligncenter size-large\"><img loading=\"lazy\" decoding=\"async\" width=\"800\" height=\"533\" data-attachment-id=\"117718\" data-permalink=\"https:\/\/www.hoymercedes.com.ar\/principal\/2020\/09\/30\/acciones-por-el-dia-mundial-del-corazon\/30-corazon-copia-2\/#main\" data-orig-file=\"https:\/\/www.hoymercedes.com.ar\/principal\/wp-content\/uploads\/2020\/09\/30-corazon-copia-1.jpeg\" data-orig-size=\"800,533\" data-comments-opened=\"0\" data-image-meta=\"{&quot;aperture&quot;:&quot;0&quot;,&quot;credit&quot;:&quot;&quot;,&quot;camera&quot;:&quot;&quot;,&quot;caption&quot;:&quot;&quot;,&quot;created_timestamp&quot;:&quot;0&quot;,&quot;copyright&quot;:&quot;&quot;,&quot;focal_length&quot;:&quot;0&quot;,&quot;iso&quot;:&quot;0&quot;,&quot;shutter_speed&quot;:&quot;0&quot;,&quot;title&quot;:&quot;&quot;,&quot;orientation&quot;:&quot;0&quot;}\" data-image-title=\"30 corazon} &amp;#8211; copia\" data-image-description=\"\" data-image-caption=\"\" data-large-file=\"https:\/\/www.hoymercedes.com.ar\/principal\/wp-content\/uploads\/2020\/09\/30-corazon-copia-1.jpeg\" src=\"https:\/\/www.hoymercedes.com.ar\/principal\/wp-content\/uploads\/2020\/09\/30-corazon-copia-1.jpeg\" alt=\"\" class=\"wp-image-117718\" srcset=\"https:\/\/www.hoymercedes.com.ar\/principal\/wp-content\/uploads\/2020\/09\/30-corazon-copia-1.jpeg 800w, https:\/\/www.hoymercedes.com.ar\/principal\/wp-content\/uploads\/2020\/09\/30-corazon-copia-1-630x420.jpeg 630w, https:\/\/www.hoymercedes.com.ar\/principal\/wp-content\/uploads\/2020\/09\/30-corazon-copia-1-150x100.jpeg 150w, https:\/\/www.hoymercedes.com.ar\/principal\/wp-content\/uploads\/2020\/09\/30-corazon-copia-1-700x465.jpeg 700w\" sizes=\"auto, (max-width: 800px) 100vw, 800px\" \/><\/figure><\/div>\n","protected":false},"excerpt":{"rendered":"<p>Todos los 29 de septiembre se conmemora el D\u00eda Internacional del Coraz\u00f3n con el fin de sensibilizar a las personas &#8230; <a title=\"Acciones por el D\u00eda Mundial del Coraz\u00f3n\" class=\"read-more\" href=\"https:\/\/www.hoymercedes.com.ar\/principal\/2020\/09\/30\/acciones-por-el-dia-mundial-del-corazon\/\" aria-label=\"Leer m\u00e1s sobre Acciones por el D\u00eda Mundial del Coraz\u00f3n\">Leer m\u00e1s<\/a><\/p>\n","protected":false},"author":1,"featured_media":117718,"comment_status":"closed","ping_status":"open","sticky":false,"template":"","format":"standard","meta":{"_monsterinsights_skip_tracking":false,"_monsterinsights_sitenote_active":false,"_monsterinsights_sitenote_note":"","_monsterinsights_sitenote_category":0,"jetpack_post_was_ever_published":false,"_jetpack_newsletter_access":"","_jetpack_dont_email_post_to_subs":false,"_jetpack_newsletter_tier_id":0,"_jetpack_memberships_contains_paywalled_content":false,"_jetpack_memberships_contains_paid_content":false,"footnotes":"","jetpack_publicize_message":"","jetpack_publicize_feature_enabled":true,"jetpack_social_post_already_shared":true,"jetpack_social_options":{"image_generator_settings":{"template":"highway","default_image_id":0,"font":"","enabled":false},"version":2},"_wpas_customize_per_network":false},"categories":[9791],"tags":[13799,244],"class_list":["post-117716","post","type-post","status-publish","format-standard","has-post-thumbnail","hentry","category-salud","tag-dia-mundial-del-corazon","tag-municipio-2","generate-columns","tablet-grid-50","mobile-grid-100","grid-parent","grid-50"],"jetpack_publicize_connections":[],"jetpack_featured_media_url":"https:\/\/www.hoymercedes.com.ar\/principal\/wp-content\/uploads\/2020\/09\/30-corazon-copia-1.jpeg","wps_subtitle":"En la jornada del martes","jetpack_sharing_enabled":true,"_links":{"self":[{"href":"https:\/\/www.hoymercedes.com.ar\/principal\/wp-json\/wp\/v2\/posts\/117716","targetHints":{"allow":["GET"]}}],"collection":[{"href":"https:\/\/www.hoymercedes.com.ar\/principal\/wp-json\/wp\/v2\/posts"}],"about":[{"href":"https:\/\/www.hoymercedes.com.ar\/principal\/wp-json\/wp\/v2\/types\/post"}],"author":[{"embeddable":true,"href":"https:\/\/www.hoymercedes.com.ar\/principal\/wp-json\/wp\/v2\/users\/1"}],"replies":[{"embeddable":true,"href":"https:\/\/www.hoymercedes.com.ar\/principal\/wp-json\/wp\/v2\/comments?post=117716"}],"version-history":[{"count":0,"href":"https:\/\/www.hoymercedes.com.ar\/principal\/wp-json\/wp\/v2\/posts\/117716\/revisions"}],"wp:featuredmedia":[{"embeddable":true,"href":"https:\/\/www.hoymercedes.com.ar\/principal\/wp-json\/wp\/v2\/media\/117718"}],"wp:attachment":[{"href":"https:\/\/www.hoymercedes.com.ar\/principal\/wp-json\/wp\/v2\/media?parent=117716"}],"wp:term":[{"taxonomy":"category","embeddable":true,"href":"https:\/\/www.hoymercedes.com.ar\/principal\/wp-json\/wp\/v2\/categories?post=117716"},{"taxonomy":"post_tag","embeddable":true,"href":"https:\/\/www.hoymercedes.com.ar\/principal\/wp-json\/wp\/v2\/tags?post=117716"}],"curies":[{"name":"wp","href":"https:\/\/api.w.org\/{rel}","templated":true}]}}