{"id":117737,"date":"2020-09-30T15:39:50","date_gmt":"2020-09-30T18:39:50","guid":{"rendered":"http:\/\/www.hoymercedes.com.ar\/principal\/?p=117737"},"modified":"2020-09-30T20:19:30","modified_gmt":"2020-09-30T23:19:30","slug":"provincia-presento-un-programa-para-revincular-estudiantes-con-sus-escuelas","status":"publish","type":"post","link":"https:\/\/www.hoymercedes.com.ar\/principal\/2020\/09\/30\/provincia-presento-un-programa-para-revincular-estudiantes-con-sus-escuelas\/","title":{"rendered":"Provincia present\u00f3 un programa para revincular estudiantes con sus escuelas"},"content":{"rendered":"\n<p><strong><em>El Gobernador de la provincia de Buenos Aires, Axel Kicillof, anunci\u00f3 un\u00a0programa para reforzar la continuidad pedag\u00f3gica y\u00a0present\u00f3\u00a0un plan jurisdiccional para el regreso seguro a las clases presenciales cuando la situaci\u00f3n\u00a0lo permita.<\/em><\/strong><\/p>\n\n\n\n<div class=\"wp-block-image\"><figure class=\"aligncenter size-large\"><img loading=\"lazy\" decoding=\"async\" width=\"750\" height=\"503\" data-attachment-id=\"117738\" data-permalink=\"https:\/\/www.hoymercedes.com.ar\/principal\/2020\/09\/30\/provincia-presento-un-programa-para-revincular-estudiantes-con-sus-escuelas\/30-provincia-educacion\/#main\" data-orig-file=\"https:\/\/www.hoymercedes.com.ar\/principal\/wp-content\/uploads\/2020\/09\/30-provincia-educacion.jpg\" data-orig-size=\"750,503\" data-comments-opened=\"0\" data-image-meta=\"{&quot;aperture&quot;:&quot;0&quot;,&quot;credit&quot;:&quot;&quot;,&quot;camera&quot;:&quot;&quot;,&quot;caption&quot;:&quot;&quot;,&quot;created_timestamp&quot;:&quot;0&quot;,&quot;copyright&quot;:&quot;&quot;,&quot;focal_length&quot;:&quot;0&quot;,&quot;iso&quot;:&quot;0&quot;,&quot;shutter_speed&quot;:&quot;0&quot;,&quot;title&quot;:&quot;&quot;,&quot;orientation&quot;:&quot;0&quot;}\" data-image-title=\"30 provincia educaci\u00f3n\" data-image-description=\"\" data-image-caption=\"\" data-large-file=\"https:\/\/www.hoymercedes.com.ar\/principal\/wp-content\/uploads\/2020\/09\/30-provincia-educacion.jpg\" src=\"https:\/\/www.hoymercedes.com.ar\/principal\/wp-content\/uploads\/2020\/09\/30-provincia-educacion.jpg\" alt=\"\" class=\"wp-image-117738\" srcset=\"https:\/\/www.hoymercedes.com.ar\/principal\/wp-content\/uploads\/2020\/09\/30-provincia-educacion.jpg 750w, https:\/\/www.hoymercedes.com.ar\/principal\/wp-content\/uploads\/2020\/09\/30-provincia-educacion-630x423.jpg 630w, https:\/\/www.hoymercedes.com.ar\/principal\/wp-content\/uploads\/2020\/09\/30-provincia-educacion-150x101.jpg 150w\" sizes=\"auto, (max-width: 750px) 100vw, 750px\" \/><\/figure><\/div>\n\n\n\n<p>En la ma\u00f1ana del mi\u00e9rcoles, el gobernador de la provincia de Buenos Aires, Axel Kicillof, el Ministro de Educaci\u00f3n Nacional, Nicol\u00e1s Trotta, la Directora General de Cultura y Educaci\u00f3n, Agustina Vila, y el Viceministro de Salud, Nicol\u00e1s Kreplak, presentaron un nuevo Programa de Acompa\u00f1amiento a las Trayectorias (ATR) para la revinculaci\u00f3n escolar de estudiantes que hayan tenido dificultades con la continuidad pedag\u00f3gica.<\/p>\n\n\n\n<p>Tambi\u00e9n anunciaron la presentaci\u00f3n del Plan jurisdiccional para el regreso seguro a clases presenciales del sistema educativo de la provincia de Buenos Aires, que de ser aprobado permitir\u00e1 dar un paso m\u00e1s en los preparativos para la progresiva vuelta a las clases presenciales en distritos con nula o baja circulaci\u00f3n de COVID-19 que cumplan con los est\u00e1ndares epidemiol\u00f3gicos elaborados por la autoridad sanitaria.<\/p>\n\n\n\n<p>\u201cEstamos lanzando este programa que consiste en llevar la escuela a los hogares de los que m\u00e1s dificultad tuvieron para mantenerse conectados con el sistema educativo. Los maestros y maestras van a recorrer casa por casa dos veces por semana, con protocolos estrictos de seguridad sanitaria, para ir al encuentro de los chicos y chicas que perdieron el v\u00ednculo educativo\u201d, explic\u00f3 el Gobernador.<\/p>\n\n\n\n<p>Respecto del Plan para el regreso seguro a las clases, Kicillof se\u00f1al\u00f3: \u201cHoy le vamos a entregar una serie de protocolos al Gobierno nacional para seguir trabajando seriamente y buscando soluciones para que en los lugares de m\u00e1s baja circulaci\u00f3n del virus se pueda pensar c\u00f3mo volver a la presencialidad con mucha prudencia y escalonadamente, sin poner en riesgo ni a los estudiantes ni a los maestros y maestras\u201d.<\/p>\n\n\n\n<p>\u201cUna vez aprobado este plan, estaremos en condiciones de compartirlo con las comunidades educativas de los 135 distritos de la Provincia, para que podamos organizarnos y capacitarnos, desde nuestras diferentes responsabilidades, y as\u00ed estar preparados para regresar a las clases presenciales cuando las condiciones epidemiol\u00f3gicas lo permitan\u201d, explic\u00f3 la titular de la cartera educativa bonaerense.<\/p>\n\n\n\n<p><strong>Programa de Acompa\u00f1amiento a las Trayectorias y la Revinculaci\u00f3n<\/strong><\/p>\n\n\n\n<p>El Programa Acompa\u00f1amiento a las Trayectorias y la Revinculaci\u00f3n (ATR) es un dispositivo de visitas domiciliarias, planificado y orientado por las y los docentes a cargo de los cursos de cada estudiante. Lo llevar\u00e1n adelante docentes que est\u00e1n participando del Programa de Incorporaci\u00f3n Especial de Docentes y Auxiliares y estudiantes que est\u00e9n cursando 3\u00b0 y 4\u00b0 a\u00f1o de sus carreras en los Institutos Superiores de Formaci\u00f3n Docente, que podr\u00e1n sumarse a trav\u00e9s de una convocatoria abierta. Recibir\u00e1n formaci\u00f3n para realizar esta tarea y adem\u00e1s tendr\u00e1n la posibilidad de acreditarla como una pr\u00e1ctica preprofesional.<\/p>\n\n\n\n<p>Por esta pr\u00e1ctica pedag\u00f3gica que implicar\u00e1 visitar dos veces por semana a un grupo de seis estudiantes percibir\u00e1n una beca mensual de $8.000 que adem\u00e1s de reconocer la labor realizada, tiene como finalidad ser un aporte de ingresos al segmento de j\u00f3venes adultos.<\/p>\n\n\n\n<p>La iniciativa busca alcanzar a 279.000 estudiantes de primaria y secundaria distribuidos en los 307 mil km\u00b2 de la Provincia, que requieren intensificar la continuidad educativa y retomar el v\u00ednculo con la escuela. Seg\u00fan el \u00faltimo relevamiento de la cartera educativa, 9 de cada 10 estudiantes bonaerenses (91,7%) de nivel primario y secundario tuvieron continuidad pedag\u00f3gica desde la suspensi\u00f3n de clases presenciales. Del 8,3% restante, hay una gran mayor\u00eda (6,7%) que sostiene el v\u00ednculo con sus docentes aunque registra una muy baja o nula devoluci\u00f3n de las tareas propuestas por sus docentes a trav\u00e9s de cuadernillos impresos u otros soportes digitales. Con el 1,6% no se sostiene la comunicaci\u00f3n cotidiana entre la escuela y la familia, por ello, se requiere de un acompa\u00f1amiento sistem\u00e1tico como el que se comenzar\u00e1 a llevar adelante a partir de este programa.<\/p>\n\n\n\n<p>Adem\u00e1s de los 11 mil docentes que forman parte del PIEDAS, podr\u00edan sumarse unos 35.500 estudiantes avanzados de los profesorados. Esta nueva iniciativa representa una inversi\u00f3n del estado bonaerense cercana a los 300 millones de pesos mensuales que se suma a la inversi\u00f3n realizada en el marco del PIEDAS, que es de 340 millones de pesos por mes.<\/p>\n\n\n\n<p><strong>Plan Jurisdiccional elevado a las autoridades nacionales<\/strong><\/p>\n\n\n\n<p>El Plan para el regreso a las clases presenciales en aquellos distritos bonaerenses que cumplan con los est\u00e1ndares epidemiol\u00f3gicos sobre circulaci\u00f3n del COVID-19 fue desarrollado a partir de los lineamientos aprobados en julio pasado por el Consejo Federal de Educaci\u00f3n y permitir\u00e1 continuar con la organizaci\u00f3n y capacitaci\u00f3n del sistema educativo en vistas a la vuelta a las clases presenciales cuando la situaci\u00f3n epidemiol\u00f3gica lo permita.<\/p>\n\n\n\n<p>Este Plan fue elaborado junto a especialistas, autoridades sanitarias provinciales y representantes sindicales de docentes y auxiliares. Contiene especificaciones dirigidas a estudiantes, familias, docentes, directivos y auxiliares sobre medidas y criterios sanitarios y de organizaci\u00f3n escolar y pedag\u00f3gica; de limpieza, higiene y seguridad de los establecimientos educativos; para el uso de transporte p\u00fablico; condiciones de infraestructura escolar y uso de los espacios de la escuela y tratamiento ante la aparici\u00f3n de casos Covid.<\/p>\n\n\n\n<p>Fuente: Ministerio de Comunicaci\u00f3n de la provincia. <\/p>\n","protected":false},"excerpt":{"rendered":"<p>El Gobernador de la provincia de Buenos Aires, Axel Kicillof, anunci\u00f3 un\u00a0programa para reforzar la continuidad pedag\u00f3gica y\u00a0present\u00f3\u00a0un plan jurisdiccional &#8230; <a title=\"Provincia present\u00f3 un programa para revincular estudiantes con sus escuelas\" class=\"read-more\" href=\"https:\/\/www.hoymercedes.com.ar\/principal\/2020\/09\/30\/provincia-presento-un-programa-para-revincular-estudiantes-con-sus-escuelas\/\" aria-label=\"Leer m\u00e1s sobre Provincia present\u00f3 un programa para revincular estudiantes con sus escuelas\">Leer m\u00e1s<\/a><\/p>\n","protected":false},"author":1,"featured_media":117738,"comment_status":"closed","ping_status":"open","sticky":false,"template":"","format":"standard","meta":{"_monsterinsights_skip_tracking":false,"_monsterinsights_sitenote_active":false,"_monsterinsights_sitenote_note":"","_monsterinsights_sitenote_category":0,"jetpack_post_was_ever_published":false,"_jetpack_newsletter_access":"","_jetpack_dont_email_post_to_subs":false,"_jetpack_newsletter_tier_id":0,"_jetpack_memberships_contains_paywalled_content":false,"_jetpack_memberships_contains_paid_content":false,"footnotes":"","jetpack_publicize_message":"","jetpack_publicize_feature_enabled":true,"jetpack_social_post_already_shared":true,"jetpack_social_options":{"image_generator_settings":{"template":"highway","default_image_id":0,"font":"","enabled":false},"version":2},"_wpas_customize_per_network":false},"categories":[8881],"tags":[17161,16361,47,16323,1803,17160],"class_list":["post-117737","post","type-post","status-publish","format-standard","has-post-thumbnail","hentry","category-provincia","tag-clases-presenciales","tag-cuarentena","tag-educacion-2","tag-pandemia","tag-provincia","tag-revinculacion","generate-columns","tablet-grid-50","mobile-grid-100","grid-parent","grid-50"],"jetpack_publicize_connections":[],"jetpack_featured_media_url":"https:\/\/www.hoymercedes.com.ar\/principal\/wp-content\/uploads\/2020\/09\/30-provincia-educacion.jpg","wps_subtitle":"\u00bfVuelta a las aulas?","jetpack_sharing_enabled":true,"_links":{"self":[{"href":"https:\/\/www.hoymercedes.com.ar\/principal\/wp-json\/wp\/v2\/posts\/117737","targetHints":{"allow":["GET"]}}],"collection":[{"href":"https:\/\/www.hoymercedes.com.ar\/principal\/wp-json\/wp\/v2\/posts"}],"about":[{"href":"https:\/\/www.hoymercedes.com.ar\/principal\/wp-json\/wp\/v2\/types\/post"}],"author":[{"embeddable":true,"href":"https:\/\/www.hoymercedes.com.ar\/principal\/wp-json\/wp\/v2\/users\/1"}],"replies":[{"embeddable":true,"href":"https:\/\/www.hoymercedes.com.ar\/principal\/wp-json\/wp\/v2\/comments?post=117737"}],"version-history":[{"count":0,"href":"https:\/\/www.hoymercedes.com.ar\/principal\/wp-json\/wp\/v2\/posts\/117737\/revisions"}],"wp:featuredmedia":[{"embeddable":true,"href":"https:\/\/www.hoymercedes.com.ar\/principal\/wp-json\/wp\/v2\/media\/117738"}],"wp:attachment":[{"href":"https:\/\/www.hoymercedes.com.ar\/principal\/wp-json\/wp\/v2\/media?parent=117737"}],"wp:term":[{"taxonomy":"category","embeddable":true,"href":"https:\/\/www.hoymercedes.com.ar\/principal\/wp-json\/wp\/v2\/categories?post=117737"},{"taxonomy":"post_tag","embeddable":true,"href":"https:\/\/www.hoymercedes.com.ar\/principal\/wp-json\/wp\/v2\/tags?post=117737"}],"curies":[{"name":"wp","href":"https:\/\/api.w.org\/{rel}","templated":true}]}}