{"id":117744,"date":"2020-09-30T19:21:25","date_gmt":"2020-09-30T22:21:25","guid":{"rendered":"http:\/\/www.hoymercedes.com.ar\/principal\/?p=117744"},"modified":"2020-09-30T20:18:53","modified_gmt":"2020-09-30T23:18:53","slug":"obras-publicas-asfaltan-la-calle-60","status":"publish","type":"post","link":"https:\/\/www.hoymercedes.com.ar\/principal\/2020\/09\/30\/obras-publicas-asfaltan-la-calle-60\/","title":{"rendered":"Obras P\u00fablicas: Asfaltan la calle 60"},"content":{"rendered":"\n<p>En el marco de la obras de asfaltado licitadas por 42 millones de pesos, d\u00edas atr\u00e1s comenz\u00f3 el trabajo en la calle 60, entre Avenida 29 y H\u00e9roes de Malvinas. <\/p>\n\n\n\n<div class=\"wp-block-image\"><figure class=\"aligncenter size-large\"><img loading=\"lazy\" decoding=\"async\" width=\"800\" height=\"533\" data-attachment-id=\"117746\" data-permalink=\"https:\/\/www.hoymercedes.com.ar\/principal\/2020\/09\/30\/obras-publicas-asfaltan-la-calle-60\/whatsapp-image-2020-09-30-at-17-08-58\/#main\" data-orig-file=\"https:\/\/www.hoymercedes.com.ar\/principal\/wp-content\/uploads\/2020\/09\/WhatsApp-Image-2020-09-30-at-17.08.58.jpeg\" data-orig-size=\"800,533\" data-comments-opened=\"0\" data-image-meta=\"{&quot;aperture&quot;:&quot;0&quot;,&quot;credit&quot;:&quot;&quot;,&quot;camera&quot;:&quot;&quot;,&quot;caption&quot;:&quot;&quot;,&quot;created_timestamp&quot;:&quot;1601491916&quot;,&quot;copyright&quot;:&quot;&quot;,&quot;focal_length&quot;:&quot;0&quot;,&quot;iso&quot;:&quot;0&quot;,&quot;shutter_speed&quot;:&quot;0&quot;,&quot;title&quot;:&quot;&quot;,&quot;orientation&quot;:&quot;1&quot;}\" data-image-title=\"WhatsApp Image 2020-09-30 at 17.08.58\" data-image-description=\"\" data-image-caption=\"\" data-large-file=\"https:\/\/www.hoymercedes.com.ar\/principal\/wp-content\/uploads\/2020\/09\/WhatsApp-Image-2020-09-30-at-17.08.58.jpeg\" src=\"https:\/\/www.hoymercedes.com.ar\/principal\/wp-content\/uploads\/2020\/09\/WhatsApp-Image-2020-09-30-at-17.08.58.jpeg\" alt=\"\" class=\"wp-image-117746\" srcset=\"https:\/\/www.hoymercedes.com.ar\/principal\/wp-content\/uploads\/2020\/09\/WhatsApp-Image-2020-09-30-at-17.08.58.jpeg 800w, https:\/\/www.hoymercedes.com.ar\/principal\/wp-content\/uploads\/2020\/09\/WhatsApp-Image-2020-09-30-at-17.08.58-630x420.jpeg 630w, https:\/\/www.hoymercedes.com.ar\/principal\/wp-content\/uploads\/2020\/09\/WhatsApp-Image-2020-09-30-at-17.08.58-150x100.jpeg 150w, https:\/\/www.hoymercedes.com.ar\/principal\/wp-content\/uploads\/2020\/09\/WhatsApp-Image-2020-09-30-at-17.08.58-700x465.jpeg 700w\" sizes=\"auto, (max-width: 800px) 100vw, 800px\" \/><\/figure><\/div>\n\n\n\n<p><br>\u201cLa calle 60, entre 29 y 31 era una calle de tierra y la 60 entre 31 y H\u00e9roes de Malvinas ya ten\u00eda un asfaltado que se encuentra en un muy mal estado. Esta calle era carpeta asf\u00e1ltica y estaba muy deteriorada, pero en esta ocasi\u00f3n vamos a hacer la obra en hormig\u00f3n, que nos va dar una soluci\u00f3n a largo plazo\u201d, dijo el presidente del Concejo Deliberante Mat\u00edas Dematei en una de las recorridas que hizo de la incipiente obra.<\/p>\n\n\n\n<p>Esta obra es una m\u00e1s en el plan de pavimentaci\u00f3n que se est\u00e1 desarrollando en distintos puntos de la ciudad. \u201cLa gente tiene que saber que la decisi\u00f3n del intendente es trabajar en conjunto y de manera interareal. En estas obras se trabaja desde la planificaci\u00f3n de los ingenieros en Obras P\u00fablicas hasta la licitaci\u00f3n en Econom\u00eda, pasando por Servicios P\u00fablicos y hasta la Secretar\u00eda de Seguridad que trabaja por la mejora en la seguridad vial.<\/p>\n\n\n\n<div class=\"wp-block-image\"><figure class=\"aligncenter size-large\"><img loading=\"lazy\" decoding=\"async\" width=\"800\" height=\"533\" data-attachment-id=\"117745\" data-permalink=\"https:\/\/www.hoymercedes.com.ar\/principal\/2020\/09\/30\/obras-publicas-asfaltan-la-calle-60\/obra\/#main\" data-orig-file=\"https:\/\/www.hoymercedes.com.ar\/principal\/wp-content\/uploads\/2020\/09\/Obra.jpeg\" data-orig-size=\"800,533\" data-comments-opened=\"0\" data-image-meta=\"{&quot;aperture&quot;:&quot;0&quot;,&quot;credit&quot;:&quot;&quot;,&quot;camera&quot;:&quot;&quot;,&quot;caption&quot;:&quot;&quot;,&quot;created_timestamp&quot;:&quot;1601491914&quot;,&quot;copyright&quot;:&quot;&quot;,&quot;focal_length&quot;:&quot;0&quot;,&quot;iso&quot;:&quot;0&quot;,&quot;shutter_speed&quot;:&quot;0&quot;,&quot;title&quot;:&quot;&quot;,&quot;orientation&quot;:&quot;1&quot;}\" data-image-title=\"Obra\" data-image-description=\"\" data-image-caption=\"\" data-large-file=\"https:\/\/www.hoymercedes.com.ar\/principal\/wp-content\/uploads\/2020\/09\/Obra.jpeg\" src=\"https:\/\/www.hoymercedes.com.ar\/principal\/wp-content\/uploads\/2020\/09\/Obra.jpeg\" alt=\"\" class=\"wp-image-117745\" srcset=\"https:\/\/www.hoymercedes.com.ar\/principal\/wp-content\/uploads\/2020\/09\/Obra.jpeg 800w, https:\/\/www.hoymercedes.com.ar\/principal\/wp-content\/uploads\/2020\/09\/Obra-630x420.jpeg 630w, https:\/\/www.hoymercedes.com.ar\/principal\/wp-content\/uploads\/2020\/09\/Obra-150x100.jpeg 150w, https:\/\/www.hoymercedes.com.ar\/principal\/wp-content\/uploads\/2020\/09\/Obra-700x465.jpeg 700w\" sizes=\"auto, (max-width: 800px) 100vw, 800px\" \/><\/figure><\/div>\n","protected":false},"excerpt":{"rendered":"<p>En el marco de la obras de asfaltado licitadas por 42 millones de pesos, d\u00edas atr\u00e1s comenz\u00f3 el trabajo en &#8230; <a title=\"Obras P\u00fablicas: Asfaltan la calle 60\" class=\"read-more\" href=\"https:\/\/www.hoymercedes.com.ar\/principal\/2020\/09\/30\/obras-publicas-asfaltan-la-calle-60\/\" aria-label=\"Leer m\u00e1s sobre Obras P\u00fablicas: Asfaltan la calle 60\">Leer m\u00e1s<\/a><\/p>\n","protected":false},"author":5,"featured_media":117745,"comment_status":"closed","ping_status":"open","sticky":false,"template":"","format":"standard","meta":{"_monsterinsights_skip_tracking":false,"_monsterinsights_sitenote_active":false,"_monsterinsights_sitenote_note":"","_monsterinsights_sitenote_category":0,"jetpack_post_was_ever_published":false,"_jetpack_newsletter_access":"","_jetpack_dont_email_post_to_subs":false,"_jetpack_newsletter_tier_id":0,"_jetpack_memberships_contains_paywalled_content":false,"_jetpack_memberships_contains_paid_content":false,"footnotes":"","jetpack_publicize_message":"","jetpack_publicize_feature_enabled":true,"jetpack_social_post_already_shared":true,"jetpack_social_options":{"image_generator_settings":{"template":"highway","default_image_id":0,"font":"","enabled":false},"version":2},"_wpas_customize_per_network":false},"categories":[30],"tags":[340,244,5947],"class_list":["post-117744","post","type-post","status-publish","format-standard","has-post-thumbnail","hentry","category-municipio","tag-asfalto","tag-municipio-2","tag-obras-publicas","generate-columns","tablet-grid-50","mobile-grid-100","grid-parent","grid-50"],"jetpack_publicize_connections":[],"jetpack_featured_media_url":"https:\/\/www.hoymercedes.com.ar\/principal\/wp-content\/uploads\/2020\/09\/Obra.jpeg","wps_subtitle":"Barrios de la ciudad","jetpack_sharing_enabled":true,"_links":{"self":[{"href":"https:\/\/www.hoymercedes.com.ar\/principal\/wp-json\/wp\/v2\/posts\/117744","targetHints":{"allow":["GET"]}}],"collection":[{"href":"https:\/\/www.hoymercedes.com.ar\/principal\/wp-json\/wp\/v2\/posts"}],"about":[{"href":"https:\/\/www.hoymercedes.com.ar\/principal\/wp-json\/wp\/v2\/types\/post"}],"author":[{"embeddable":true,"href":"https:\/\/www.hoymercedes.com.ar\/principal\/wp-json\/wp\/v2\/users\/5"}],"replies":[{"embeddable":true,"href":"https:\/\/www.hoymercedes.com.ar\/principal\/wp-json\/wp\/v2\/comments?post=117744"}],"version-history":[{"count":0,"href":"https:\/\/www.hoymercedes.com.ar\/principal\/wp-json\/wp\/v2\/posts\/117744\/revisions"}],"wp:featuredmedia":[{"embeddable":true,"href":"https:\/\/www.hoymercedes.com.ar\/principal\/wp-json\/wp\/v2\/media\/117745"}],"wp:attachment":[{"href":"https:\/\/www.hoymercedes.com.ar\/principal\/wp-json\/wp\/v2\/media?parent=117744"}],"wp:term":[{"taxonomy":"category","embeddable":true,"href":"https:\/\/www.hoymercedes.com.ar\/principal\/wp-json\/wp\/v2\/categories?post=117744"},{"taxonomy":"post_tag","embeddable":true,"href":"https:\/\/www.hoymercedes.com.ar\/principal\/wp-json\/wp\/v2\/tags?post=117744"}],"curies":[{"name":"wp","href":"https:\/\/api.w.org\/{rel}","templated":true}]}}