{"id":117753,"date":"2020-09-30T23:00:21","date_gmt":"2020-10-01T02:00:21","guid":{"rendered":"http:\/\/www.hoymercedes.com.ar\/principal\/?p=117753"},"modified":"2020-09-30T22:54:37","modified_gmt":"2020-10-01T01:54:37","slug":"coronavirus-otros-28-pacientes-recibieron-resultado-positivo","status":"publish","type":"post","link":"https:\/\/www.hoymercedes.com.ar\/principal\/2020\/09\/30\/coronavirus-otros-28-pacientes-recibieron-resultado-positivo\/","title":{"rendered":"Coronavirus: Otros 28 pacientes recibieron resultado positivo"},"content":{"rendered":"\n<p>El Covid-19 sigue en la ciudad. En un ascenso de casos, este mi\u00e9rcoles confirmaron 28 nuevos pacientes con la enfermedad que preocupa al mundo. El laboratorio del Dubarry analiz\u00f3 87 test en el d\u00eda e informaron que 14 pacientes lograron el alta m\u00e9dica tras cumplir con el plazo marcado por protocolo. <\/p>\n\n\n\n<div class=\"wp-block-image\"><figure class=\"aligncenter size-large\"><img loading=\"lazy\" decoding=\"async\" width=\"800\" height=\"800\" data-attachment-id=\"117772\" data-permalink=\"https:\/\/www.hoymercedes.com.ar\/principal\/2020\/09\/30\/coronavirus-otros-28-pacientes-recibieron-resultado-positivo\/whatsapp-image-2020-09-30-at-22-13-38\/#main\" data-orig-file=\"https:\/\/www.hoymercedes.com.ar\/principal\/wp-content\/uploads\/2020\/09\/WhatsApp-Image-2020-09-30-at-22.13.38.jpeg\" data-orig-size=\"800,800\" data-comments-opened=\"0\" data-image-meta=\"{&quot;aperture&quot;:&quot;0&quot;,&quot;credit&quot;:&quot;&quot;,&quot;camera&quot;:&quot;&quot;,&quot;caption&quot;:&quot;&quot;,&quot;created_timestamp&quot;:&quot;0&quot;,&quot;copyright&quot;:&quot;&quot;,&quot;focal_length&quot;:&quot;0&quot;,&quot;iso&quot;:&quot;0&quot;,&quot;shutter_speed&quot;:&quot;0&quot;,&quot;title&quot;:&quot;&quot;,&quot;orientation&quot;:&quot;0&quot;}\" data-image-title=\"WhatsApp Image 2020-09-30 at 22.13.38\" data-image-description=\"\" data-image-caption=\"\" data-large-file=\"https:\/\/www.hoymercedes.com.ar\/principal\/wp-content\/uploads\/2020\/09\/WhatsApp-Image-2020-09-30-at-22.13.38.jpeg\" src=\"https:\/\/www.hoymercedes.com.ar\/principal\/wp-content\/uploads\/2020\/09\/WhatsApp-Image-2020-09-30-at-22.13.38.jpeg\" alt=\"\" class=\"wp-image-117772\" srcset=\"https:\/\/www.hoymercedes.com.ar\/principal\/wp-content\/uploads\/2020\/09\/WhatsApp-Image-2020-09-30-at-22.13.38.jpeg 800w, https:\/\/www.hoymercedes.com.ar\/principal\/wp-content\/uploads\/2020\/09\/WhatsApp-Image-2020-09-30-at-22.13.38-620x620.jpeg 620w, https:\/\/www.hoymercedes.com.ar\/principal\/wp-content\/uploads\/2020\/09\/WhatsApp-Image-2020-09-30-at-22.13.38-150x150.jpeg 150w\" sizes=\"auto, (max-width: 800px) 100vw, 800px\" \/><\/figure><\/div>\n\n\n\n<p>El informe oficial expresa: <br>\u00abEn el d\u00eda de la fecha el Laboratorio de Virolog\u00eda Molecular Municipal por medio de los procesos cient\u00edficos que lleva adelante cotidianamente detect\u00f3 28 nuevos casos para covid.<br>Los casos tienen su ra\u00edz epidemiol\u00f3gica y correspondiente trabajo de rastreo y seguimiento.<br>Al d\u00eda de la fecha tenemos 215 casos activos con 14 altas m\u00e9dicas. Por su parte 1164 casos se registraron desde iniciada la pandemia con 932 pacientes recuperados del virus.<br>En cuanto al Centro de Aislamiento Sanitario II con todas las normas socio sanitarias y un fuerte trabajo de Salud, Protecci\u00f3n Civil, SAME, Seguridad, Desarrollo Social y Servicios P\u00fablicos tiene a 2 pacientes alojados, aislados y monitoreados\u00bb.<\/p>\n\n\n\n<p><strong>Informe nacional<\/strong><\/p>\n\n\n\n<p>Desde el \u00e1rea de salud de Naci\u00f3n este mi\u00e9rcoles confirmaron 14.392 nuevos casos de COVID-19. Con estos registros, suman 751.001 positivos en el pa\u00eds, de los cuales 594.645 son pacientes recuperados y 139.419 son casos confirmados activos. En las \u00faltimas 24 hs fueron realizados 25.072 testeos y desde el inicio del brote se realizaron 1.951.789 pruebas diagn\u00f3sticas para esta enfermedad, lo que equivale a 43.013 muestras por mill\u00f3n de habitantes.<\/p>\n\n\n\n<p>Detalle por provincia (N\u00ba de confirmados | N\u00ba de acumulados): Buenos Aires 5.943 | 417.677; Ciudad de Buenos Aires 898 | 125.966; Catamarca 8 | 287; Chaco 157 | 8.543; Chubut 156 | 3.955; C\u00f3rdoba 1.718 | 34.203; Corrientes 20 | 1.093; Entre R\u00edos 177 | 7.483; Formosa 0 | 104; Jujuy 157 | 15.670; La Pampa 25 | 763; La Rioja 126 | 4.828; Mendoza 691 | 25.049; Misiones 9 | 96; Neuqu\u00e9n 192 | 7.893; R\u00edo Negro 369 | 12.839; Salta 360 | 12.415; San Juan 2 | 717; San Luis 131 | 1.482; Santa Cruz 145 | 4.844; Santa Fe 2017 | 42.398; Santiago del Estero 96 | 3.419; Tierra del Fuego 256 | 4.363 y Tucum\u00e1n 739 | 14.914<\/p>\n\n\n\n<p>En las \u00faltimas 24 horas, se notificaron 419 nuevas muertes, son 218 hombres y 201 mujeres. Al momento la cantidad de personas fallecidas es 16.937. Del total de fallecidos que reporta la provincia de Buenos Aires en el d\u00eda de hoy (12.946), 2.993 casos se encuentran pendientes de carga en el Sistema Nacional de Vigilancia de la Salud (SNVS).<\/p>\n","protected":false},"excerpt":{"rendered":"<p>El Covid-19 sigue en la ciudad. En un ascenso de casos, este mi\u00e9rcoles confirmaron 28 nuevos pacientes con la enfermedad &#8230; <a title=\"Coronavirus: Otros 28 pacientes recibieron resultado positivo\" class=\"read-more\" href=\"https:\/\/www.hoymercedes.com.ar\/principal\/2020\/09\/30\/coronavirus-otros-28-pacientes-recibieron-resultado-positivo\/\" aria-label=\"Leer m\u00e1s sobre Coronavirus: Otros 28 pacientes recibieron resultado positivo\">Leer m\u00e1s<\/a><\/p>\n","protected":false},"author":5,"featured_media":117772,"comment_status":"closed","ping_status":"open","sticky":false,"template":"","format":"standard","meta":{"_monsterinsights_skip_tracking":false,"_monsterinsights_sitenote_active":false,"_monsterinsights_sitenote_note":"","_monsterinsights_sitenote_category":0,"jetpack_post_was_ever_published":false,"_jetpack_newsletter_access":"","_jetpack_dont_email_post_to_subs":false,"_jetpack_newsletter_tier_id":0,"_jetpack_memberships_contains_paywalled_content":false,"_jetpack_memberships_contains_paid_content":false,"footnotes":"","jetpack_publicize_message":"","jetpack_publicize_feature_enabled":true,"jetpack_social_post_already_shared":true,"jetpack_social_options":{"image_generator_settings":{"template":"highway","default_image_id":0,"font":"","enabled":false},"version":2},"_wpas_customize_per_network":false},"categories":[9791],"tags":[16428,16561,16175,16313,134],"class_list":["post-117753","post","type-post","status-publish","format-standard","has-post-thumbnail","hentry","category-salud","tag-casos-positivos","tag-cierre-del-dia","tag-coronavirus","tag-covid-19","tag-salud","generate-columns","tablet-grid-50","mobile-grid-100","grid-parent","grid-50"],"jetpack_publicize_connections":[],"jetpack_featured_media_url":"https:\/\/www.hoymercedes.com.ar\/principal\/wp-content\/uploads\/2020\/09\/WhatsApp-Image-2020-09-30-at-22.13.38.jpeg","wps_subtitle":"Cierre del d\u00eda","jetpack_sharing_enabled":true,"_links":{"self":[{"href":"https:\/\/www.hoymercedes.com.ar\/principal\/wp-json\/wp\/v2\/posts\/117753","targetHints":{"allow":["GET"]}}],"collection":[{"href":"https:\/\/www.hoymercedes.com.ar\/principal\/wp-json\/wp\/v2\/posts"}],"about":[{"href":"https:\/\/www.hoymercedes.com.ar\/principal\/wp-json\/wp\/v2\/types\/post"}],"author":[{"embeddable":true,"href":"https:\/\/www.hoymercedes.com.ar\/principal\/wp-json\/wp\/v2\/users\/5"}],"replies":[{"embeddable":true,"href":"https:\/\/www.hoymercedes.com.ar\/principal\/wp-json\/wp\/v2\/comments?post=117753"}],"version-history":[{"count":0,"href":"https:\/\/www.hoymercedes.com.ar\/principal\/wp-json\/wp\/v2\/posts\/117753\/revisions"}],"wp:featuredmedia":[{"embeddable":true,"href":"https:\/\/www.hoymercedes.com.ar\/principal\/wp-json\/wp\/v2\/media\/117772"}],"wp:attachment":[{"href":"https:\/\/www.hoymercedes.com.ar\/principal\/wp-json\/wp\/v2\/media?parent=117753"}],"wp:term":[{"taxonomy":"category","embeddable":true,"href":"https:\/\/www.hoymercedes.com.ar\/principal\/wp-json\/wp\/v2\/categories?post=117753"},{"taxonomy":"post_tag","embeddable":true,"href":"https:\/\/www.hoymercedes.com.ar\/principal\/wp-json\/wp\/v2\/tags?post=117753"}],"curies":[{"name":"wp","href":"https:\/\/api.w.org\/{rel}","templated":true}]}}