{"id":117767,"date":"2020-10-01T09:49:26","date_gmt":"2020-10-01T12:49:26","guid":{"rendered":"http:\/\/www.hoymercedes.com.ar\/principal\/?p=117767"},"modified":"2020-09-30T21:08:59","modified_gmt":"2020-10-01T00:08:59","slug":"recambian-canerias-del-red-cloacal-en-barrio-villa-del-parque","status":"publish","type":"post","link":"https:\/\/www.hoymercedes.com.ar\/principal\/2020\/10\/01\/recambian-canerias-del-red-cloacal-en-barrio-villa-del-parque\/","title":{"rendered":"Recambian ca\u00f1er\u00edas del red cloacal en barrio Villa del Parque"},"content":{"rendered":"\n<p>La Municipalidad de Mercedes est\u00e1 llevando adelante una obra de renovaci\u00f3n de ca\u00f1os de la red cloacal en el barrio Villa del Parque, m\u00e1s exactamente en la calle 48 entre 25 y Avenida Escolta. \u00a0<\/p>\n\n\n\n<div class=\"wp-block-image\"><figure class=\"aligncenter size-large\"><img loading=\"lazy\" decoding=\"async\" width=\"900\" height=\"506\" data-attachment-id=\"117769\" data-permalink=\"https:\/\/www.hoymercedes.com.ar\/principal\/2020\/10\/01\/recambian-canerias-del-red-cloacal-en-barrio-villa-del-parque\/901-2\/#main\" data-orig-file=\"https:\/\/www.hoymercedes.com.ar\/principal\/wp-content\/uploads\/2020\/09\/901.jpeg\" data-orig-size=\"900,506\" data-comments-opened=\"0\" data-image-meta=\"{&quot;aperture&quot;:&quot;0&quot;,&quot;credit&quot;:&quot;&quot;,&quot;camera&quot;:&quot;&quot;,&quot;caption&quot;:&quot;&quot;,&quot;created_timestamp&quot;:&quot;1601499420&quot;,&quot;copyright&quot;:&quot;&quot;,&quot;focal_length&quot;:&quot;0&quot;,&quot;iso&quot;:&quot;0&quot;,&quot;shutter_speed&quot;:&quot;0&quot;,&quot;title&quot;:&quot;&quot;,&quot;orientation&quot;:&quot;1&quot;}\" data-image-title=\"901\" data-image-description=\"\" data-image-caption=\"\" data-large-file=\"https:\/\/www.hoymercedes.com.ar\/principal\/wp-content\/uploads\/2020\/09\/901.jpeg\" src=\"https:\/\/www.hoymercedes.com.ar\/principal\/wp-content\/uploads\/2020\/09\/901.jpeg\" alt=\"\" class=\"wp-image-117769\" srcset=\"https:\/\/www.hoymercedes.com.ar\/principal\/wp-content\/uploads\/2020\/09\/901.jpeg 900w, https:\/\/www.hoymercedes.com.ar\/principal\/wp-content\/uploads\/2020\/09\/901-630x354.jpeg 630w, https:\/\/www.hoymercedes.com.ar\/principal\/wp-content\/uploads\/2020\/09\/901-150x84.jpeg 150w\" sizes=\"auto, (max-width: 900px) 100vw, 900px\" \/><\/figure><\/div>\n\n\n\n<p>\u201cNos pasaba que \u00edbamos con el cami\u00f3n desobstructor a destapar y nos encontr\u00e1bamos con que ya no hab\u00eda ca\u00f1er\u00eda y que se desmoronaba todo el conducto. Entonces lo que decidimos es hacer un recambio total de los ca\u00f1os de la red cloacal en esa zona\u201d, explicaron desde el Municipio, quien siempre est\u00e1 recorriendo obras en la ciudad. \u00a0<\/p>\n\n\n\n<p>La obra en este barrio se est\u00e1 concretando con una empresa mercedina. \u201cEsto tiene que ver con la decisi\u00f3n que siempre tom\u00f3 el intendente de ofrecer soluciones definitivas a los problemas que surgen en la ciudad. Son muchos los inconvenientes que van surgiendo y los vamos abordando en distintos puntos de la ciudad\u201d, explic\u00ed Mat\u00edas Dematei, titular del Concejo Deliberante. \u00a0<\/p>\n","protected":false},"excerpt":{"rendered":"<p>La Municipalidad de Mercedes est\u00e1 llevando adelante una obra de renovaci\u00f3n de ca\u00f1os de la red cloacal en el barrio &#8230; <a title=\"Recambian ca\u00f1er\u00edas del red cloacal en barrio Villa del Parque\" class=\"read-more\" href=\"https:\/\/www.hoymercedes.com.ar\/principal\/2020\/10\/01\/recambian-canerias-del-red-cloacal-en-barrio-villa-del-parque\/\" aria-label=\"Leer m\u00e1s sobre Recambian ca\u00f1er\u00edas del red cloacal en barrio Villa del Parque\">Leer m\u00e1s<\/a><\/p>\n","protected":false},"author":5,"featured_media":117768,"comment_status":"closed","ping_status":"open","sticky":false,"template":"","format":"standard","meta":{"_monsterinsights_skip_tracking":false,"_monsterinsights_sitenote_active":false,"_monsterinsights_sitenote_note":"","_monsterinsights_sitenote_category":0,"jetpack_post_was_ever_published":false,"_jetpack_newsletter_access":"","_jetpack_dont_email_post_to_subs":false,"_jetpack_newsletter_tier_id":0,"_jetpack_memberships_contains_paywalled_content":false,"_jetpack_memberships_contains_paid_content":false,"footnotes":"","jetpack_publicize_message":"","jetpack_publicize_feature_enabled":true,"jetpack_social_post_already_shared":true,"jetpack_social_options":{"image_generator_settings":{"template":"highway","default_image_id":0,"font":"","enabled":false},"version":2},"_wpas_customize_per_network":false},"categories":[30],"tags":[11336,244,5947,6490,8628],"class_list":["post-117767","post","type-post","status-publish","format-standard","has-post-thumbnail","hentry","category-municipio","tag-barrio","tag-municipio-2","tag-obras-publicas","tag-red-cloacal","tag-servicios-publicos","generate-columns","tablet-grid-50","mobile-grid-100","grid-parent","grid-50"],"jetpack_publicize_connections":[],"jetpack_featured_media_url":"https:\/\/www.hoymercedes.com.ar\/principal\/wp-content\/uploads\/2020\/09\/900-1-1.jpeg","wps_subtitle":"Obras p\u00fablicas","jetpack_sharing_enabled":true,"_links":{"self":[{"href":"https:\/\/www.hoymercedes.com.ar\/principal\/wp-json\/wp\/v2\/posts\/117767","targetHints":{"allow":["GET"]}}],"collection":[{"href":"https:\/\/www.hoymercedes.com.ar\/principal\/wp-json\/wp\/v2\/posts"}],"about":[{"href":"https:\/\/www.hoymercedes.com.ar\/principal\/wp-json\/wp\/v2\/types\/post"}],"author":[{"embeddable":true,"href":"https:\/\/www.hoymercedes.com.ar\/principal\/wp-json\/wp\/v2\/users\/5"}],"replies":[{"embeddable":true,"href":"https:\/\/www.hoymercedes.com.ar\/principal\/wp-json\/wp\/v2\/comments?post=117767"}],"version-history":[{"count":0,"href":"https:\/\/www.hoymercedes.com.ar\/principal\/wp-json\/wp\/v2\/posts\/117767\/revisions"}],"wp:featuredmedia":[{"embeddable":true,"href":"https:\/\/www.hoymercedes.com.ar\/principal\/wp-json\/wp\/v2\/media\/117768"}],"wp:attachment":[{"href":"https:\/\/www.hoymercedes.com.ar\/principal\/wp-json\/wp\/v2\/media?parent=117767"}],"wp:term":[{"taxonomy":"category","embeddable":true,"href":"https:\/\/www.hoymercedes.com.ar\/principal\/wp-json\/wp\/v2\/categories?post=117767"},{"taxonomy":"post_tag","embeddable":true,"href":"https:\/\/www.hoymercedes.com.ar\/principal\/wp-json\/wp\/v2\/tags?post=117767"}],"curies":[{"name":"wp","href":"https:\/\/api.w.org\/{rel}","templated":true}]}}