{"id":117789,"date":"2020-10-01T13:09:00","date_gmt":"2020-10-01T16:09:00","guid":{"rendered":"http:\/\/www.hoymercedes.com.ar\/principal\/?p=117789"},"modified":"2020-10-01T13:09:07","modified_gmt":"2020-10-01T16:09:07","slug":"intendente-dr-ustarroz-presento-al-dr-pisapia-como-nuevo-secretario-de-salud","status":"publish","type":"post","link":"https:\/\/www.hoymercedes.com.ar\/principal\/2020\/10\/01\/intendente-dr-ustarroz-presento-al-dr-pisapia-como-nuevo-secretario-de-salud\/","title":{"rendered":"Intendente Dr. Ustarroz present\u00f3 al Dr Pisapia como nuevo Secretario de Salud"},"content":{"rendered":"\n<figure class=\"wp-block-embed-youtube wp-block-embed is-type-video is-provider-youtube wp-embed-aspect-16-9 wp-has-aspect-ratio\"><div class=\"wp-block-embed__wrapper\">\n<span class=\"embed-youtube\" style=\"text-align:center; display: block;\"><iframe loading=\"lazy\" class=\"youtube-player\" width=\"1200\" height=\"675\" src=\"https:\/\/www.youtube.com\/embed\/Z1i7jxb6y8A?version=3&#038;rel=1&#038;showsearch=0&#038;showinfo=1&#038;iv_load_policy=1&#038;fs=1&#038;hl=es-ES&#038;autohide=2&#038;wmode=transparent\" allowfullscreen=\"true\" style=\"border:0;\" sandbox=\"allow-scripts allow-same-origin allow-popups allow-presentation allow-popups-to-escape-sandbox\"><\/iframe><\/span>\n<\/div><\/figure>\n\n\n\n<p>El jefe comunal present\u00f3 al pediatra Dr. N\u00e9stor Pisapai como nuevo secretario de salud de la comuna. Se profundizar\u00e1 el trabajo en equipo \u00a0con Cassiani y la unificaci\u00f3n de criterios con todos los espacios sanitarios, p\u00fablicos y privados. Se trata de un profesional muy reconocido en Mercedes que inicia la conducci\u00f3n del equipo de salud municipal. \u00a0\u201cEs un orgullo para nosotros anunciar al nuevo responsable, una persona reconocida y de amplia trayectora\u201d destac\u00f3 Ustarroz.<\/p>\n\n\n\n<p><strong>Presentaci\u00f3n<\/strong><\/p>\n\n\n\n<p>El jefe comunal sostuvo que \u201cpara nosotros es un d\u00eda muy importante. Estamos presentando a la comunidad de Mercedes a un profesional muy reconocido como nuevo Secretario de Salud. Tiene una gran trayectoria en Salud. Es el Dr. N\u00e9stor Pisapia. En estos d\u00edas tan dif\u00edciles para la salud de nuestra ciudad, de nuestro pa\u00eds, de nuestro pueblo, incorporar a un profesional con este reconocimiento nos da toda la expectativa y esperanza de saber que vamos a poder fortalecer a\u00fan m\u00e1s el sistema de salud\u201d sostuvo.<\/p>\n\n\n\n<figure class=\"wp-block-image size-large\"><img loading=\"lazy\" decoding=\"async\" width=\"912\" height=\"608\" data-attachment-id=\"117790\" data-permalink=\"https:\/\/www.hoymercedes.com.ar\/principal\/2020\/10\/01\/intendente-dr-ustarroz-presento-al-dr-pisapia-como-nuevo-secretario-de-salud\/dsc08683\/#main\" data-orig-file=\"https:\/\/www.hoymercedes.com.ar\/principal\/wp-content\/uploads\/2020\/10\/DSC08683.jpg\" data-orig-size=\"912,608\" data-comments-opened=\"0\" data-image-meta=\"{&quot;aperture&quot;:&quot;0&quot;,&quot;credit&quot;:&quot;&quot;,&quot;camera&quot;:&quot;&quot;,&quot;caption&quot;:&quot;&quot;,&quot;created_timestamp&quot;:&quot;0&quot;,&quot;copyright&quot;:&quot;&quot;,&quot;focal_length&quot;:&quot;0&quot;,&quot;iso&quot;:&quot;0&quot;,&quot;shutter_speed&quot;:&quot;0&quot;,&quot;title&quot;:&quot;&quot;,&quot;orientation&quot;:&quot;0&quot;}\" data-image-title=\"DSC08683\" data-image-description=\"\" data-image-caption=\"\" data-large-file=\"https:\/\/www.hoymercedes.com.ar\/principal\/wp-content\/uploads\/2020\/10\/DSC08683.jpg\" src=\"https:\/\/www.hoymercedes.com.ar\/principal\/wp-content\/uploads\/2020\/10\/DSC08683.jpg\" alt=\"\" class=\"wp-image-117790\" srcset=\"https:\/\/www.hoymercedes.com.ar\/principal\/wp-content\/uploads\/2020\/10\/DSC08683.jpg 912w, https:\/\/www.hoymercedes.com.ar\/principal\/wp-content\/uploads\/2020\/10\/DSC08683-630x420.jpg 630w, https:\/\/www.hoymercedes.com.ar\/principal\/wp-content\/uploads\/2020\/10\/DSC08683-150x100.jpg 150w\" sizes=\"auto, (max-width: 912px) 100vw, 912px\" \/><\/figure>\n\n\n\n<p><strong>Sistema<\/strong><\/p>\n\n\n\n<p>\u201cDurante la pandemia se logr\u00f3 cumplir con uno de los objetivos que era el de unificar el sistema de salud, tanto municipal como el hospital y el sector privado junto al Dr. Cassiani donde se est\u00e1 llevando a cabo una labor sumamente importante\u201d coment\u00f3 el intendente.<\/p>\n\n\n\n<p>\u201cLa pandemia nos plantea jerarquizar la salud, fortalecer cada una de las patas que componen la mesa de la salud de los mercedino y con N\u00e9stor, Marianela Arenillas que es una trabajadora social, junto a Mariana Adano que trae una amplia experiencia en la organizaci\u00f3n municipal, junto al Hospital, a los CAPS, a la Cl\u00ednica, a todos los sectores de salud tenemos por delante un gran desaf\u00edo porque esta pandemia alej\u00f3 a mucha gente de los lugares de atenci\u00f3n, por ejemplo, la cantidad de chicos que no se han puesto la vacuna es un tema a abordar. Y m\u00e1s all\u00e1 de este nuevo contexto de salud es algo que realmente nos enorgullece incorporar a una persona que viene a aportar desde la humildad su conocimiento al servicio de la salud del pueblo de Mercedes\u201d narr\u00f3 el jefe comunal<\/p>\n\n\n\n<p><strong>Unidad<\/strong><\/p>\n\n\n\n<p>Tambi\u00e9n destac\u00f3 que \u201ces muy importante en este contexto particular unir a todo el pueblo de Mercedes en objetivos y uno esencial es la salud. Si avanzamos y logramos consolidar la salud de nuestro pueblo esto se traducir\u00e1 en mejores indicadores\u201d afirm\u00f3 Ustarroz<\/p>\n\n\n\n<p>Por \u00faltimo sostuvo que \u201ccelebramos y agradecemos esta incorporaci\u00f3n de lujo que se da la ciudad de sumar a un pediatra que ha tratado a cientos de ni\u00f1os de Mercedes, con su amplia trayectoria en el hospital Italiano, en la UBA, y que ahora atender\u00e1 un aspecto prioritario que es la salud de los mercedinos junto a un gran equipo de trabajo con el destacado compromiso de los trabajadores y trabajadoras municipales\u201d<\/p>\n\n\n\n<figure class=\"wp-block-image size-large\"><img loading=\"lazy\" decoding=\"async\" width=\"912\" height=\"608\" data-attachment-id=\"117791\" data-permalink=\"https:\/\/www.hoymercedes.com.ar\/principal\/2020\/10\/01\/intendente-dr-ustarroz-presento-al-dr-pisapia-como-nuevo-secretario-de-salud\/dsc08677\/#main\" data-orig-file=\"https:\/\/www.hoymercedes.com.ar\/principal\/wp-content\/uploads\/2020\/10\/DSC08677.jpg\" data-orig-size=\"912,608\" data-comments-opened=\"0\" data-image-meta=\"{&quot;aperture&quot;:&quot;0&quot;,&quot;credit&quot;:&quot;&quot;,&quot;camera&quot;:&quot;&quot;,&quot;caption&quot;:&quot;&quot;,&quot;created_timestamp&quot;:&quot;0&quot;,&quot;copyright&quot;:&quot;&quot;,&quot;focal_length&quot;:&quot;0&quot;,&quot;iso&quot;:&quot;0&quot;,&quot;shutter_speed&quot;:&quot;0&quot;,&quot;title&quot;:&quot;&quot;,&quot;orientation&quot;:&quot;0&quot;}\" data-image-title=\"DSC08677\" data-image-description=\"\" data-image-caption=\"\" data-large-file=\"https:\/\/www.hoymercedes.com.ar\/principal\/wp-content\/uploads\/2020\/10\/DSC08677.jpg\" src=\"https:\/\/www.hoymercedes.com.ar\/principal\/wp-content\/uploads\/2020\/10\/DSC08677.jpg\" alt=\"\" class=\"wp-image-117791\" srcset=\"https:\/\/www.hoymercedes.com.ar\/principal\/wp-content\/uploads\/2020\/10\/DSC08677.jpg 912w, https:\/\/www.hoymercedes.com.ar\/principal\/wp-content\/uploads\/2020\/10\/DSC08677-630x420.jpg 630w, https:\/\/www.hoymercedes.com.ar\/principal\/wp-content\/uploads\/2020\/10\/DSC08677-150x100.jpg 150w\" sizes=\"auto, (max-width: 912px) 100vw, 912px\" \/><\/figure>\n\n\n\n<p><strong>Secretario<\/strong><\/p>\n\n\n\n<p>El flamante funcionario, Dr N\u00e9stor Pisapia, inici\u00f3 su contacto con la comunidad a trav\u00e9s de los medios sosteniendo que \u201cquiero agradecer las palabras que han tenido hacia m\u00ed. Suscribir a la importancia de la salud y felicitar al Dr. Pablo Cassiani y todo el equipo de la Secretaria de Salud por el trabajo que vienen desarrollando y en especial en este contexto de pandemia donde no es f\u00e1cil manejar esta situaci\u00f3n\u201d afirm\u00f3 el profesional.<\/p>\n\n\n\n<p><strong>Equipos<\/strong><\/p>\n\n\n\n<p>\u201cEstamos comprometidos para tratar de llevar adelante una gesti\u00f3n en equipo. Trabajo habitualmente en los lugares donde me desempe\u00f1o en equipo as\u00ed que es c\u00f3mo trabajaremos en la secretar\u00eda. Soy un convencido de que todos cumplimos una funci\u00f3n dentro de un equipo, por eso son fundamentales todas las partes. Es lo que vamos a hacer\u201d coment\u00f3 Pisapia<\/p>\n\n\n\n<p><strong>\u00c1rea<\/strong><\/p>\n\n\n\n<p>El m\u00e9dico tambi\u00e9n sostuvo que \u201ces un \u00e1rea muy sensible con muchos temas por trabajar. Uno de ellos es recuperar la atenci\u00f3n de mucha gente que por el marco de pandemia no se realizara los controles correspondientes, como dijo el intendente, y es un desaf\u00edo tambi\u00e9n empezar a trabajar en ello y en la post pandemia, para garantizar mejorar el activo en salude la ciudad\u201d<\/p>\n\n\n\n<p>\u201cVuelvo a darle las gracias al intendente por sus palabras y a partir de hoy vamos a trabajar muy fuertemente no s\u00f3lo para atravesar este momento de pandemia sino para planificar y trabajar en lo que ser\u00e1 la post pandemia\u201d<\/p>\n\n\n\n<p>Antes de finalizar cont\u00f3, adem\u00e1s, que hace tiempo vienen charlando con el Dr Ustarroz quien \u201cme llam\u00f3 y r\u00e1pidamente nos pusimos de acuerdo en las cuestiones de salud, en la visi\u00f3n que tenemos sobre lo que viene, con charlas muy fruct\u00edferas para m\u00ed\u201d afirm\u00f3 y cont\u00f3 que estaba al tanto de diversas cuestiones de la ciudad dado que conoce a Cassiani y los equipos de trabajo\u201d<\/p>\n\n\n\n<p>Info: MM<\/p>\n","protected":false},"excerpt":{"rendered":"<p>El jefe comunal present\u00f3 al pediatra Dr. N\u00e9stor Pisapai como nuevo secretario de salud de la comuna. Se profundizar\u00e1 el &#8230; <a title=\"Intendente Dr. Ustarroz present\u00f3 al Dr Pisapia como nuevo Secretario de Salud\" class=\"read-more\" href=\"https:\/\/www.hoymercedes.com.ar\/principal\/2020\/10\/01\/intendente-dr-ustarroz-presento-al-dr-pisapia-como-nuevo-secretario-de-salud\/\" aria-label=\"Leer m\u00e1s sobre Intendente Dr. Ustarroz present\u00f3 al Dr Pisapia como nuevo Secretario de Salud\">Leer m\u00e1s<\/a><\/p>\n","protected":false},"author":1,"featured_media":117790,"comment_status":"closed","ping_status":"open","sticky":false,"template":"","format":"standard","meta":{"_monsterinsights_skip_tracking":false,"_monsterinsights_sitenote_active":false,"_monsterinsights_sitenote_note":"","_monsterinsights_sitenote_category":0,"jetpack_post_was_ever_published":false,"_jetpack_newsletter_access":"","_jetpack_dont_email_post_to_subs":false,"_jetpack_newsletter_tier_id":0,"_jetpack_memberships_contains_paywalled_content":false,"_jetpack_memberships_contains_paid_content":false,"footnotes":"","jetpack_publicize_message":"","jetpack_publicize_feature_enabled":true,"jetpack_social_post_already_shared":true,"jetpack_social_options":{"image_generator_settings":{"template":"highway","default_image_id":0,"font":"","enabled":false},"version":2},"_wpas_customize_per_network":false},"categories":[30],"tags":[8529],"class_list":["post-117789","post","type-post","status-publish","format-standard","has-post-thumbnail","hentry","category-municipio","tag-secretaria-de-salud","generate-columns","tablet-grid-50","mobile-grid-100","grid-parent","grid-50"],"jetpack_publicize_connections":[],"jetpack_featured_media_url":"https:\/\/www.hoymercedes.com.ar\/principal\/wp-content\/uploads\/2020\/10\/DSC08683.jpg","wps_subtitle":"Asume nuevo funcionario","jetpack_sharing_enabled":true,"_links":{"self":[{"href":"https:\/\/www.hoymercedes.com.ar\/principal\/wp-json\/wp\/v2\/posts\/117789","targetHints":{"allow":["GET"]}}],"collection":[{"href":"https:\/\/www.hoymercedes.com.ar\/principal\/wp-json\/wp\/v2\/posts"}],"about":[{"href":"https:\/\/www.hoymercedes.com.ar\/principal\/wp-json\/wp\/v2\/types\/post"}],"author":[{"embeddable":true,"href":"https:\/\/www.hoymercedes.com.ar\/principal\/wp-json\/wp\/v2\/users\/1"}],"replies":[{"embeddable":true,"href":"https:\/\/www.hoymercedes.com.ar\/principal\/wp-json\/wp\/v2\/comments?post=117789"}],"version-history":[{"count":0,"href":"https:\/\/www.hoymercedes.com.ar\/principal\/wp-json\/wp\/v2\/posts\/117789\/revisions"}],"wp:featuredmedia":[{"embeddable":true,"href":"https:\/\/www.hoymercedes.com.ar\/principal\/wp-json\/wp\/v2\/media\/117790"}],"wp:attachment":[{"href":"https:\/\/www.hoymercedes.com.ar\/principal\/wp-json\/wp\/v2\/media?parent=117789"}],"wp:term":[{"taxonomy":"category","embeddable":true,"href":"https:\/\/www.hoymercedes.com.ar\/principal\/wp-json\/wp\/v2\/categories?post=117789"},{"taxonomy":"post_tag","embeddable":true,"href":"https:\/\/www.hoymercedes.com.ar\/principal\/wp-json\/wp\/v2\/tags?post=117789"}],"curies":[{"name":"wp","href":"https:\/\/api.w.org\/{rel}","templated":true}]}}