{"id":117794,"date":"2020-10-01T17:42:01","date_gmt":"2020-10-01T20:42:01","guid":{"rendered":"http:\/\/www.hoymercedes.com.ar\/principal\/?p=117794"},"modified":"2020-10-01T21:18:58","modified_gmt":"2020-10-02T00:18:58","slug":"hernan-casciari-dara-inicio-a-la-fundacion-orsai","status":"publish","type":"post","link":"https:\/\/www.hoymercedes.com.ar\/principal\/2020\/10\/01\/hernan-casciari-dara-inicio-a-la-fundacion-orsai\/","title":{"rendered":"Hern\u00e1n Casciari dar\u00e1 inicio a la Fundaci\u00f3n Orsai"},"content":{"rendered":"\n<p>Se trata de ComunidadOrsai.org que lanzar\u00e1 oficialmente el 1 de enero de 2021. En sus redes sociales y a trav\u00e9s de correos electr\u00f3nicos, el escritor mercedino Hern\u00e1n Casciari adelant\u00f3 proyecto que tendr\u00e1 como objetivo fomentar proyectos, concursos, congresos, dar becas y financiar investigaciones relacionadas con la cultura y la comunicaci\u00f3n, y en particular en \u00e1reas del \u201carte de la narrativa\u201d. La sede f\u00edsica de la Fundaci\u00f3n Orsai estar\u00e1 en Mercedes.<\/p>\n\n\n\n<p>El sitio web de la Comunidad Orsai est\u00e1 en funcionamiento desde hace un par de semanas. A modo de adelanto, Casciari invit\u00f3 a quienes algunas vez adquirieron alg\u00fan libro o revista de la Editorial Orsai a que participen del emprendimiento.<\/p>\n\n\n\n<p>En un primer mensaje, el escritor mercedino cont\u00f3 en qu\u00e9 consist\u00eda el proyecto. \u201cDesde el pr\u00f3ximo 1 de enero, exactamente a la hora en que cambie la d\u00e9cada,\u00a0va a nacer la Fundaci\u00f3n Orsai, con sede f\u00edsica en Mercedes, el pueblo que me recontra mil pari\u00f3, y con sede virtual en todo el mundo de habla hispana. Su nombre de fantas\u00eda es \u00abComunidadOrsai.org\u00bb, pero tiene las caracter\u00edsticas legales y jur\u00eddicas de una fundaci\u00f3n en toda regla\u201d, cuenta.<\/p>\n\n\n\n<p>Explica tanbi\u00e9n que la Fundaci\u00f3n Orsai luego de haber creado el blog Orsai hace veinte a\u00f1os y la Revista hace diez a\u00f1os (<a href=\"http:\/\/cleabyteclearte.blogspot.com\/2010\/12\/revista-orsai-de-mercedes-al-mundo.html?m=0\" data-type=\"URL\" data-id=\"http:\/\/cleabyteclearte.blogspot.com\/2010\/12\/revista-orsai-de-mercedes-al-mundo.html?m=0\" target=\"_blank\" rel=\"noreferrer noopener\">NdR: la primera edici\u00f3n de la revista fue presentada y entregada en un evento realizado en la cancha de la Liga Mercedina de Futbol en diciembre de 2010<\/a>). Este a\u00f1o, crea ComunidadOrsai.org que ser\u00e1 una \u201corganizaci\u00f3n sin fines de lucro y que vamos a recibir donaciones (de empresas, del Estado, de ustedes, de quien quiera aportar) con el objetivo de premiar proyectos, becar estudiantes, crear concursos, organizar congresos y financiar investigaciones sobre el \u00fanico tema que nos importa desde hace veinte a\u00f1os: contar historias\u201d.<\/p>\n\n\n\n<p>Formal y t\u00e9cnicamente, la Fundaci\u00f3n Orsai \u201ctiene por objeto desarrollar, estimular y participar en iniciativas educativas, comunitarias y de investigaci\u00f3n vinculadas al desarrollo de la cultura y la comunicaci\u00f3n, en particular en las \u00e1reas de la literatura, la cr\u00f3nica, el cine, la dramaturgia y cualquier otro registro que requiera el arte de la narrativa como soporte natural\u201d.<br>\u201cEn realidad, queremos que sea un espect\u00e1culo adictivo en donde no puedas parar de poner plata para que otros escriban cuentos y novelas, para que se hagan podcasts bien producidos, para que los mejores investiguen, para que haya presupuesto y hagan cortometrajes,y para que vos, desde tu casa, te sientas un mecenas del siglo diecisiete diciendo \u00aba vos te doy fichas\u00bb, \u00aba vos no\u00bb, \u00aba vos, con esa cara, vamos a ver\u00bb\u201d, agrega en su explicaci\u00f3n Hern\u00e1n Casciari.<\/p>\n\n\n\n<p>En una semana, m\u00e1s de 8000 personas se sumaron al proyecto a la espera de las novedades semanales que brindar\u00e1 el escritor mercedino sobre la Fundaci\u00f3n y los proyectos que se financiar\u00e1n con el aporte de los benefactores que tendr\u00e1n dos formas de aportar a la fundaci\u00f3n con \u201cfichas por voluntariado\u201d y \u201cfichas por donaciones\u201d. Los modos en que se canjear\u00e1n esas fichas y \u201cse apostar\u00e1\u201d a los diferentes proyectos, Casciari los explicar\u00e1 a lo largo de la distintas semanas.<\/p>\n\n\n\n<p>Por TeCleArte<\/p>\n","protected":false},"excerpt":{"rendered":"<p>Se trata de ComunidadOrsai.org que lanzar\u00e1 oficialmente el 1 de enero de 2021. En sus redes sociales y a trav\u00e9s &#8230; <a title=\"Hern\u00e1n Casciari dar\u00e1 inicio a la Fundaci\u00f3n Orsai\" class=\"read-more\" href=\"https:\/\/www.hoymercedes.com.ar\/principal\/2020\/10\/01\/hernan-casciari-dara-inicio-a-la-fundacion-orsai\/\" aria-label=\"Leer m\u00e1s sobre Hern\u00e1n Casciari dar\u00e1 inicio a la Fundaci\u00f3n Orsai\">Leer m\u00e1s<\/a><\/p>\n","protected":false},"author":5,"featured_media":117796,"comment_status":"closed","ping_status":"open","sticky":false,"template":"","format":"standard","meta":{"_monsterinsights_skip_tracking":false,"_monsterinsights_sitenote_active":false,"_monsterinsights_sitenote_note":"","_monsterinsights_sitenote_category":0,"jetpack_post_was_ever_published":false,"_jetpack_newsletter_access":"","_jetpack_dont_email_post_to_subs":false,"_jetpack_newsletter_tier_id":0,"_jetpack_memberships_contains_paywalled_content":false,"_jetpack_memberships_contains_paid_content":false,"footnotes":"","jetpack_publicize_message":"","jetpack_publicize_feature_enabled":true,"jetpack_social_post_already_shared":true,"jetpack_social_options":{"image_generator_settings":{"template":"highway","default_image_id":0,"font":"","enabled":false},"version":2},"_wpas_customize_per_network":false},"categories":[104],"tags":[17163,7805,309],"class_list":["post-117794","post","type-post","status-publish","format-standard","has-post-thumbnail","hentry","category-cultura","tag-comunidad-orsai","tag-cultura","tag-hernan-casciari","generate-columns","tablet-grid-50","mobile-grid-100","grid-parent","grid-50"],"jetpack_publicize_connections":[],"jetpack_featured_media_url":"https:\/\/www.hoymercedes.com.ar\/principal\/wp-content\/uploads\/2020\/10\/comunidad-orsai.png","wps_subtitle":"Adelantado por el autor","jetpack_sharing_enabled":true,"_links":{"self":[{"href":"https:\/\/www.hoymercedes.com.ar\/principal\/wp-json\/wp\/v2\/posts\/117794","targetHints":{"allow":["GET"]}}],"collection":[{"href":"https:\/\/www.hoymercedes.com.ar\/principal\/wp-json\/wp\/v2\/posts"}],"about":[{"href":"https:\/\/www.hoymercedes.com.ar\/principal\/wp-json\/wp\/v2\/types\/post"}],"author":[{"embeddable":true,"href":"https:\/\/www.hoymercedes.com.ar\/principal\/wp-json\/wp\/v2\/users\/5"}],"replies":[{"embeddable":true,"href":"https:\/\/www.hoymercedes.com.ar\/principal\/wp-json\/wp\/v2\/comments?post=117794"}],"version-history":[{"count":0,"href":"https:\/\/www.hoymercedes.com.ar\/principal\/wp-json\/wp\/v2\/posts\/117794\/revisions"}],"wp:featuredmedia":[{"embeddable":true,"href":"https:\/\/www.hoymercedes.com.ar\/principal\/wp-json\/wp\/v2\/media\/117796"}],"wp:attachment":[{"href":"https:\/\/www.hoymercedes.com.ar\/principal\/wp-json\/wp\/v2\/media?parent=117794"}],"wp:term":[{"taxonomy":"category","embeddable":true,"href":"https:\/\/www.hoymercedes.com.ar\/principal\/wp-json\/wp\/v2\/categories?post=117794"},{"taxonomy":"post_tag","embeddable":true,"href":"https:\/\/www.hoymercedes.com.ar\/principal\/wp-json\/wp\/v2\/tags?post=117794"}],"curies":[{"name":"wp","href":"https:\/\/api.w.org\/{rel}","templated":true}]}}