{"id":117808,"date":"2020-10-01T22:00:10","date_gmt":"2020-10-02T01:00:10","guid":{"rendered":"http:\/\/www.hoymercedes.com.ar\/principal\/?p=117808"},"modified":"2020-10-01T22:03:30","modified_gmt":"2020-10-02T01:03:30","slug":"coronavirus-mercedes-suma-20-positivos-de-covid","status":"publish","type":"post","link":"https:\/\/www.hoymercedes.com.ar\/principal\/2020\/10\/01\/coronavirus-mercedes-suma-20-positivos-de-covid\/","title":{"rendered":"Coronavirus: Mercedes suma 20 positivos de covid"},"content":{"rendered":"\n<p>Este mi\u00e9rcoles, la informaci\u00f3n oficial de Mercedes confirma que entre los 114 test realizados por el Laboratorio del Dubarry, la ciudad sum\u00f3 20 pacientes con positivos de coronavirus. Por su parte, en el informe nacional confirmaron los fallecidos que el viernes pasado hab\u00eda anunciado la provincia de Buenos Aires alcanzando a nivel pa\u00eds, un total de 20288 personas fallecidas por covid-19. <\/p>\n\n\n\n<div class=\"wp-block-image\"><figure class=\"aligncenter size-large\"><img loading=\"lazy\" decoding=\"async\" width=\"800\" height=\"800\" data-attachment-id=\"117830\" data-permalink=\"https:\/\/www.hoymercedes.com.ar\/principal\/2020\/10\/01\/coronavirus-mercedes-suma-20-positivos-de-covid\/whatsapp-image-2020-10-01-at-21-57-27\/#main\" data-orig-file=\"https:\/\/www.hoymercedes.com.ar\/principal\/wp-content\/uploads\/2020\/10\/WhatsApp-Image-2020-10-01-at-21.57.27.jpeg\" data-orig-size=\"800,800\" data-comments-opened=\"0\" data-image-meta=\"{&quot;aperture&quot;:&quot;0&quot;,&quot;credit&quot;:&quot;&quot;,&quot;camera&quot;:&quot;&quot;,&quot;caption&quot;:&quot;&quot;,&quot;created_timestamp&quot;:&quot;0&quot;,&quot;copyright&quot;:&quot;&quot;,&quot;focal_length&quot;:&quot;0&quot;,&quot;iso&quot;:&quot;0&quot;,&quot;shutter_speed&quot;:&quot;0&quot;,&quot;title&quot;:&quot;&quot;,&quot;orientation&quot;:&quot;0&quot;}\" data-image-title=\"WhatsApp Image 2020-10-01 at 21.57.27\" data-image-description=\"\" data-image-caption=\"\" data-large-file=\"https:\/\/www.hoymercedes.com.ar\/principal\/wp-content\/uploads\/2020\/10\/WhatsApp-Image-2020-10-01-at-21.57.27.jpeg\" src=\"https:\/\/www.hoymercedes.com.ar\/principal\/wp-content\/uploads\/2020\/10\/WhatsApp-Image-2020-10-01-at-21.57.27.jpeg\" alt=\"\" class=\"wp-image-117830\" srcset=\"https:\/\/www.hoymercedes.com.ar\/principal\/wp-content\/uploads\/2020\/10\/WhatsApp-Image-2020-10-01-at-21.57.27.jpeg 800w, https:\/\/www.hoymercedes.com.ar\/principal\/wp-content\/uploads\/2020\/10\/WhatsApp-Image-2020-10-01-at-21.57.27-620x620.jpeg 620w, https:\/\/www.hoymercedes.com.ar\/principal\/wp-content\/uploads\/2020\/10\/WhatsApp-Image-2020-10-01-at-21.57.27-150x150.jpeg 150w\" sizes=\"auto, (max-width: 800px) 100vw, 800px\" \/><\/figure><\/div>\n\n\n\n<p>El informe municipal dice: <\/p>\n\n\n\n<p>\u00abEn el d\u00eda de la fecha el Laboratorio de Virolog\u00eda Molecular Municipal por medio de los procesos cient\u00edficos que lleva adelante cotidianamente detect\u00f3 20 nuevos casos para covid.<br>Los casos tienen su ra\u00edz epidemiol\u00f3gica y correspondiente trabajo de rastreo y seguimiento.<br>Al d\u00eda de la fecha tenemos 222 casos activos con 13 altas m\u00e9dicas. Por su parte 1184 casos se registraron desde iniciada la pandemia con 945 pacientes recuperados del virus.<br>En cuanto al Centro de Aislamiento Sanitario II con todas las normas socio sanitarias y un fuerte trabajo de Salud, Protecci\u00f3n Civil, SAME, Seguridad, Desarrollo Social y Servicios P\u00fablicos tiene a 2 pacientes alojados, aislados y monitoreados\u00bb.<\/p>\n\n\n\n<p><strong>Informe nacional<\/strong><\/p>\n\n\n\n<p>El \u00e1rea de salud de Naci\u00f3n confirm\u00f3 14.001 nuevos casos de COVID-19. Con estos registros, suman 765.002 positivos en el pa\u00eds, de los cuales 603.140 son pacientes recuperados y 141.574 son casos confirmados activos. En las \u00faltimas 24 hs fueron realizados 26.662 testeos y desde el inicio del brote se realizaron 2.002.975 pruebas diagn\u00f3sticas para esta enfermedad, lo que equivale a 44.141 muestras por mill\u00f3n de habitantes.<\/p>\n\n\n\n<p>Detalle por provincia (N\u00ba de confirmados | N\u00ba de acumulados): Buenos Aires 5.407 | 423.084; Ciudad de Buenos Aires 924 | 126.890; Catamarca 5 | 292; Chaco 200 | 8.743; Chubut 188 | 4.143; C\u00f3rdoba 1.966 | 36.169; Corrientes 7 | 1.100; Entre R\u00edos 186 | 7.669; Formosa 0 | 104; Jujuy 175 | 15.845; La Pampa 28 | 791; La Rioja 22 | 4.850; Mendoza 799 | 25.848; Misiones -2 | 94; Neuqu\u00e9n 186 | 8.079; R\u00edo Negro 287 | 13.126; Salta 359 | 12.774; San Juan 34 | 751; San Luis 93 | 1.575; Santa Cruz 142 | 4.986; Santa Fe 2073 | 44.471; Santiago del Estero 126 | 3.545; Tierra del Fuego 164 | 4.527 y Tucum\u00e1n 632 | 15.546<\/p>\n\n\n\n<p>En las \u00faltimas 24 horas, se notificaron 3352 nuevas muertes, son 1789 hombres y 1542 mujeres. 21 fallecidos residentes en la provincia de Buenos Aires, no registran dato de sexo. Al momento la cantidad de personas fallecidas es 20.288. En el d\u00eda de hoy fueron notificados en el Sistema Nacional de Vigilancia de la Salud (SNVS) 3050 fallecidos residentes en la provincia de Buenos Aires.<\/p>\n","protected":false},"excerpt":{"rendered":"<p>Este mi\u00e9rcoles, la informaci\u00f3n oficial de Mercedes confirma que entre los 114 test realizados por el Laboratorio del Dubarry, la &#8230; <a title=\"Coronavirus: Mercedes suma 20 positivos de covid\" class=\"read-more\" href=\"https:\/\/www.hoymercedes.com.ar\/principal\/2020\/10\/01\/coronavirus-mercedes-suma-20-positivos-de-covid\/\" aria-label=\"Leer m\u00e1s sobre Coronavirus: Mercedes suma 20 positivos de covid\">Leer m\u00e1s<\/a><\/p>\n","protected":false},"author":5,"featured_media":117830,"comment_status":"closed","ping_status":"open","sticky":false,"template":"","format":"standard","meta":{"_monsterinsights_skip_tracking":false,"_monsterinsights_sitenote_active":false,"_monsterinsights_sitenote_note":"","_monsterinsights_sitenote_category":0,"jetpack_post_was_ever_published":false,"_jetpack_newsletter_access":"","_jetpack_dont_email_post_to_subs":false,"_jetpack_newsletter_tier_id":0,"_jetpack_memberships_contains_paywalled_content":false,"_jetpack_memberships_contains_paid_content":false,"footnotes":"","jetpack_publicize_message":"","jetpack_publicize_feature_enabled":true,"jetpack_social_post_already_shared":true,"jetpack_social_options":{"image_generator_settings":{"template":"highway","default_image_id":0,"font":"","enabled":false},"version":2},"_wpas_customize_per_network":false},"categories":[9791],"tags":[16428,16561,16175,16313,134],"class_list":["post-117808","post","type-post","status-publish","format-standard","has-post-thumbnail","hentry","category-salud","tag-casos-positivos","tag-cierre-del-dia","tag-coronavirus","tag-covid-19","tag-salud","generate-columns","tablet-grid-50","mobile-grid-100","grid-parent","grid-50"],"jetpack_publicize_connections":[],"jetpack_featured_media_url":"https:\/\/www.hoymercedes.com.ar\/principal\/wp-content\/uploads\/2020\/10\/WhatsApp-Image-2020-10-01-at-21.57.27.jpeg","wps_subtitle":"Cierre del d\u00eda","jetpack_sharing_enabled":true,"_links":{"self":[{"href":"https:\/\/www.hoymercedes.com.ar\/principal\/wp-json\/wp\/v2\/posts\/117808","targetHints":{"allow":["GET"]}}],"collection":[{"href":"https:\/\/www.hoymercedes.com.ar\/principal\/wp-json\/wp\/v2\/posts"}],"about":[{"href":"https:\/\/www.hoymercedes.com.ar\/principal\/wp-json\/wp\/v2\/types\/post"}],"author":[{"embeddable":true,"href":"https:\/\/www.hoymercedes.com.ar\/principal\/wp-json\/wp\/v2\/users\/5"}],"replies":[{"embeddable":true,"href":"https:\/\/www.hoymercedes.com.ar\/principal\/wp-json\/wp\/v2\/comments?post=117808"}],"version-history":[{"count":0,"href":"https:\/\/www.hoymercedes.com.ar\/principal\/wp-json\/wp\/v2\/posts\/117808\/revisions"}],"wp:featuredmedia":[{"embeddable":true,"href":"https:\/\/www.hoymercedes.com.ar\/principal\/wp-json\/wp\/v2\/media\/117830"}],"wp:attachment":[{"href":"https:\/\/www.hoymercedes.com.ar\/principal\/wp-json\/wp\/v2\/media?parent=117808"}],"wp:term":[{"taxonomy":"category","embeddable":true,"href":"https:\/\/www.hoymercedes.com.ar\/principal\/wp-json\/wp\/v2\/categories?post=117808"},{"taxonomy":"post_tag","embeddable":true,"href":"https:\/\/www.hoymercedes.com.ar\/principal\/wp-json\/wp\/v2\/tags?post=117808"}],"curies":[{"name":"wp","href":"https:\/\/api.w.org\/{rel}","templated":true}]}}