{"id":117874,"date":"2020-10-03T11:00:10","date_gmt":"2020-10-03T14:00:10","guid":{"rendered":"http:\/\/www.hoymercedes.com.ar\/principal\/?p=117874"},"modified":"2020-10-03T16:06:23","modified_gmt":"2020-10-03T19:06:23","slug":"mercedes-seleccionada-entre-14-ciudades-del-pais-para-ser-parte-del-programa-jugar","status":"publish","type":"post","link":"https:\/\/www.hoymercedes.com.ar\/principal\/2020\/10\/03\/mercedes-seleccionada-entre-14-ciudades-del-pais-para-ser-parte-del-programa-jugar\/","title":{"rendered":"Mercedes seleccionada entre 14 ciudades del pa\u00eds para ser parte del Programa \u201cJugAR\u201d"},"content":{"rendered":"\n<p>La ciudad de Mercedes fue elegida dentro de 14 municipios del pa\u00eds para llevar adelante el programa denominado JUGar. Esta iniciativa es promovida por la Secretar\u00eda de Ni\u00f1ez, Adolescencia y Familia para garantizar el derecho al juego de las infancias y adolescencias en las distintas localidades de la Argentina. D\u00edas atr\u00e1s se produjo la teleconferencia entre el jefe comunal Juan Ustarroz y Gabriela Olivella por parte del municipio y el Ministro Daniel Arroyo desde el Ministerio Nacional para concretar la firma virtual del convenio. \u00a0<\/p>\n\n\n\n<div class=\"wp-block-image\"><figure class=\"aligncenter size-large\"><img loading=\"lazy\" decoding=\"async\" width=\"800\" height=\"534\" data-attachment-id=\"117875\" data-permalink=\"https:\/\/www.hoymercedes.com.ar\/principal\/2020\/10\/03\/mercedes-seleccionada-entre-14-ciudades-del-pais-para-ser-parte-del-programa-jugar\/902-2\/#main\" data-orig-file=\"https:\/\/www.hoymercedes.com.ar\/principal\/wp-content\/uploads\/2020\/10\/902.jpeg\" data-orig-size=\"800,534\" data-comments-opened=\"0\" data-image-meta=\"{&quot;aperture&quot;:&quot;0&quot;,&quot;credit&quot;:&quot;&quot;,&quot;camera&quot;:&quot;&quot;,&quot;caption&quot;:&quot;&quot;,&quot;created_timestamp&quot;:&quot;1601740652&quot;,&quot;copyright&quot;:&quot;&quot;,&quot;focal_length&quot;:&quot;0&quot;,&quot;iso&quot;:&quot;0&quot;,&quot;shutter_speed&quot;:&quot;0&quot;,&quot;title&quot;:&quot;&quot;,&quot;orientation&quot;:&quot;1&quot;}\" data-image-title=\"902\" data-image-description=\"\" data-image-caption=\"\" data-large-file=\"https:\/\/www.hoymercedes.com.ar\/principal\/wp-content\/uploads\/2020\/10\/902.jpeg\" src=\"https:\/\/www.hoymercedes.com.ar\/principal\/wp-content\/uploads\/2020\/10\/902.jpeg\" alt=\"\" class=\"wp-image-117875\" srcset=\"https:\/\/www.hoymercedes.com.ar\/principal\/wp-content\/uploads\/2020\/10\/902.jpeg 800w, https:\/\/www.hoymercedes.com.ar\/principal\/wp-content\/uploads\/2020\/10\/902-630x421.jpeg 630w, https:\/\/www.hoymercedes.com.ar\/principal\/wp-content\/uploads\/2020\/10\/902-150x100.jpeg 150w\" sizes=\"auto, (max-width: 800px) 100vw, 800px\" \/><\/figure><\/div>\n\n\n\n<p>La actividad se inicia con una experiencia piloto en estas comunas -de diferentes puntos de nuestro territorio- donde su objetivo es garantizar desde las pol\u00edticas p\u00fablicas, el acceso al juego y a actividades recreativas de ni\u00f1os, ni\u00f1as y adolescentes. Mercedes, gracias al desarrollo llevado adelante en los \u00faltimos a\u00f1os obtuvo este reconocimiento &nbsp;<\/p>\n\n\n\n<p>El intendente Ustarroz manifest\u00f3 \u201cfuimos elegido junto a 14 localidades de nuestro pa\u00eds, eso nos llena de orgullo y satisfacci\u00f3n. El objetivo es garantizar desde las pol\u00edticas p\u00fablicas, el acceso al juego y a actividades recreativas de ni\u00f1os, ni\u00f1as y adolescentes\u201d y a\u00f1adi\u00f3 \u201ccon la idea de trabajar de manera conjunta con la Secretar\u00eda de Ni\u00f1ez y Adolescencia del gobierno nacional y el Ministerio de Desarrollo social\u201d.&nbsp; &nbsp;<\/p>\n\n\n\n<p>\u201cEsto tambi\u00e9n representa un orgullo, que nuestra ciudad haya sido seleccionada, porque tenemos una pol\u00edtica de ni\u00f1ez, desde un Municipio que intenta por todos los medios trabajar en clave y en perspectiva de los derechos de los ni\u00f1os y los adolescentes\u201d expres\u00f3 el Dr. Ustarroz y apunt\u00f3 \u201cser convocado a una experiencia piloto en un tema tan sensible e importante como son los chicos, para nosotros es claramente un orgullo y un desaf\u00edo, y vamos a hacer lo mejor para que este programa pueda ser replicado en toda la Argentina y sea una de las herramientas que tengamos como pa\u00eds para afrontar todo lo que se viene luego de la pandemia\u201d &nbsp;<\/p>\n\n\n\n<p><strong>Programa &nbsp;<\/strong><\/p>\n\n\n\n<p>Ante esta nueva acci\u00f3n, Gabriela Olivella, expres\u00f3 que \u201clo que se plantea es entender que el juego es un derecho al igual que cualquier otro\u201d y agreg\u00f3 \u201cla idea es que a nivel nacional reivindiquemos el derecho al juego en los ni\u00f1os porque se entiende como algo constitutivo y fundante en los ni\u00f1os\u201d. &nbsp;<\/p>\n\n\n\n<p>\u201cInicia todo con una capacitaci\u00f3n, que intentar\u00e1 incluir, no s\u00f3lo a trabajadores del \u00e1rea de ni\u00f1ez, sino que incluir\u00e1 a otros \u00e1mbitos para que todos tomemos conciencia lo que implica este derecho. Y como conclusi\u00f3n, presentar un proyecto a nivel local\u201d apunt\u00f3 Olivella. &nbsp;<\/p>\n\n\n\n<p>Asimismo, directora de Ni\u00f1ez y adolescencia manifest\u00f3 \u201cdesde un primer momento -de la gesti\u00f3n del Dr. Ustarroz- tuvimos esta mirada de estimulaci\u00f3n en los ni\u00f1os, en los EPI, en la creaci\u00f3n de Estaci\u00f3n Juego, es decir, una bater\u00eda de acciones que nos transformaron en pioneros y que sostuvieron estas pol\u00edticas en a\u00f1os anteriores donde desde los Gobiernos Provinciales y Nacionales solo se pensaba en recortar\u201d y a\u00f1adi\u00f3 \u201cEsto un orgullo que nuestra ciudad haya sido seleccionada, porque insisto, tenemos una pol\u00edtica de ni\u00f1ez que intenta por todos los medios trabajar en clave y en perspectiva de los derechos de los ni\u00f1os y los adolescentes\u201d.<\/p>\n\n\n\n<p>\u201cSe comienza con una etapa de mapeo o diagn\u00f3stico, donde nosotros les contamos lo que ya tenemos en la ciudad. Y una vez que se termina esa etapa, comenzamos con la capacitaci\u00f3n para luego finalizar con el proyecto y buscando su implementaci\u00f3n\u201d se\u00f1al\u00f3 Olivella y destac\u00f3 \u201cser convocado para nosotros es claramente un orgullo y un desaf\u00edo, el objetivo, adem\u00e1s, es que este programa pueda ser replicado en toda la Argentina y sea una de las herramientas que tengamos como pa\u00eds para afrontar todo lo que se viene luego de la pandemia\u201d. \u00a0<\/p>\n\n\n\n<p>Fuente Prensa Municipal<\/p>\n","protected":false},"excerpt":{"rendered":"<p>La ciudad de Mercedes fue elegida dentro de 14 municipios del pa\u00eds para llevar adelante el programa denominado JUGar. Esta &#8230; <a title=\"Mercedes seleccionada entre 14 ciudades del pa\u00eds para ser parte del Programa \u201cJugAR\u201d\" class=\"read-more\" href=\"https:\/\/www.hoymercedes.com.ar\/principal\/2020\/10\/03\/mercedes-seleccionada-entre-14-ciudades-del-pais-para-ser-parte-del-programa-jugar\/\" aria-label=\"Leer m\u00e1s sobre Mercedes seleccionada entre 14 ciudades del pa\u00eds para ser parte del Programa \u201cJugAR\u201d\">Leer m\u00e1s<\/a><\/p>\n","protected":false},"author":5,"featured_media":117875,"comment_status":"closed","ping_status":"open","sticky":false,"template":"","format":"standard","meta":{"_monsterinsights_skip_tracking":false,"_monsterinsights_sitenote_active":false,"_monsterinsights_sitenote_note":"","_monsterinsights_sitenote_category":0,"jetpack_post_was_ever_published":false,"_jetpack_newsletter_access":"","_jetpack_dont_email_post_to_subs":false,"_jetpack_newsletter_tier_id":0,"_jetpack_memberships_contains_paywalled_content":false,"_jetpack_memberships_contains_paid_content":false,"footnotes":"","jetpack_publicize_message":"","jetpack_publicize_feature_enabled":true,"jetpack_social_post_already_shared":true,"jetpack_social_options":{"image_generator_settings":{"template":"highway","default_image_id":0,"font":"","enabled":false},"version":2},"_wpas_customize_per_network":false},"categories":[30],"tags":[],"class_list":["post-117874","post","type-post","status-publish","format-standard","has-post-thumbnail","hentry","category-municipio","generate-columns","tablet-grid-50","mobile-grid-100","grid-parent","grid-50"],"jetpack_publicize_connections":[],"jetpack_featured_media_url":"https:\/\/www.hoymercedes.com.ar\/principal\/wp-content\/uploads\/2020\/10\/902.jpeg","wps_subtitle":"Ni\u00f1ez y adolescencia","jetpack_sharing_enabled":true,"_links":{"self":[{"href":"https:\/\/www.hoymercedes.com.ar\/principal\/wp-json\/wp\/v2\/posts\/117874","targetHints":{"allow":["GET"]}}],"collection":[{"href":"https:\/\/www.hoymercedes.com.ar\/principal\/wp-json\/wp\/v2\/posts"}],"about":[{"href":"https:\/\/www.hoymercedes.com.ar\/principal\/wp-json\/wp\/v2\/types\/post"}],"author":[{"embeddable":true,"href":"https:\/\/www.hoymercedes.com.ar\/principal\/wp-json\/wp\/v2\/users\/5"}],"replies":[{"embeddable":true,"href":"https:\/\/www.hoymercedes.com.ar\/principal\/wp-json\/wp\/v2\/comments?post=117874"}],"version-history":[{"count":0,"href":"https:\/\/www.hoymercedes.com.ar\/principal\/wp-json\/wp\/v2\/posts\/117874\/revisions"}],"wp:featuredmedia":[{"embeddable":true,"href":"https:\/\/www.hoymercedes.com.ar\/principal\/wp-json\/wp\/v2\/media\/117875"}],"wp:attachment":[{"href":"https:\/\/www.hoymercedes.com.ar\/principal\/wp-json\/wp\/v2\/media?parent=117874"}],"wp:term":[{"taxonomy":"category","embeddable":true,"href":"https:\/\/www.hoymercedes.com.ar\/principal\/wp-json\/wp\/v2\/categories?post=117874"},{"taxonomy":"post_tag","embeddable":true,"href":"https:\/\/www.hoymercedes.com.ar\/principal\/wp-json\/wp\/v2\/tags?post=117874"}],"curies":[{"name":"wp","href":"https:\/\/api.w.org\/{rel}","templated":true}]}}