{"id":117890,"date":"2020-10-04T10:21:53","date_gmt":"2020-10-04T13:21:53","guid":{"rendered":"http:\/\/www.hoymercedes.com.ar\/principal\/?p=117890"},"modified":"2020-10-04T14:19:27","modified_gmt":"2020-10-04T17:19:27","slug":"centro-de-diagnostico-cumplio-un-ano","status":"publish","type":"post","link":"https:\/\/www.hoymercedes.com.ar\/principal\/2020\/10\/04\/centro-de-diagnostico-cumplio-un-ano\/","title":{"rendered":"Centro de Diagn\u00f3stico cumpli\u00f3 un a\u00f1o"},"content":{"rendered":"\n<p>El Centro de Diagn\u00f3stico por Im\u00e1genes de Mercedes cumpli\u00f3 un a\u00f1o. Fue una construcci\u00f3n desde cero efectuada en la gesti\u00f3n anterior del Intendente Ustarroz. Con tecnolog\u00eda, profesionales, personal y un \u201cgran compromiso de cada trabajador y trabajadora\u201d. Casi 5000 pacientes fueron atendidos con m\u00e1s de 5600 placas realizadas y cientos de atenciones en el sector oftalmol\u00f3gico. \u00a0<\/p>\n\n\n\n<p>\u201cLa uni\u00f3n y esfuerzo de vecinos, instituciones, profesionales, trabajadoras y trabajadores municipales permiti\u00f3 hace un a\u00f1o inaugurar el Centro de Diagn\u00f3stico por Im\u00e1genes. Este dispositivo de cuidado de la salud es un orgullo para cada mercedino\u201d expres\u00f3 el intendente Ustarroz. &nbsp;<\/p>\n\n\n\n<p>Tambi\u00e9n aprovech\u00f3 para dar \u201cgracias a cada uno de los que d\u00eda a d\u00eda con compromiso, pasi\u00f3n y amor ya atendieron a casi 5000 pacientes, que son nuestros vecinos y vecinas, donde gracias a este dispositivo podemos acompa\u00f1arnos en el cuidado de su salud\u201d afirm\u00f3 el jefe comunal. &nbsp;<\/p>\n\n\n\n<p><strong>A\u00f1o atr\u00e1s &nbsp;<\/strong><\/p>\n\n\n\n<p>Hace un a\u00f1o se inauguraba con una \u201cfiesta\u201d donde participaron instituciones, trabajadores, funcionarios, y sobre todo una gran participaci\u00f3n de vecinos. Ese d\u00eda Cassiani destacaba que \u201ces producto de la madurez de un gran equipo de trabajo que promediando los primeros 4 a\u00f1os de gesti\u00f3n inauguramos esta obra que es monumental no s\u00f3lo en t\u00e9rminos arquitect\u00f3nicos sino principalmente porque est\u00e1 llena de servicios de salud\u201d. &nbsp;<\/p>\n\n\n\n<p>Aquel sentido d\u00eda el jefe comunal tambi\u00e9n expresaba que \u201ces una tarde muy feliz. Es una imagen muy potente, muy esperanzadora, ver a instituciones, sociedades de fomentos, colegios de profesionales, vecinos, trabajadores y trabajadores conformando este gran c\u00edrculo que expone un concepto que es la unidad, donde Primero Mercedes es esto, es ser capaces en ponernos de acuerdo en los temas importante y avanzar escuchando, planificando y fundamentalmente haciendo\u201d afirm\u00f3 al iniciar sus palabras el jefe comunal.<\/p>\n\n\n\n<p><strong>Presente &nbsp;<\/strong><\/p>\n\n\n\n<p>Este viernes \u00faltimo, los trabajadores recibieron la visita del flamante secretario de salud, el m\u00e9dico pediatra N\u00e9stor Pisapia y la Lic. Marianela Arenillas, actuales responsables del \u00e1rea, donde adem\u00e1s de compartir un momento de trabajo recibieron las felicitaciones y agradecimiento por parte del mencionado profesional. &nbsp;<\/p>\n\n\n\n<p><strong>Datos &nbsp;<\/strong><\/p>\n\n\n\n<p>El Centro de Diagn\u00f3stico es un edificio construido desde cero en un terreno recuperado por la actual gesti\u00f3n. All\u00ed se emplaz\u00f3 la obra realizada con recursos municipales que permiti\u00f3 en menos de un a\u00f1o atender casi 5000 vecinos, con m\u00e1s de 5600 placas realizadas y m\u00e1s de mil anteojos entregados en lo que es Consultorio Oftalmol\u00f3gico Municipal que desde hace meses tambi\u00e9n funciona all\u00ed. &nbsp;<\/p>\n\n\n\n<p>Actualmente, alberga en el marco de la crisis suscitada por la pandemia del coronavirus el Centro de Teleseguimiendo Municipal con m\u00e1s de 90 teleoperadores socio sanitarios, mientras que con todos los protocolos correspondientes contin\u00faan realiz\u00e1ndose atenciones y cuidados a la salud de los vecinos y vecinas. &nbsp;<\/p>\n","protected":false},"excerpt":{"rendered":"<p>El Centro de Diagn\u00f3stico por Im\u00e1genes de Mercedes cumpli\u00f3 un a\u00f1o. Fue una construcci\u00f3n desde cero efectuada en la gesti\u00f3n &#8230; <a title=\"Centro de Diagn\u00f3stico cumpli\u00f3 un a\u00f1o\" class=\"read-more\" href=\"https:\/\/www.hoymercedes.com.ar\/principal\/2020\/10\/04\/centro-de-diagnostico-cumplio-un-ano\/\" aria-label=\"Leer m\u00e1s sobre Centro de Diagn\u00f3stico cumpli\u00f3 un a\u00f1o\">Leer m\u00e1s<\/a><\/p>\n","protected":false},"author":1,"featured_media":117891,"comment_status":"closed","ping_status":"open","sticky":false,"template":"","format":"standard","meta":{"_monsterinsights_skip_tracking":false,"_monsterinsights_sitenote_active":false,"_monsterinsights_sitenote_note":"","_monsterinsights_sitenote_category":0,"jetpack_post_was_ever_published":false,"_jetpack_newsletter_access":"","_jetpack_dont_email_post_to_subs":false,"_jetpack_newsletter_tier_id":0,"_jetpack_memberships_contains_paywalled_content":false,"_jetpack_memberships_contains_paid_content":false,"footnotes":"","jetpack_publicize_message":"","jetpack_publicize_feature_enabled":true,"jetpack_social_post_already_shared":true,"jetpack_social_options":{"image_generator_settings":{"template":"highway","default_image_id":0,"font":"","enabled":false},"version":2},"_wpas_customize_per_network":false},"categories":[30],"tags":[8829,13797,244],"class_list":["post-117890","post","type-post","status-publish","format-standard","has-post-thumbnail","hentry","category-municipio","tag-aniversario","tag-centro-de-diagnostico","tag-municipio-2","generate-columns","tablet-grid-50","mobile-grid-100","grid-parent","grid-50"],"jetpack_publicize_connections":[],"jetpack_featured_media_url":"https:\/\/www.hoymercedes.com.ar\/principal\/wp-content\/uploads\/2020\/10\/DSC00854.jpg","wps_subtitle":"Salud municipal","jetpack_sharing_enabled":true,"_links":{"self":[{"href":"https:\/\/www.hoymercedes.com.ar\/principal\/wp-json\/wp\/v2\/posts\/117890","targetHints":{"allow":["GET"]}}],"collection":[{"href":"https:\/\/www.hoymercedes.com.ar\/principal\/wp-json\/wp\/v2\/posts"}],"about":[{"href":"https:\/\/www.hoymercedes.com.ar\/principal\/wp-json\/wp\/v2\/types\/post"}],"author":[{"embeddable":true,"href":"https:\/\/www.hoymercedes.com.ar\/principal\/wp-json\/wp\/v2\/users\/1"}],"replies":[{"embeddable":true,"href":"https:\/\/www.hoymercedes.com.ar\/principal\/wp-json\/wp\/v2\/comments?post=117890"}],"version-history":[{"count":0,"href":"https:\/\/www.hoymercedes.com.ar\/principal\/wp-json\/wp\/v2\/posts\/117890\/revisions"}],"wp:featuredmedia":[{"embeddable":true,"href":"https:\/\/www.hoymercedes.com.ar\/principal\/wp-json\/wp\/v2\/media\/117891"}],"wp:attachment":[{"href":"https:\/\/www.hoymercedes.com.ar\/principal\/wp-json\/wp\/v2\/media?parent=117890"}],"wp:term":[{"taxonomy":"category","embeddable":true,"href":"https:\/\/www.hoymercedes.com.ar\/principal\/wp-json\/wp\/v2\/categories?post=117890"},{"taxonomy":"post_tag","embeddable":true,"href":"https:\/\/www.hoymercedes.com.ar\/principal\/wp-json\/wp\/v2\/tags?post=117890"}],"curies":[{"name":"wp","href":"https:\/\/api.w.org\/{rel}","templated":true}]}}