{"id":117909,"date":"2020-10-04T13:00:30","date_gmt":"2020-10-04T16:00:30","guid":{"rendered":"http:\/\/www.hoymercedes.com.ar\/principal\/?p=117909"},"modified":"2020-10-04T13:56:09","modified_gmt":"2020-10-04T16:56:09","slug":"realizan-cambios-en-la-red-cloacald-el-barrio-villa-del-parque","status":"publish","type":"post","link":"https:\/\/www.hoymercedes.com.ar\/principal\/2020\/10\/04\/realizan-cambios-en-la-red-cloacald-el-barrio-villa-del-parque\/","title":{"rendered":"Realizan cambios en la red cloacal del Barrio Villa del Parque"},"content":{"rendered":"\n<p>El intendente Ustarroz recorri\u00f3 el avance de la obra de recambio y mejora en la red cloacal de barrio Villa del Parque. Esto mejorar\u00e1 considerablemente el bienestar de los vecinos permitiendo una mejor prestaci\u00f3n de los servicios p\u00fablicos. Fomenta el trabajo mercedino y permite mantener la infraestructura.<\/p>\n\n\n\n<div class=\"wp-block-image\"><figure class=\"aligncenter size-large\"><img loading=\"lazy\" decoding=\"async\" width=\"800\" height=\"534\" data-attachment-id=\"117910\" data-permalink=\"https:\/\/www.hoymercedes.com.ar\/principal\/2020\/10\/04\/realizan-cambios-en-la-red-cloacald-el-barrio-villa-del-parque\/cloacas-calle-48-y-escolta-2\/#main\" data-orig-file=\"https:\/\/www.hoymercedes.com.ar\/principal\/wp-content\/uploads\/2020\/10\/cloacas-calle-48-y-escolta-2.jpg\" data-orig-size=\"800,534\" data-comments-opened=\"0\" data-image-meta=\"{&quot;aperture&quot;:&quot;0&quot;,&quot;credit&quot;:&quot;&quot;,&quot;camera&quot;:&quot;&quot;,&quot;caption&quot;:&quot;&quot;,&quot;created_timestamp&quot;:&quot;1601818788&quot;,&quot;copyright&quot;:&quot;&quot;,&quot;focal_length&quot;:&quot;0&quot;,&quot;iso&quot;:&quot;0&quot;,&quot;shutter_speed&quot;:&quot;0&quot;,&quot;title&quot;:&quot;&quot;,&quot;orientation&quot;:&quot;1&quot;}\" data-image-title=\"cloacas calle 48 y escolta 2\" data-image-description=\"\" data-image-caption=\"\" data-large-file=\"https:\/\/www.hoymercedes.com.ar\/principal\/wp-content\/uploads\/2020\/10\/cloacas-calle-48-y-escolta-2.jpg\" src=\"https:\/\/www.hoymercedes.com.ar\/principal\/wp-content\/uploads\/2020\/10\/cloacas-calle-48-y-escolta-2.jpg\" alt=\"\" class=\"wp-image-117910\" srcset=\"https:\/\/www.hoymercedes.com.ar\/principal\/wp-content\/uploads\/2020\/10\/cloacas-calle-48-y-escolta-2.jpg 800w, https:\/\/www.hoymercedes.com.ar\/principal\/wp-content\/uploads\/2020\/10\/cloacas-calle-48-y-escolta-2-630x421.jpg 630w, https:\/\/www.hoymercedes.com.ar\/principal\/wp-content\/uploads\/2020\/10\/cloacas-calle-48-y-escolta-2-150x100.jpg 150w\" sizes=\"auto, (max-width: 800px) 100vw, 800px\" \/><\/figure><\/div>\n\n\n\n<p>El intendente Juan Ignacio Ustarroz expres\u00f3 \u201ces una obra que tiene que ver con mejorar el servicio de cloacas en este barrio Villa del Parque\u201d y a\u00f1adi\u00f3 \u201csabemos que en nuestra ciudad existe un sistema de cloacas muy viejo, hay dificultades en varios lugares, pero de a poco, en la medida de nuestras posibilidades, vamos arreglando los problemas que se van presentando\u201d.<\/p>\n\n\n\n<p>Asimismo, Ustarroz destac\u00f3 \u201cquien lo est\u00e1 llevando adelante es una empresa familiar de Mercedes que hace muchos a\u00f1os trabaja para el Municipio y para la comunidad, entonces cuando se hacen obras, no s\u00f3lo mejora la prestaci\u00f3n de los servicios, sino tambi\u00e9n, genera trabajo\u201d y apunt\u00f3 \u201cla obra p\u00fablica en estos tiempos de crisis tiene ese gran objetivo, mejorar la calidad de vida de los vecinos, pero tambi\u00e9n impulsar y poner en marcha la industria de la construcci\u00f3n que es tan importante\u201d.<\/p>\n\n\n\n<p>\u201cLa verdad que muy contentos, esto lo estamos haciendo con recursos municipales, y estamos pr\u00f3ximos a lanzar una licitaci\u00f3n para una muy importante obra del colector cloacal sur que comprende el barrio Villa Industrial Este, Oeste y Lomas del Pac\u00edfico. En noviembre se estar\u00e1 abriendo esa licitaci\u00f3n de una inversi\u00f3n muy grande, en la cual contamos con el apoyo y el acompa\u00f1amiento del Estado Nacional, luego de lo firmado con el Ministro de Obras P\u00fablicas de la Naci\u00f3n, Gabriel Katopodis en la que medi\u00f3 el ministro del Interior Eduardo De Pedro\u201d subray\u00f3 el intendente Ustarroz.<\/p>\n\n\n\n<p>Ustarroz defini\u00f3 \u201ccreo que esto es muy importante porque habla a las claras de un trabajo mancomunado entre el Estado Nacional, Provincial, el Municipio y la comunidad de Mercedes\u201d y sostuvo \u201centre todos vamos a poder salir de esta situaci\u00f3n cr\u00edtica que nos ha impuesto la pandemia, con mucho trabajo, esfuerzo y unidad\u201d.<\/p>\n\n\n\n<p>El Secretario de Obras P\u00fablicas, Arquitecto Emanuel P\u00e9rez Carrera se\u00f1al\u00f3 \u201cestamos haciendo una obra importante de cloacas, son dos cuadras en las que estamos haciendo la nueva tirada de las ca\u00f1er\u00edas, es decir, una reconstituci\u00f3n de red de cloaca y la conexi\u00f3n de cada frentista\u201d y agreg\u00f3 \u201clas hacemos sobre la vereda, intentando hacer las m\u00ednimas roturas posibles\u201d.<\/p>\n","protected":false},"excerpt":{"rendered":"<p>El intendente Ustarroz recorri\u00f3 el avance de la obra de recambio y mejora en la red cloacal de barrio Villa &#8230; <a title=\"Realizan cambios en la red cloacal del Barrio Villa del Parque\" class=\"read-more\" href=\"https:\/\/www.hoymercedes.com.ar\/principal\/2020\/10\/04\/realizan-cambios-en-la-red-cloacald-el-barrio-villa-del-parque\/\" aria-label=\"Leer m\u00e1s sobre Realizan cambios en la red cloacal del Barrio Villa del Parque\">Leer m\u00e1s<\/a><\/p>\n","protected":false},"author":1,"featured_media":117910,"comment_status":"closed","ping_status":"open","sticky":false,"template":"","format":"standard","meta":{"_monsterinsights_skip_tracking":false,"_monsterinsights_sitenote_active":false,"_monsterinsights_sitenote_note":"","_monsterinsights_sitenote_category":0,"jetpack_post_was_ever_published":false,"_jetpack_newsletter_access":"","_jetpack_dont_email_post_to_subs":false,"_jetpack_newsletter_tier_id":0,"_jetpack_memberships_contains_paywalled_content":false,"_jetpack_memberships_contains_paid_content":false,"footnotes":"","jetpack_publicize_message":"","jetpack_publicize_feature_enabled":true,"jetpack_social_post_already_shared":true,"jetpack_social_options":{"image_generator_settings":{"template":"highway","default_image_id":0,"font":"","enabled":false},"version":2},"_wpas_customize_per_network":false},"categories":[30],"tags":[600,244,5947],"class_list":["post-117909","post","type-post","status-publish","format-standard","has-post-thumbnail","hentry","category-municipio","tag-barrios","tag-municipio-2","tag-obras-publicas","generate-columns","tablet-grid-50","mobile-grid-100","grid-parent","grid-50"],"jetpack_publicize_connections":[],"jetpack_featured_media_url":"https:\/\/www.hoymercedes.com.ar\/principal\/wp-content\/uploads\/2020\/10\/cloacas-calle-48-y-escolta-2.jpg","wps_subtitle":"Informe muncipal","jetpack_sharing_enabled":true,"_links":{"self":[{"href":"https:\/\/www.hoymercedes.com.ar\/principal\/wp-json\/wp\/v2\/posts\/117909","targetHints":{"allow":["GET"]}}],"collection":[{"href":"https:\/\/www.hoymercedes.com.ar\/principal\/wp-json\/wp\/v2\/posts"}],"about":[{"href":"https:\/\/www.hoymercedes.com.ar\/principal\/wp-json\/wp\/v2\/types\/post"}],"author":[{"embeddable":true,"href":"https:\/\/www.hoymercedes.com.ar\/principal\/wp-json\/wp\/v2\/users\/1"}],"replies":[{"embeddable":true,"href":"https:\/\/www.hoymercedes.com.ar\/principal\/wp-json\/wp\/v2\/comments?post=117909"}],"version-history":[{"count":0,"href":"https:\/\/www.hoymercedes.com.ar\/principal\/wp-json\/wp\/v2\/posts\/117909\/revisions"}],"wp:featuredmedia":[{"embeddable":true,"href":"https:\/\/www.hoymercedes.com.ar\/principal\/wp-json\/wp\/v2\/media\/117910"}],"wp:attachment":[{"href":"https:\/\/www.hoymercedes.com.ar\/principal\/wp-json\/wp\/v2\/media?parent=117909"}],"wp:term":[{"taxonomy":"category","embeddable":true,"href":"https:\/\/www.hoymercedes.com.ar\/principal\/wp-json\/wp\/v2\/categories?post=117909"},{"taxonomy":"post_tag","embeddable":true,"href":"https:\/\/www.hoymercedes.com.ar\/principal\/wp-json\/wp\/v2\/tags?post=117909"}],"curies":[{"name":"wp","href":"https:\/\/api.w.org\/{rel}","templated":true}]}}