{"id":117951,"date":"2020-10-05T10:16:57","date_gmt":"2020-10-05T13:16:57","guid":{"rendered":"http:\/\/www.hoymercedes.com.ar\/principal\/?p=117951"},"modified":"2020-10-05T10:17:04","modified_gmt":"2020-10-05T13:17:04","slug":"la-trocha-cumplio-5-anos-como-complejo-cultural","status":"publish","type":"post","link":"https:\/\/www.hoymercedes.com.ar\/principal\/2020\/10\/05\/la-trocha-cumplio-5-anos-como-complejo-cultural\/","title":{"rendered":"La Trocha cumpli\u00f3 5 a\u00f1os como Complejo Cultural"},"content":{"rendered":"\n<figure class=\"wp-block-image size-large\"><img loading=\"lazy\" decoding=\"async\" width=\"1024\" height=\"681\" data-attachment-id=\"117952\" data-permalink=\"https:\/\/www.hoymercedes.com.ar\/principal\/2020\/10\/05\/la-trocha-cumplio-5-anos-como-complejo-cultural\/trocha-inauguracion-4\/#main\" data-orig-file=\"https:\/\/www.hoymercedes.com.ar\/principal\/wp-content\/uploads\/2020\/10\/trocha-inauguracion.4.jpg\" data-orig-size=\"1280,851\" data-comments-opened=\"0\" data-image-meta=\"{&quot;aperture&quot;:&quot;0&quot;,&quot;credit&quot;:&quot;&quot;,&quot;camera&quot;:&quot;&quot;,&quot;caption&quot;:&quot;&quot;,&quot;created_timestamp&quot;:&quot;0&quot;,&quot;copyright&quot;:&quot;&quot;,&quot;focal_length&quot;:&quot;0&quot;,&quot;iso&quot;:&quot;0&quot;,&quot;shutter_speed&quot;:&quot;0&quot;,&quot;title&quot;:&quot;&quot;,&quot;orientation&quot;:&quot;0&quot;}\" data-image-title=\"trocha-inauguracion.4\" data-image-description=\"\" data-image-caption=\"\" data-large-file=\"https:\/\/www.hoymercedes.com.ar\/principal\/wp-content\/uploads\/2020\/10\/trocha-inauguracion.4-1024x681.jpg\" src=\"https:\/\/www.hoymercedes.com.ar\/principal\/wp-content\/uploads\/2020\/10\/trocha-inauguracion.4-1024x681.jpg\" alt=\"\" class=\"wp-image-117952\" srcset=\"https:\/\/www.hoymercedes.com.ar\/principal\/wp-content\/uploads\/2020\/10\/trocha-inauguracion.4-1024x681.jpg 1024w, https:\/\/www.hoymercedes.com.ar\/principal\/wp-content\/uploads\/2020\/10\/trocha-inauguracion.4-630x419.jpg 630w, https:\/\/www.hoymercedes.com.ar\/principal\/wp-content\/uploads\/2020\/10\/trocha-inauguracion.4-150x100.jpg 150w, https:\/\/www.hoymercedes.com.ar\/principal\/wp-content\/uploads\/2020\/10\/trocha-inauguracion.4-700x465.jpg 700w, https:\/\/www.hoymercedes.com.ar\/principal\/wp-content\/uploads\/2020\/10\/trocha-inauguracion.4.jpg 1280w\" sizes=\"auto, (max-width: 1024px) 100vw, 1024px\" \/><\/figure>\n\n\n\n<p>La Trocha cumpli\u00f3 5 a\u00f1os de su inauguraci\u00f3n como Complejo Cultural. Fue en aquel entonces con una fiesta con m\u00faltiples atractivos. Wado de Pedro hab\u00eda impulsado desde la secretar\u00eda general de la presidencia las obras que durante meses permitieron recuperar el predio para los mercedinos. Quedaba atr\u00e1s el peligro y el descuido general en que se encontraba la zona.<\/p>\n\n\n\n<p>Iluminaci\u00f3n, limpieza, nuevas infraestructuras, recuperaci\u00f3n de las existentes, fueron parte de las novedades que desde ese d\u00eda empezamos a disfrutar los vecinos y vecinas.<\/p>\n\n\n\n<figure class=\"wp-block-image size-large\"><img loading=\"lazy\" decoding=\"async\" width=\"1024\" height=\"681\" data-attachment-id=\"117953\" data-permalink=\"https:\/\/www.hoymercedes.com.ar\/principal\/2020\/10\/05\/la-trocha-cumplio-5-anos-como-complejo-cultural\/trocha-inauguracion-2\/#main\" data-orig-file=\"https:\/\/www.hoymercedes.com.ar\/principal\/wp-content\/uploads\/2020\/10\/trocha-inauguracion.2.jpg\" data-orig-size=\"1280,851\" data-comments-opened=\"0\" data-image-meta=\"{&quot;aperture&quot;:&quot;0&quot;,&quot;credit&quot;:&quot;&quot;,&quot;camera&quot;:&quot;&quot;,&quot;caption&quot;:&quot;&quot;,&quot;created_timestamp&quot;:&quot;0&quot;,&quot;copyright&quot;:&quot;&quot;,&quot;focal_length&quot;:&quot;0&quot;,&quot;iso&quot;:&quot;0&quot;,&quot;shutter_speed&quot;:&quot;0&quot;,&quot;title&quot;:&quot;&quot;,&quot;orientation&quot;:&quot;0&quot;}\" data-image-title=\"trocha-inauguracion.2\" data-image-description=\"\" data-image-caption=\"\" data-large-file=\"https:\/\/www.hoymercedes.com.ar\/principal\/wp-content\/uploads\/2020\/10\/trocha-inauguracion.2-1024x681.jpg\" src=\"https:\/\/www.hoymercedes.com.ar\/principal\/wp-content\/uploads\/2020\/10\/trocha-inauguracion.2-1024x681.jpg\" alt=\"\" class=\"wp-image-117953\" srcset=\"https:\/\/www.hoymercedes.com.ar\/principal\/wp-content\/uploads\/2020\/10\/trocha-inauguracion.2-1024x681.jpg 1024w, https:\/\/www.hoymercedes.com.ar\/principal\/wp-content\/uploads\/2020\/10\/trocha-inauguracion.2-630x419.jpg 630w, https:\/\/www.hoymercedes.com.ar\/principal\/wp-content\/uploads\/2020\/10\/trocha-inauguracion.2-150x100.jpg 150w, https:\/\/www.hoymercedes.com.ar\/principal\/wp-content\/uploads\/2020\/10\/trocha-inauguracion.2-700x465.jpg 700w, https:\/\/www.hoymercedes.com.ar\/principal\/wp-content\/uploads\/2020\/10\/trocha-inauguracion.2.jpg 1280w\" sizes=\"auto, (max-width: 1024px) 100vw, 1024px\" \/><\/figure>\n\n\n\n<p>Luego vinieron m\u00e1s mejoras y acondicionamientos a la obra central.<\/p>\n\n\n\n<p>Cada fin de semana una propuesta. Artesanos, feria, m\u00fasica, paseos, propuestas infantiles, juveniles, para adultos mayores, mercado sustentable, rock, tango, folklore, talleres culturales, rap, deportes, arte, museo, paseo de la infancia, plaza, mangrullo y un cuidado espacio al aire libre donde adem\u00e1s empez\u00f3 a funcionar la direcci\u00f3n de cultura para tener una vinculaci\u00f3n directa y constante para m\u00e1s adelante tambi\u00e9n sumar turismo, ya que desde ese d\u00eda no par\u00f3 de crear el inter\u00e9s de quienes visitan la ciudad de pasar por el hist\u00f3rico y embellecido predio. No debemos olvidar que Amigos del Belgrano con sus zorritas amenizaban muchas tardes familiares y por supuesto, el tren tur\u00edstico que ya tiene una formaci\u00f3n en Mercedes y los trabajos avanzan para tener quiz\u00e1s otra formaci\u00f3n y as\u00ed cumplir el sue\u00f1o de unir Jofr\u00e9 con el Parque Municipal.<\/p>\n\n\n\n<figure class=\"wp-block-image size-large\"><img loading=\"lazy\" decoding=\"async\" width=\"1024\" height=\"681\" data-attachment-id=\"117954\" data-permalink=\"https:\/\/www.hoymercedes.com.ar\/principal\/2020\/10\/05\/la-trocha-cumplio-5-anos-como-complejo-cultural\/trocha-inauguracion\/#main\" data-orig-file=\"https:\/\/www.hoymercedes.com.ar\/principal\/wp-content\/uploads\/2020\/10\/trocha-inauguracion.jpg\" data-orig-size=\"1280,851\" data-comments-opened=\"0\" data-image-meta=\"{&quot;aperture&quot;:&quot;0&quot;,&quot;credit&quot;:&quot;&quot;,&quot;camera&quot;:&quot;&quot;,&quot;caption&quot;:&quot;&quot;,&quot;created_timestamp&quot;:&quot;0&quot;,&quot;copyright&quot;:&quot;&quot;,&quot;focal_length&quot;:&quot;0&quot;,&quot;iso&quot;:&quot;0&quot;,&quot;shutter_speed&quot;:&quot;0&quot;,&quot;title&quot;:&quot;&quot;,&quot;orientation&quot;:&quot;0&quot;}\" data-image-title=\"trocha-inauguracion\" data-image-description=\"\" data-image-caption=\"\" data-large-file=\"https:\/\/www.hoymercedes.com.ar\/principal\/wp-content\/uploads\/2020\/10\/trocha-inauguracion-1024x681.jpg\" src=\"https:\/\/www.hoymercedes.com.ar\/principal\/wp-content\/uploads\/2020\/10\/trocha-inauguracion-1024x681.jpg\" alt=\"\" class=\"wp-image-117954\" srcset=\"https:\/\/www.hoymercedes.com.ar\/principal\/wp-content\/uploads\/2020\/10\/trocha-inauguracion-1024x681.jpg 1024w, https:\/\/www.hoymercedes.com.ar\/principal\/wp-content\/uploads\/2020\/10\/trocha-inauguracion-630x419.jpg 630w, https:\/\/www.hoymercedes.com.ar\/principal\/wp-content\/uploads\/2020\/10\/trocha-inauguracion-150x100.jpg 150w, https:\/\/www.hoymercedes.com.ar\/principal\/wp-content\/uploads\/2020\/10\/trocha-inauguracion-700x465.jpg 700w, https:\/\/www.hoymercedes.com.ar\/principal\/wp-content\/uploads\/2020\/10\/trocha-inauguracion.jpg 1280w\" sizes=\"auto, (max-width: 1024px) 100vw, 1024px\" \/><\/figure>\n\n\n\n<p>Previa a su inauguraci\u00f3n se ven\u00edan realizando actividades con miras a lo que hoy es un predio \u00fanico en la regi\u00f3n, destinado al entretenimiento, encuentro familiar, de amigos, educaci\u00f3n y cultura.<\/p>\n\n\n\n<p>\u201cPara nosotros es un gran orgullo haber recuperado este predio, donde unidos los sue\u00f1os de tantos vecinos y vecinos permitieron se convierta en un s\u00edmbolo del encuentro familiar\u201d afirm\u00f3 el intendente Ustarroz.<\/p>\n\n\n\n<p>Info: C.C La Trocha<\/p>\n","protected":false},"excerpt":{"rendered":"<p>La Trocha cumpli\u00f3 5 a\u00f1os de su inauguraci\u00f3n como Complejo Cultural. Fue en aquel entonces con una fiesta con m\u00faltiples &#8230; <a title=\"La Trocha cumpli\u00f3 5 a\u00f1os como Complejo Cultural\" class=\"read-more\" href=\"https:\/\/www.hoymercedes.com.ar\/principal\/2020\/10\/05\/la-trocha-cumplio-5-anos-como-complejo-cultural\/\" aria-label=\"Leer m\u00e1s sobre La Trocha cumpli\u00f3 5 a\u00f1os como Complejo Cultural\">Leer m\u00e1s<\/a><\/p>\n","protected":false},"author":1,"featured_media":117952,"comment_status":"closed","ping_status":"open","sticky":false,"template":"","format":"standard","meta":{"_monsterinsights_skip_tracking":false,"_monsterinsights_sitenote_active":false,"_monsterinsights_sitenote_note":"","_monsterinsights_sitenote_category":0,"jetpack_post_was_ever_published":false,"_jetpack_newsletter_access":"","_jetpack_dont_email_post_to_subs":false,"_jetpack_newsletter_tier_id":0,"_jetpack_memberships_contains_paywalled_content":false,"_jetpack_memberships_contains_paid_content":false,"footnotes":"","jetpack_publicize_message":"","jetpack_publicize_feature_enabled":true,"jetpack_social_post_already_shared":true,"jetpack_social_options":{"image_generator_settings":{"template":"highway","default_image_id":0,"font":"","enabled":false},"version":2},"_wpas_customize_per_network":false},"categories":[30],"tags":[1032,424],"class_list":["post-117951","post","type-post","status-publish","format-standard","has-post-thumbnail","hentry","category-municipio","tag-de-pedro","tag-ustarroz","generate-columns","tablet-grid-50","mobile-grid-100","grid-parent","grid-50"],"jetpack_publicize_connections":[],"jetpack_featured_media_url":"https:\/\/www.hoymercedes.com.ar\/principal\/wp-content\/uploads\/2020\/10\/trocha-inauguracion.4.jpg","wps_subtitle":"Predio recuperado ","jetpack_sharing_enabled":true,"_links":{"self":[{"href":"https:\/\/www.hoymercedes.com.ar\/principal\/wp-json\/wp\/v2\/posts\/117951","targetHints":{"allow":["GET"]}}],"collection":[{"href":"https:\/\/www.hoymercedes.com.ar\/principal\/wp-json\/wp\/v2\/posts"}],"about":[{"href":"https:\/\/www.hoymercedes.com.ar\/principal\/wp-json\/wp\/v2\/types\/post"}],"author":[{"embeddable":true,"href":"https:\/\/www.hoymercedes.com.ar\/principal\/wp-json\/wp\/v2\/users\/1"}],"replies":[{"embeddable":true,"href":"https:\/\/www.hoymercedes.com.ar\/principal\/wp-json\/wp\/v2\/comments?post=117951"}],"version-history":[{"count":0,"href":"https:\/\/www.hoymercedes.com.ar\/principal\/wp-json\/wp\/v2\/posts\/117951\/revisions"}],"wp:featuredmedia":[{"embeddable":true,"href":"https:\/\/www.hoymercedes.com.ar\/principal\/wp-json\/wp\/v2\/media\/117952"}],"wp:attachment":[{"href":"https:\/\/www.hoymercedes.com.ar\/principal\/wp-json\/wp\/v2\/media?parent=117951"}],"wp:term":[{"taxonomy":"category","embeddable":true,"href":"https:\/\/www.hoymercedes.com.ar\/principal\/wp-json\/wp\/v2\/categories?post=117951"},{"taxonomy":"post_tag","embeddable":true,"href":"https:\/\/www.hoymercedes.com.ar\/principal\/wp-json\/wp\/v2\/tags?post=117951"}],"curies":[{"name":"wp","href":"https:\/\/api.w.org\/{rel}","templated":true}]}}