{"id":117986,"date":"2020-10-06T10:38:49","date_gmt":"2020-10-06T13:38:49","guid":{"rendered":"http:\/\/www.hoymercedes.com.ar\/principal\/?p=117986"},"modified":"2020-10-06T15:21:09","modified_gmt":"2020-10-06T18:21:09","slug":"coronavirus-en-lujan-fallecieron-otros-dos-pacientes","status":"publish","type":"post","link":"https:\/\/www.hoymercedes.com.ar\/principal\/2020\/10\/06\/coronavirus-en-lujan-fallecieron-otros-dos-pacientes\/","title":{"rendered":"Coronavirus en Luj\u00e1n: Fallecieron otros dos pacientes"},"content":{"rendered":"\n<p><strong><em>Seg\u00fan informaron desde la Secretar\u00eda de Salud del Municipio de Luj\u00e1n, se trata de una mujer de 35 a\u00f1os que estaba internada en el Hospital y una se\u00f1ora de 94 a\u00f1os que se encontraba en un sanatorio privado. Por su parte, se confirmaron tan solo nueve casos positivos<\/em><\/strong>. <\/p>\n\n\n\n<p>En el informe oficial N\u00b0 203 de la Secretar\u00eda de Salud del Municipio de Luj\u00e1n, emitido este martes a la hora 7, comunicaron que en las \u00faltimas 24 horas se informaron los\u00a0fallecimientos de dos lujanenses con coronavirus.<\/p>\n\n\n\n<p>\u201cEl primer caso es una mujer de 35 a\u00f1os que padec\u00eda patolog\u00edas graves previas y se encontraba internada en el Hospital Municipal Nuestra Se\u00f1ora de Luj\u00e1n. El segundo caso es una mujer de 94 a\u00f1os que se hab\u00eda configurado como positivo el d\u00eda 14 de agosto y falleci\u00f3 en el mes de septiembre. La paciente se encontraba internada en un efector de salud privado en el partido de Luj\u00e1n\u201d, se\u00f1alaron.<\/p>\n\n\n\n<p>Por su parte, desde la cartera sanitario se\u00f1alaron que este lunes\u00a0se dieron de alta cuatro casos positivos\u00a0para Covid-19. A su vez,\u00a0se confirmaron tan solo nueve nuevos casos positivos\u00a0de coronavirus, los cuales est\u00e1n con aislamiento domiciliario. La \u00faltima vez que se hab\u00edan registrado menos de 10 casos fue el 4 de agosto, con ocho.<\/p>\n\n\n\n<p>Hasta el momento, el Partido de Luj\u00e1n registra 3.082 casos positivos (de los cuales 59 fallecieron, 1236 fueron dados de alta y 1.787 se encuentran en tratamiento) y 5.012 casos fueron descartados. Adem\u00e1s, en nuestra ciudad fallecieron dos personas provenientes de otros municipios.<\/p>\n\n\n\n<p>Fuente: Luj\u00e1n Hoy<\/p>\n","protected":false},"excerpt":{"rendered":"<p>Seg\u00fan informaron desde la Secretar\u00eda de Salud del Municipio de Luj\u00e1n, se trata de una mujer de 35 a\u00f1os que &#8230; <a title=\"Coronavirus en Luj\u00e1n: Fallecieron otros dos pacientes\" class=\"read-more\" href=\"https:\/\/www.hoymercedes.com.ar\/principal\/2020\/10\/06\/coronavirus-en-lujan-fallecieron-otros-dos-pacientes\/\" aria-label=\"Leer m\u00e1s sobre Coronavirus en Luj\u00e1n: Fallecieron otros dos pacientes\">Leer m\u00e1s<\/a><\/p>\n","protected":false},"author":1,"featured_media":107825,"comment_status":"closed","ping_status":"open","sticky":false,"template":"","format":"standard","meta":{"_monsterinsights_skip_tracking":false,"_monsterinsights_sitenote_active":false,"_monsterinsights_sitenote_note":"","_monsterinsights_sitenote_category":0,"jetpack_post_was_ever_published":false,"_jetpack_newsletter_access":"","_jetpack_dont_email_post_to_subs":false,"_jetpack_newsletter_tier_id":0,"_jetpack_memberships_contains_paywalled_content":false,"_jetpack_memberships_contains_paid_content":false,"footnotes":"","jetpack_publicize_message":"","jetpack_publicize_feature_enabled":true,"jetpack_social_post_already_shared":true,"jetpack_social_options":{"image_generator_settings":{"template":"highway","default_image_id":0,"font":"","enabled":false},"version":2},"_wpas_customize_per_network":false},"categories":[9791],"tags":[16175,16313,17167,86],"class_list":["post-117986","post","type-post","status-publish","format-standard","has-post-thumbnail","hentry","category-salud","tag-coronavirus","tag-covid-19","tag-fallecimientos-de-pacientes","tag-lujan","generate-columns","tablet-grid-50","mobile-grid-100","grid-parent","grid-50"],"jetpack_publicize_connections":[],"jetpack_featured_media_url":"https:\/\/www.hoymercedes.com.ar\/principal\/wp-content\/uploads\/2020\/03\/17-bas\u00edlica-lujan.jpg","wps_subtitle":"Pandemia en la regi\u00f3n","jetpack_sharing_enabled":true,"_links":{"self":[{"href":"https:\/\/www.hoymercedes.com.ar\/principal\/wp-json\/wp\/v2\/posts\/117986","targetHints":{"allow":["GET"]}}],"collection":[{"href":"https:\/\/www.hoymercedes.com.ar\/principal\/wp-json\/wp\/v2\/posts"}],"about":[{"href":"https:\/\/www.hoymercedes.com.ar\/principal\/wp-json\/wp\/v2\/types\/post"}],"author":[{"embeddable":true,"href":"https:\/\/www.hoymercedes.com.ar\/principal\/wp-json\/wp\/v2\/users\/1"}],"replies":[{"embeddable":true,"href":"https:\/\/www.hoymercedes.com.ar\/principal\/wp-json\/wp\/v2\/comments?post=117986"}],"version-history":[{"count":0,"href":"https:\/\/www.hoymercedes.com.ar\/principal\/wp-json\/wp\/v2\/posts\/117986\/revisions"}],"wp:featuredmedia":[{"embeddable":true,"href":"https:\/\/www.hoymercedes.com.ar\/principal\/wp-json\/wp\/v2\/media\/107825"}],"wp:attachment":[{"href":"https:\/\/www.hoymercedes.com.ar\/principal\/wp-json\/wp\/v2\/media?parent=117986"}],"wp:term":[{"taxonomy":"category","embeddable":true,"href":"https:\/\/www.hoymercedes.com.ar\/principal\/wp-json\/wp\/v2\/categories?post=117986"},{"taxonomy":"post_tag","embeddable":true,"href":"https:\/\/www.hoymercedes.com.ar\/principal\/wp-json\/wp\/v2\/tags?post=117986"}],"curies":[{"name":"wp","href":"https:\/\/api.w.org\/{rel}","templated":true}]}}