{"id":117989,"date":"2020-10-06T15:04:39","date_gmt":"2020-10-06T18:04:39","guid":{"rendered":"http:\/\/www.hoymercedes.com.ar\/principal\/?p=117989"},"modified":"2020-10-06T15:17:33","modified_gmt":"2020-10-06T18:17:33","slug":"convocan-a-movilizacion-para-el-lunes-12","status":"publish","type":"post","link":"https:\/\/www.hoymercedes.com.ar\/principal\/2020\/10\/06\/convocan-a-movilizacion-para-el-lunes-12\/","title":{"rendered":"Convocan a movilizaci\u00f3n para el lunes 12"},"content":{"rendered":"\n<p>Desde distintos perfiles de redes sociales e instituciones vincultadas con el campo como \u00abCampo + Ciudad\u00bb, convocan e invitan a la movilizaci\u00f3n del lunes 12 de octubre, a partir de la hora 17. La propuesta es que los que puedan movilizarse en veh\u00edculos se acerquen al play\u00f3n de La Trocha para iniciar la caravana, y quienes lo deseen se hagan presentes en la Plaza San Mart\u00edn hasta donde llegar\u00e1 la caravana en el marco del recorrido a\u00fan no definido. <\/p>\n\n\n\n<div class=\"wp-block-image\"><figure class=\"aligncenter size-large\"><img loading=\"lazy\" decoding=\"async\" width=\"800\" height=\"730\" data-attachment-id=\"118039\" data-permalink=\"https:\/\/www.hoymercedes.com.ar\/principal\/06-marcha\/\" data-orig-file=\"https:\/\/www.hoymercedes.com.ar\/principal\/wp-content\/uploads\/2020\/10\/06-marcha.jpg\" data-orig-size=\"800,730\" data-comments-opened=\"0\" data-image-meta=\"{&quot;aperture&quot;:&quot;0&quot;,&quot;credit&quot;:&quot;&quot;,&quot;camera&quot;:&quot;&quot;,&quot;caption&quot;:&quot;&quot;,&quot;created_timestamp&quot;:&quot;0&quot;,&quot;copyright&quot;:&quot;&quot;,&quot;focal_length&quot;:&quot;0&quot;,&quot;iso&quot;:&quot;0&quot;,&quot;shutter_speed&quot;:&quot;0&quot;,&quot;title&quot;:&quot;&quot;,&quot;orientation&quot;:&quot;0&quot;}\" data-image-title=\"06 marcha\" data-image-description=\"\" data-image-caption=\"\" data-large-file=\"https:\/\/www.hoymercedes.com.ar\/principal\/wp-content\/uploads\/2020\/10\/06-marcha.jpg\" src=\"https:\/\/www.hoymercedes.com.ar\/principal\/wp-content\/uploads\/2020\/10\/06-marcha.jpg\" alt=\"\" class=\"wp-image-118039\" srcset=\"https:\/\/www.hoymercedes.com.ar\/principal\/wp-content\/uploads\/2020\/10\/06-marcha.jpg 800w, https:\/\/www.hoymercedes.com.ar\/principal\/wp-content\/uploads\/2020\/10\/06-marcha-630x575.jpg 630w, https:\/\/www.hoymercedes.com.ar\/principal\/wp-content\/uploads\/2020\/10\/06-marcha-150x137.jpg 150w\" sizes=\"auto, (max-width: 800px) 100vw, 800px\" \/><\/figure><\/div>\n\n\n\n<p>A trav\u00e9s de una promoci\u00f3n que sale desde la agrupaci\u00f3n \u00abCampo + Ciudad\u00bb invitan a los vecinos a reclamar ante diferentes acciones del gobierno nacional que, de acuerdo a la perspectiva de los convocantes, perjudica a la Rep\u00fablica Argentina. \u00abLa hora de los patriotas\u00bb, expresa la convocatoria para inicar la caravana a la hora 17 en La Trocha. <\/p>\n\n\n\n<p>\u00abEl circuito todav\u00eda no est\u00e1 determinado, lo que s\u00ed ya est\u00e1 claro es que tanto quienes vayan a pie como quienes est\u00e9mos en la caravana nos juntaremos en la Plaza San Mart\u00edn\u00bb, adelant\u00f3 el productor agropecuario Mart\u00edn Bossi, integrante tambi\u00e9n de \u00abCampo + Ciudad\u00bb<\/p>\n","protected":false},"excerpt":{"rendered":"<p>Desde distintos perfiles de redes sociales e instituciones vincultadas con el campo como \u00abCampo + Ciudad\u00bb, convocan e invitan a &#8230; <a title=\"Convocan a movilizaci\u00f3n para el lunes 12\" class=\"read-more\" href=\"https:\/\/www.hoymercedes.com.ar\/principal\/2020\/10\/06\/convocan-a-movilizacion-para-el-lunes-12\/\" aria-label=\"Leer m\u00e1s sobre Convocan a movilizaci\u00f3n para el lunes 12\">Leer m\u00e1s<\/a><\/p>\n","protected":false},"author":1,"featured_media":118039,"comment_status":"closed","ping_status":"open","sticky":false,"template":"","format":"standard","meta":{"_monsterinsights_skip_tracking":false,"_monsterinsights_sitenote_active":false,"_monsterinsights_sitenote_note":"","_monsterinsights_sitenote_category":0,"jetpack_post_was_ever_published":false,"_jetpack_newsletter_access":"","_jetpack_dont_email_post_to_subs":false,"_jetpack_newsletter_tier_id":0,"_jetpack_memberships_contains_paywalled_content":false,"_jetpack_memberships_contains_paid_content":false,"footnotes":"","jetpack_publicize_message":"","jetpack_publicize_feature_enabled":true,"jetpack_social_post_already_shared":true,"jetpack_social_options":{"image_generator_settings":{"template":"highway","default_image_id":0,"font":"","enabled":false},"version":2},"_wpas_customize_per_network":false},"categories":[8],"tags":[9168,9256,17165],"class_list":["post-117989","post","type-post","status-publish","format-standard","has-post-thumbnail","hentry","category-sociedad","tag-convocatoria","tag-movilizacion","tag-oposicion-al-gobierno","generate-columns","tablet-grid-50","mobile-grid-100","grid-parent","grid-50"],"jetpack_publicize_connections":[],"jetpack_featured_media_url":"https:\/\/www.hoymercedes.com.ar\/principal\/wp-content\/uploads\/2020\/10\/06-marcha.jpg","wps_subtitle":"Para el lunes feriado","jetpack_sharing_enabled":true,"_links":{"self":[{"href":"https:\/\/www.hoymercedes.com.ar\/principal\/wp-json\/wp\/v2\/posts\/117989","targetHints":{"allow":["GET"]}}],"collection":[{"href":"https:\/\/www.hoymercedes.com.ar\/principal\/wp-json\/wp\/v2\/posts"}],"about":[{"href":"https:\/\/www.hoymercedes.com.ar\/principal\/wp-json\/wp\/v2\/types\/post"}],"author":[{"embeddable":true,"href":"https:\/\/www.hoymercedes.com.ar\/principal\/wp-json\/wp\/v2\/users\/1"}],"replies":[{"embeddable":true,"href":"https:\/\/www.hoymercedes.com.ar\/principal\/wp-json\/wp\/v2\/comments?post=117989"}],"version-history":[{"count":0,"href":"https:\/\/www.hoymercedes.com.ar\/principal\/wp-json\/wp\/v2\/posts\/117989\/revisions"}],"wp:featuredmedia":[{"embeddable":true,"href":"https:\/\/www.hoymercedes.com.ar\/principal\/wp-json\/wp\/v2\/media\/118039"}],"wp:attachment":[{"href":"https:\/\/www.hoymercedes.com.ar\/principal\/wp-json\/wp\/v2\/media?parent=117989"}],"wp:term":[{"taxonomy":"category","embeddable":true,"href":"https:\/\/www.hoymercedes.com.ar\/principal\/wp-json\/wp\/v2\/categories?post=117989"},{"taxonomy":"post_tag","embeddable":true,"href":"https:\/\/www.hoymercedes.com.ar\/principal\/wp-json\/wp\/v2\/tags?post=117989"}],"curies":[{"name":"wp","href":"https:\/\/api.w.org\/{rel}","templated":true}]}}