{"id":118009,"date":"2020-10-06T12:30:34","date_gmt":"2020-10-06T15:30:34","guid":{"rendered":"http:\/\/www.hoymercedes.com.ar\/principal\/?p=118009"},"modified":"2020-10-06T15:18:31","modified_gmt":"2020-10-06T18:18:31","slug":"beneficiarios-del-potenciar-trabajo-pintan-centro-de-jubilados","status":"publish","type":"post","link":"https:\/\/www.hoymercedes.com.ar\/principal\/2020\/10\/06\/beneficiarios-del-potenciar-trabajo-pintan-centro-de-jubilados\/","title":{"rendered":"Beneficiarios del Potenciar Trabajo pintan centro de jubilados"},"content":{"rendered":"\n<p>Trabajadores y trabajadoras del programa\u00a0Potenciar Trabajo, que tiene como objetivo refaccionar y mejorar espacios comunitarios, realizaron tareas de pintura en el Centro de Jubilados y Pensionados \u00ab21 de Septiembre\u00bb que preside Rosa Lossino.<\/p>\n\n\n\n<div class=\"wp-block-image\"><figure class=\"aligncenter size-large\"><img loading=\"lazy\" decoding=\"async\" width=\"800\" height=\"533\" data-attachment-id=\"118012\" data-permalink=\"https:\/\/www.hoymercedes.com.ar\/principal\/2020\/10\/06\/beneficiarios-del-potenciar-trabajo-pintan-centro-de-jubilados\/05-cdr-mercedes\/#main\" data-orig-file=\"https:\/\/www.hoymercedes.com.ar\/principal\/wp-content\/uploads\/2020\/10\/05-cdr-mercedes.jpeg\" data-orig-size=\"800,533\" data-comments-opened=\"0\" data-image-meta=\"{&quot;aperture&quot;:&quot;0&quot;,&quot;credit&quot;:&quot;&quot;,&quot;camera&quot;:&quot;&quot;,&quot;caption&quot;:&quot;&quot;,&quot;created_timestamp&quot;:&quot;0&quot;,&quot;copyright&quot;:&quot;&quot;,&quot;focal_length&quot;:&quot;0&quot;,&quot;iso&quot;:&quot;0&quot;,&quot;shutter_speed&quot;:&quot;0&quot;,&quot;title&quot;:&quot;&quot;,&quot;orientation&quot;:&quot;0&quot;}\" data-image-title=\"05 cdr mercedes\" data-image-description=\"\" data-image-caption=\"\" data-large-file=\"https:\/\/www.hoymercedes.com.ar\/principal\/wp-content\/uploads\/2020\/10\/05-cdr-mercedes.jpeg\" src=\"https:\/\/www.hoymercedes.com.ar\/principal\/wp-content\/uploads\/2020\/10\/05-cdr-mercedes.jpeg\" alt=\"\" class=\"wp-image-118012\" srcset=\"https:\/\/www.hoymercedes.com.ar\/principal\/wp-content\/uploads\/2020\/10\/05-cdr-mercedes.jpeg 800w, https:\/\/www.hoymercedes.com.ar\/principal\/wp-content\/uploads\/2020\/10\/05-cdr-mercedes-630x420.jpeg 630w, https:\/\/www.hoymercedes.com.ar\/principal\/wp-content\/uploads\/2020\/10\/05-cdr-mercedes-150x100.jpeg 150w, https:\/\/www.hoymercedes.com.ar\/principal\/wp-content\/uploads\/2020\/10\/05-cdr-mercedes-700x465.jpeg 700w\" sizes=\"auto, (max-width: 800px) 100vw, 800px\" \/><\/figure><\/div>\n\n\n\n<p>Nicol\u00e1s Zeballos del\u00a0CDR Mercedes\u00a0destac\u00f3 el apoyo de la agencia local PAMI y de su titular Santiago Altube que permitieron el contacto con los espacios que re\u00fanen a los Adultos Mayores. Es as\u00ed que se concretan las acciones en beneficio de estas instituciones. <\/p>\n\n\n\n<p>Por su parte\u00a0Natalia Barsotti\u00a0del CDR destac\u00f3 que est\u00e1 previsto realizar mejoras en otros centros de jubilados de la ciudad.<\/p>\n\n\n\n<p>Potenciar Trabajo&nbsp;busca contribuir al&nbsp;mejoramiento de la empleabilidad y la generaci\u00f3n de nuevas propuestas productivas, a trav\u00e9s de la terminalidad educativa, la formaci\u00f3n laboral y la certificaci\u00f3n de competencias.<\/p>\n\n\n\n<p>Tambi\u00e9n contempla la creaci\u00f3n y el fortalecimiento de unidades productivas para\u00a0promover la inclusi\u00f3n social y el incremento progresivo de ingresos para alcanzar la autonom\u00eda econ\u00f3mica.\u00a0 Adem\u00e1s, incluye microcr\u00e9ditos y cr\u00e9dito para m\u00e1quinas y herramientas a tasas muy bajas.<\/p>\n\n\n\n<p><\/p>\n\n\n\n<p><\/p>\n","protected":false},"excerpt":{"rendered":"<p>Trabajadores y trabajadoras del programa\u00a0Potenciar Trabajo, que tiene como objetivo refaccionar y mejorar espacios comunitarios, realizaron tareas de pintura en &#8230; <a title=\"Beneficiarios del Potenciar Trabajo pintan centro de jubilados\" class=\"read-more\" href=\"https:\/\/www.hoymercedes.com.ar\/principal\/2020\/10\/06\/beneficiarios-del-potenciar-trabajo-pintan-centro-de-jubilados\/\" aria-label=\"Leer m\u00e1s sobre Beneficiarios del Potenciar Trabajo pintan centro de jubilados\">Leer m\u00e1s<\/a><\/p>\n","protected":false},"author":1,"featured_media":118012,"comment_status":"closed","ping_status":"open","sticky":false,"template":"","format":"standard","meta":{"_monsterinsights_skip_tracking":false,"_monsterinsights_sitenote_active":false,"_monsterinsights_sitenote_note":"","_monsterinsights_sitenote_category":0,"jetpack_post_was_ever_published":false,"_jetpack_newsletter_access":"","_jetpack_dont_email_post_to_subs":false,"_jetpack_newsletter_tier_id":0,"_jetpack_memberships_contains_paywalled_content":false,"_jetpack_memberships_contains_paid_content":false,"footnotes":"","jetpack_publicize_message":"","jetpack_publicize_feature_enabled":true,"jetpack_social_post_already_shared":true,"jetpack_social_options":{"image_generator_settings":{"template":"highway","default_image_id":0,"font":"","enabled":false},"version":2},"_wpas_customize_per_network":false},"categories":[8],"tags":[5969,17166],"class_list":["post-118009","post","type-post","status-publish","format-standard","has-post-thumbnail","hentry","category-sociedad","tag-cdr-mercedes","tag-programa-potenciar-trabajo","generate-columns","tablet-grid-50","mobile-grid-100","grid-parent","grid-50"],"jetpack_publicize_connections":[],"jetpack_featured_media_url":"https:\/\/www.hoymercedes.com.ar\/principal\/wp-content\/uploads\/2020\/10\/05-cdr-mercedes.jpeg","wps_subtitle":"Acciones conjuntas","jetpack_sharing_enabled":true,"_links":{"self":[{"href":"https:\/\/www.hoymercedes.com.ar\/principal\/wp-json\/wp\/v2\/posts\/118009","targetHints":{"allow":["GET"]}}],"collection":[{"href":"https:\/\/www.hoymercedes.com.ar\/principal\/wp-json\/wp\/v2\/posts"}],"about":[{"href":"https:\/\/www.hoymercedes.com.ar\/principal\/wp-json\/wp\/v2\/types\/post"}],"author":[{"embeddable":true,"href":"https:\/\/www.hoymercedes.com.ar\/principal\/wp-json\/wp\/v2\/users\/1"}],"replies":[{"embeddable":true,"href":"https:\/\/www.hoymercedes.com.ar\/principal\/wp-json\/wp\/v2\/comments?post=118009"}],"version-history":[{"count":0,"href":"https:\/\/www.hoymercedes.com.ar\/principal\/wp-json\/wp\/v2\/posts\/118009\/revisions"}],"wp:featuredmedia":[{"embeddable":true,"href":"https:\/\/www.hoymercedes.com.ar\/principal\/wp-json\/wp\/v2\/media\/118012"}],"wp:attachment":[{"href":"https:\/\/www.hoymercedes.com.ar\/principal\/wp-json\/wp\/v2\/media?parent=118009"}],"wp:term":[{"taxonomy":"category","embeddable":true,"href":"https:\/\/www.hoymercedes.com.ar\/principal\/wp-json\/wp\/v2\/categories?post=118009"},{"taxonomy":"post_tag","embeddable":true,"href":"https:\/\/www.hoymercedes.com.ar\/principal\/wp-json\/wp\/v2\/tags?post=118009"}],"curies":[{"name":"wp","href":"https:\/\/api.w.org\/{rel}","templated":true}]}}