{"id":118011,"date":"2020-10-06T07:45:30","date_gmt":"2020-10-06T10:45:30","guid":{"rendered":"http:\/\/www.hoymercedes.com.ar\/principal\/?p=118011"},"modified":"2020-10-06T15:22:03","modified_gmt":"2020-10-06T18:22:03","slug":"fallece-por-covid-dirigente-de-uatre","status":"publish","type":"post","link":"https:\/\/www.hoymercedes.com.ar\/principal\/2020\/10\/06\/fallece-por-covid-dirigente-de-uatre\/","title":{"rendered":"Fallece por covid dirigente de UATRE"},"content":{"rendered":"\n<p>La Uni\u00f3n Argentina de Trabajadores Rurales y Estibadores, UATRE, lamenta profundamente informar el fallecimiento de nuestro Secretario General, compa\u00f1ero Ram\u00f3n Ayala, v\u00edctima del COVID-19.<\/p>\n\n\n\n<p>\u00abToda nuestra organizaci\u00f3n estar\u00e1 de duelo durante las pr\u00f3ximas 24 horas, en una jornada de recogimiento y de ruego por el descanso en paz de su alma\u00bb, expresa la comunicaci\u00f3n del gremio. <\/p>\n\n\n\n<p>\u00abEs una enorme p\u00e9rdida, la cual solo encuentra consuelo en el recuerdo de su sonrisa inagotable, su hondo sentido del compa\u00f1erismo y la solidaridad y sus f\u00e9rreas convicciones para defender los intereses de los trabajadores y trabajadoras rurales\u00bb, agregan.<\/p>\n\n\n\n<figure class=\"wp-block-image size-large\"><img loading=\"lazy\" decoding=\"async\" width=\"800\" height=\"533\" data-attachment-id=\"118013\" data-permalink=\"https:\/\/www.hoymercedes.com.ar\/principal\/2020\/10\/06\/fallece-por-covid-dirigente-de-uatre\/06-uatre\/#main\" data-orig-file=\"https:\/\/www.hoymercedes.com.ar\/principal\/wp-content\/uploads\/2020\/10\/06-uatre.jpeg\" data-orig-size=\"800,533\" data-comments-opened=\"0\" data-image-meta=\"{&quot;aperture&quot;:&quot;0&quot;,&quot;credit&quot;:&quot;&quot;,&quot;camera&quot;:&quot;&quot;,&quot;caption&quot;:&quot;&quot;,&quot;created_timestamp&quot;:&quot;0&quot;,&quot;copyright&quot;:&quot;&quot;,&quot;focal_length&quot;:&quot;0&quot;,&quot;iso&quot;:&quot;0&quot;,&quot;shutter_speed&quot;:&quot;0&quot;,&quot;title&quot;:&quot;&quot;,&quot;orientation&quot;:&quot;0&quot;}\" data-image-title=\"06 uatre\" data-image-description=\"\" data-image-caption=\"\" data-large-file=\"https:\/\/www.hoymercedes.com.ar\/principal\/wp-content\/uploads\/2020\/10\/06-uatre.jpeg\" src=\"https:\/\/www.hoymercedes.com.ar\/principal\/wp-content\/uploads\/2020\/10\/06-uatre.jpeg\" alt=\"\" class=\"wp-image-118013\" srcset=\"https:\/\/www.hoymercedes.com.ar\/principal\/wp-content\/uploads\/2020\/10\/06-uatre.jpeg 800w, https:\/\/www.hoymercedes.com.ar\/principal\/wp-content\/uploads\/2020\/10\/06-uatre-630x420.jpeg 630w, https:\/\/www.hoymercedes.com.ar\/principal\/wp-content\/uploads\/2020\/10\/06-uatre-150x100.jpeg 150w, https:\/\/www.hoymercedes.com.ar\/principal\/wp-content\/uploads\/2020\/10\/06-uatre-700x465.jpeg 700w\" sizes=\"auto, (max-width: 800px) 100vw, 800px\" \/><\/figure>\n","protected":false},"excerpt":{"rendered":"<p>La Uni\u00f3n Argentina de Trabajadores Rurales y Estibadores, UATRE, lamenta profundamente informar el fallecimiento de nuestro Secretario General, compa\u00f1ero Ram\u00f3n &#8230; <a title=\"Fallece por covid dirigente de UATRE\" class=\"read-more\" href=\"https:\/\/www.hoymercedes.com.ar\/principal\/2020\/10\/06\/fallece-por-covid-dirigente-de-uatre\/\" aria-label=\"Leer m\u00e1s sobre Fallece por covid dirigente de UATRE\">Leer m\u00e1s<\/a><\/p>\n","protected":false},"author":1,"featured_media":118013,"comment_status":"closed","ping_status":"open","sticky":false,"template":"","format":"standard","meta":{"_monsterinsights_skip_tracking":false,"_monsterinsights_sitenote_active":false,"_monsterinsights_sitenote_note":"","_monsterinsights_sitenote_category":0,"jetpack_post_was_ever_published":false,"_jetpack_newsletter_access":"","_jetpack_dont_email_post_to_subs":false,"_jetpack_newsletter_tier_id":0,"_jetpack_memberships_contains_paywalled_content":false,"_jetpack_memberships_contains_paid_content":false,"footnotes":"","jetpack_publicize_message":"","jetpack_publicize_feature_enabled":true,"jetpack_social_post_already_shared":true,"jetpack_social_options":{"image_generator_settings":{"template":"highway","default_image_id":0,"font":"","enabled":false},"version":2},"_wpas_customize_per_network":false},"categories":[10563],"tags":[16175,16313,8799,442],"class_list":["post-118011","post","type-post","status-publish","format-standard","has-post-thumbnail","hentry","category-gremios-sindicatos","tag-coronavirus","tag-covid-19","tag-gremios","tag-uatre","generate-columns","tablet-grid-50","mobile-grid-100","grid-parent","grid-50"],"jetpack_publicize_connections":[],"jetpack_featured_media_url":"https:\/\/www.hoymercedes.com.ar\/principal\/wp-content\/uploads\/2020\/10\/06-uatre.jpeg","wps_subtitle":"Pesar en el gremio","jetpack_sharing_enabled":true,"_links":{"self":[{"href":"https:\/\/www.hoymercedes.com.ar\/principal\/wp-json\/wp\/v2\/posts\/118011","targetHints":{"allow":["GET"]}}],"collection":[{"href":"https:\/\/www.hoymercedes.com.ar\/principal\/wp-json\/wp\/v2\/posts"}],"about":[{"href":"https:\/\/www.hoymercedes.com.ar\/principal\/wp-json\/wp\/v2\/types\/post"}],"author":[{"embeddable":true,"href":"https:\/\/www.hoymercedes.com.ar\/principal\/wp-json\/wp\/v2\/users\/1"}],"replies":[{"embeddable":true,"href":"https:\/\/www.hoymercedes.com.ar\/principal\/wp-json\/wp\/v2\/comments?post=118011"}],"version-history":[{"count":0,"href":"https:\/\/www.hoymercedes.com.ar\/principal\/wp-json\/wp\/v2\/posts\/118011\/revisions"}],"wp:featuredmedia":[{"embeddable":true,"href":"https:\/\/www.hoymercedes.com.ar\/principal\/wp-json\/wp\/v2\/media\/118013"}],"wp:attachment":[{"href":"https:\/\/www.hoymercedes.com.ar\/principal\/wp-json\/wp\/v2\/media?parent=118011"}],"wp:term":[{"taxonomy":"category","embeddable":true,"href":"https:\/\/www.hoymercedes.com.ar\/principal\/wp-json\/wp\/v2\/categories?post=118011"},{"taxonomy":"post_tag","embeddable":true,"href":"https:\/\/www.hoymercedes.com.ar\/principal\/wp-json\/wp\/v2\/tags?post=118011"}],"curies":[{"name":"wp","href":"https:\/\/api.w.org\/{rel}","templated":true}]}}