{"id":118030,"date":"2020-10-06T14:12:35","date_gmt":"2020-10-06T17:12:35","guid":{"rendered":"http:\/\/www.hoymercedes.com.ar\/principal\/?p=118030"},"modified":"2020-10-06T15:18:12","modified_gmt":"2020-10-06T18:18:12","slug":"la-directora-regional-sanitaria-mantuvo-reunion-con-el-dr-pisapia","status":"publish","type":"post","link":"https:\/\/www.hoymercedes.com.ar\/principal\/2020\/10\/06\/la-directora-regional-sanitaria-mantuvo-reunion-con-el-dr-pisapia\/","title":{"rendered":"La Directora Regional Sanitaria mantuvo reuni\u00f3n con el Dr. Pisapia"},"content":{"rendered":"\n<p>Durante la ma\u00f1ana de este martes, Carolina Di Napoli. Directora de la Regi\u00f3n Sanitaria X que incluye a Mercedes entre los municipios integrantes, visit\u00f3 la cuidad con el fin de mantener un encuentro de trabajo con el flamante Secretario de Salud de la ciudad, el pediatra N\u00e9stor Pisapia. <\/p>\n\n\n\n<div class=\"wp-block-image\"><figure class=\"aligncenter size-large\"><img loading=\"lazy\" decoding=\"async\" width=\"1004\" height=\"669\" data-attachment-id=\"118040\" data-permalink=\"https:\/\/www.hoymercedes.com.ar\/principal\/2020\/10\/06\/la-directora-regional-sanitaria-mantuvo-reunion-con-el-dr-pisapia\/whatsapp-image-2020-10-06-at-13-08-29\/#main\" data-orig-file=\"https:\/\/www.hoymercedes.com.ar\/principal\/wp-content\/uploads\/2020\/10\/WhatsApp-Image-2020-10-06-at-13.08.29.jpeg\" data-orig-size=\"1004,669\" data-comments-opened=\"0\" data-image-meta=\"{&quot;aperture&quot;:&quot;0&quot;,&quot;credit&quot;:&quot;&quot;,&quot;camera&quot;:&quot;&quot;,&quot;caption&quot;:&quot;&quot;,&quot;created_timestamp&quot;:&quot;1601992422&quot;,&quot;copyright&quot;:&quot;&quot;,&quot;focal_length&quot;:&quot;0&quot;,&quot;iso&quot;:&quot;0&quot;,&quot;shutter_speed&quot;:&quot;0&quot;,&quot;title&quot;:&quot;&quot;,&quot;orientation&quot;:&quot;1&quot;}\" data-image-title=\"WhatsApp Image 2020-10-06 at 13.08.29\" data-image-description=\"\" data-image-caption=\"\" data-large-file=\"https:\/\/www.hoymercedes.com.ar\/principal\/wp-content\/uploads\/2020\/10\/WhatsApp-Image-2020-10-06-at-13.08.29.jpeg\" src=\"https:\/\/www.hoymercedes.com.ar\/principal\/wp-content\/uploads\/2020\/10\/WhatsApp-Image-2020-10-06-at-13.08.29.jpeg\" alt=\"\" class=\"wp-image-118040\" srcset=\"https:\/\/www.hoymercedes.com.ar\/principal\/wp-content\/uploads\/2020\/10\/WhatsApp-Image-2020-10-06-at-13.08.29.jpeg 1004w, https:\/\/www.hoymercedes.com.ar\/principal\/wp-content\/uploads\/2020\/10\/WhatsApp-Image-2020-10-06-at-13.08.29-630x420.jpeg 630w, https:\/\/www.hoymercedes.com.ar\/principal\/wp-content\/uploads\/2020\/10\/WhatsApp-Image-2020-10-06-at-13.08.29-150x100.jpeg 150w, https:\/\/www.hoymercedes.com.ar\/principal\/wp-content\/uploads\/2020\/10\/WhatsApp-Image-2020-10-06-at-13.08.29-700x465.jpeg 700w\" sizes=\"auto, (max-width: 1004px) 100vw, 1004px\" \/><\/figure><\/div>\n\n\n\n<p>Trascendi\u00f3 v\u00eda comunicaci\u00f3n oficial que la funcionaria regional lleg\u00f3 a Mercedes con el fin de \u00abapoyar\u00bb a las nuevas autoridades sanitarias de la comuna y para \u00abponerse a disposici\u00f3n\u00bb con todas las herramientas del Ministerio de Salud Bonaerense. <\/p>\n\n\n\n<p>\u201cConversamos con N\u00e9stor Pisapia y Marianela Arenillas (a cargo del CIC y CAPS) acerca de los programas provinciales que se encuentran a disposici\u00f3n de cada bonaerense para generar mejores v\u00edas de accesibilidad a la salud integral que en este caso repercute en cada mercedino\u201d, dijo Di Napoli en el informe oficial municipal. <\/p>\n\n\n\n<p>\u201cLa gesti\u00f3n del Intendente Juan Ignacio Uztarroz ha primado las pol\u00edticas p\u00fablicas brindando seguridad y mejoras en la calidad de vida de las y los mercedinos, siempre proyectando cada integraci\u00f3n a su gabinete como una herramienta de gesti\u00f3n integral y ampliaci\u00f3n de planificaci\u00f3n, por eso celebramos estas incorporaciones que denotan una apuesta por la salud comunitaria y de cercan\u00eda\u201d, resalt\u00f3<\/p>\n\n\n\n<p>A lo que agreg\u00f3 la puesta a disposici\u00f3n de las herramientas provinciales. \u201cHoy, en esta pandemia, una de los mayores desaf\u00edos es brindar el fortalecimiento a la gesti\u00f3n del sistema sanitario de la ciudad, en cada uno de los temas que tambi\u00e9n deben ser abordados a pesar del COVID y esto es una convicci\u00f3n compartida con las nuevas autoridades y el Intendente, la salud de cada vecino y vecina debe encontrar acceso y respuesta en la cercan\u00eda y en cada barrio a todos los requerimientos para la prevenci\u00f3n y la promoci\u00f3n\u201d finaliz\u00f3 la funcionaria provincial.<\/p>\n","protected":false},"excerpt":{"rendered":"<p>Durante la ma\u00f1ana de este martes, Carolina Di Napoli. Directora de la Regi\u00f3n Sanitaria X que incluye a Mercedes entre &#8230; <a title=\"La Directora Regional Sanitaria mantuvo reuni\u00f3n con el Dr. Pisapia\" class=\"read-more\" href=\"https:\/\/www.hoymercedes.com.ar\/principal\/2020\/10\/06\/la-directora-regional-sanitaria-mantuvo-reunion-con-el-dr-pisapia\/\" aria-label=\"Leer m\u00e1s sobre La Directora Regional Sanitaria mantuvo reuni\u00f3n con el Dr. Pisapia\">Leer m\u00e1s<\/a><\/p>\n","protected":false},"author":5,"featured_media":118040,"comment_status":"closed","ping_status":"open","sticky":false,"template":"","format":"standard","meta":{"_monsterinsights_skip_tracking":false,"_monsterinsights_sitenote_active":false,"_monsterinsights_sitenote_note":"","_monsterinsights_sitenote_category":0,"jetpack_post_was_ever_published":false,"_jetpack_newsletter_access":"","_jetpack_dont_email_post_to_subs":false,"_jetpack_newsletter_tier_id":0,"_jetpack_memberships_contains_paywalled_content":false,"_jetpack_memberships_contains_paid_content":false,"footnotes":"","jetpack_publicize_message":"","jetpack_publicize_feature_enabled":true,"jetpack_social_post_already_shared":true,"jetpack_social_options":{"image_generator_settings":{"template":"highway","default_image_id":0,"font":"","enabled":false},"version":2},"_wpas_customize_per_network":false},"categories":[30],"tags":[244,8703,134],"class_list":["post-118030","post","type-post","status-publish","format-standard","has-post-thumbnail","hentry","category-municipio","tag-municipio-2","tag-region-sanitaria-x","tag-salud","generate-columns","tablet-grid-50","mobile-grid-100","grid-parent","grid-50"],"jetpack_publicize_connections":[],"jetpack_featured_media_url":"https:\/\/www.hoymercedes.com.ar\/principal\/wp-content\/uploads\/2020\/10\/WhatsApp-Image-2020-10-06-at-13.08.29.jpeg","wps_subtitle":"Visita oficial","jetpack_sharing_enabled":true,"_links":{"self":[{"href":"https:\/\/www.hoymercedes.com.ar\/principal\/wp-json\/wp\/v2\/posts\/118030","targetHints":{"allow":["GET"]}}],"collection":[{"href":"https:\/\/www.hoymercedes.com.ar\/principal\/wp-json\/wp\/v2\/posts"}],"about":[{"href":"https:\/\/www.hoymercedes.com.ar\/principal\/wp-json\/wp\/v2\/types\/post"}],"author":[{"embeddable":true,"href":"https:\/\/www.hoymercedes.com.ar\/principal\/wp-json\/wp\/v2\/users\/5"}],"replies":[{"embeddable":true,"href":"https:\/\/www.hoymercedes.com.ar\/principal\/wp-json\/wp\/v2\/comments?post=118030"}],"version-history":[{"count":0,"href":"https:\/\/www.hoymercedes.com.ar\/principal\/wp-json\/wp\/v2\/posts\/118030\/revisions"}],"wp:featuredmedia":[{"embeddable":true,"href":"https:\/\/www.hoymercedes.com.ar\/principal\/wp-json\/wp\/v2\/media\/118040"}],"wp:attachment":[{"href":"https:\/\/www.hoymercedes.com.ar\/principal\/wp-json\/wp\/v2\/media?parent=118030"}],"wp:term":[{"taxonomy":"category","embeddable":true,"href":"https:\/\/www.hoymercedes.com.ar\/principal\/wp-json\/wp\/v2\/categories?post=118030"},{"taxonomy":"post_tag","embeddable":true,"href":"https:\/\/www.hoymercedes.com.ar\/principal\/wp-json\/wp\/v2\/tags?post=118030"}],"curies":[{"name":"wp","href":"https:\/\/api.w.org\/{rel}","templated":true}]}}