{"id":118052,"date":"2020-10-06T16:27:43","date_gmt":"2020-10-06T19:27:43","guid":{"rendered":"http:\/\/www.hoymercedes.com.ar\/principal\/?p=118052"},"modified":"2020-10-08T09:49:41","modified_gmt":"2020-10-08T12:49:41","slug":"el-hospital-suma-profesionales-y-recibe-tablets-para-la-comunicacion-entre-pacientes-criticos-y-familiares","status":"publish","type":"post","link":"https:\/\/www.hoymercedes.com.ar\/principal\/2020\/10\/06\/el-hospital-suma-profesionales-y-recibe-tablets-para-la-comunicacion-entre-pacientes-criticos-y-familiares\/","title":{"rendered":"El Hospital suma profesionales y recibe tablets para la comunicaci\u00f3n entre pacientes cr\u00edticos y familiares"},"content":{"rendered":"\n<p>El Hospital Blas L Dubarry recibi\u00f3 a la Directora de la Regi\u00f3n Sanitaria X que entreg\u00f3 las tablets y protocolos provistos por el Ministerio de Salud Bonaerense para brindar comunicaci\u00f3n entre los pacientes cr\u00edticos y sus familiares. D\u00edas atr\u00e1s, la direcci\u00f3n del nosocomio confirmaba la incorporaci\u00f3n de ocho nuevos profesionales en distintas \u00e1reas. <\/p>\n\n\n\n<figure class=\"wp-block-gallery aligncenter columns-2 is-cropped wp-block-gallery-1 is-layout-flex wp-block-gallery-is-layout-flex\"><ul class=\"blocks-gallery-grid\"><li class=\"blocks-gallery-item\"><figure><img loading=\"lazy\" decoding=\"async\" width=\"800\" height=\"533\" data-attachment-id=\"118057\" data-permalink=\"https:\/\/www.hoymercedes.com.ar\/principal\/2020\/10\/06\/el-hospital-suma-profesionales-y-recibe-tablets-para-la-comunicacion-entre-pacientes-criticos-y-familiares\/06-region-salud-1\/#main\" data-orig-file=\"https:\/\/www.hoymercedes.com.ar\/principal\/wp-content\/uploads\/2020\/10\/06-region-salud-1.jpg\" data-orig-size=\"800,533\" data-comments-opened=\"0\" data-image-meta=\"{&quot;aperture&quot;:&quot;0&quot;,&quot;credit&quot;:&quot;&quot;,&quot;camera&quot;:&quot;&quot;,&quot;caption&quot;:&quot;&quot;,&quot;created_timestamp&quot;:&quot;0&quot;,&quot;copyright&quot;:&quot;&quot;,&quot;focal_length&quot;:&quot;0&quot;,&quot;iso&quot;:&quot;0&quot;,&quot;shutter_speed&quot;:&quot;0&quot;,&quot;title&quot;:&quot;&quot;,&quot;orientation&quot;:&quot;0&quot;}\" data-image-title=\"06 regi\u00f3n salud 1\" data-image-description=\"\" data-image-caption=\"\" data-large-file=\"https:\/\/www.hoymercedes.com.ar\/principal\/wp-content\/uploads\/2020\/10\/06-region-salud-1.jpg\" src=\"https:\/\/www.hoymercedes.com.ar\/principal\/wp-content\/uploads\/2020\/10\/06-region-salud-1.jpg\" alt=\"\" data-id=\"118057\" data-full-url=\"https:\/\/www.hoymercedes.com.ar\/principal\/wp-content\/uploads\/2020\/10\/06-region-salud-1.jpg\" data-link=\"https:\/\/www.hoymercedes.com.ar\/principal\/?attachment_id=118057\" class=\"wp-image-118057\" srcset=\"https:\/\/www.hoymercedes.com.ar\/principal\/wp-content\/uploads\/2020\/10\/06-region-salud-1.jpg 800w, https:\/\/www.hoymercedes.com.ar\/principal\/wp-content\/uploads\/2020\/10\/06-region-salud-1-630x420.jpg 630w, https:\/\/www.hoymercedes.com.ar\/principal\/wp-content\/uploads\/2020\/10\/06-region-salud-1-150x100.jpg 150w, https:\/\/www.hoymercedes.com.ar\/principal\/wp-content\/uploads\/2020\/10\/06-region-salud-1-700x465.jpg 700w\" sizes=\"auto, (max-width: 800px) 100vw, 800px\" \/><\/figure><\/li><li class=\"blocks-gallery-item\"><figure><img loading=\"lazy\" decoding=\"async\" width=\"800\" height=\"533\" data-attachment-id=\"118056\" data-permalink=\"https:\/\/www.hoymercedes.com.ar\/principal\/2020\/10\/06\/el-hospital-suma-profesionales-y-recibe-tablets-para-la-comunicacion-entre-pacientes-criticos-y-familiares\/06-region-salud-2\/#main\" data-orig-file=\"https:\/\/www.hoymercedes.com.ar\/principal\/wp-content\/uploads\/2020\/10\/06-region-salud-2.jpg\" data-orig-size=\"800,533\" data-comments-opened=\"0\" data-image-meta=\"{&quot;aperture&quot;:&quot;0&quot;,&quot;credit&quot;:&quot;&quot;,&quot;camera&quot;:&quot;&quot;,&quot;caption&quot;:&quot;&quot;,&quot;created_timestamp&quot;:&quot;0&quot;,&quot;copyright&quot;:&quot;&quot;,&quot;focal_length&quot;:&quot;0&quot;,&quot;iso&quot;:&quot;0&quot;,&quot;shutter_speed&quot;:&quot;0&quot;,&quot;title&quot;:&quot;&quot;,&quot;orientation&quot;:&quot;0&quot;}\" data-image-title=\"06 regi\u00f3n salud 2\" data-image-description=\"\" data-image-caption=\"\" data-large-file=\"https:\/\/www.hoymercedes.com.ar\/principal\/wp-content\/uploads\/2020\/10\/06-region-salud-2.jpg\" src=\"https:\/\/www.hoymercedes.com.ar\/principal\/wp-content\/uploads\/2020\/10\/06-region-salud-2.jpg\" alt=\"\" data-id=\"118056\" data-full-url=\"https:\/\/www.hoymercedes.com.ar\/principal\/wp-content\/uploads\/2020\/10\/06-region-salud-2.jpg\" data-link=\"https:\/\/www.hoymercedes.com.ar\/principal\/?attachment_id=118056\" class=\"wp-image-118056\" srcset=\"https:\/\/www.hoymercedes.com.ar\/principal\/wp-content\/uploads\/2020\/10\/06-region-salud-2.jpg 800w, https:\/\/www.hoymercedes.com.ar\/principal\/wp-content\/uploads\/2020\/10\/06-region-salud-2-630x420.jpg 630w, https:\/\/www.hoymercedes.com.ar\/principal\/wp-content\/uploads\/2020\/10\/06-region-salud-2-150x100.jpg 150w, https:\/\/www.hoymercedes.com.ar\/principal\/wp-content\/uploads\/2020\/10\/06-region-salud-2-700x465.jpg 700w\" sizes=\"auto, (max-width: 800px) 100vw, 800px\" \/><\/figure><\/li><\/ul><\/figure>\n\n\n\n<p>En la ma\u00f1ana de este martes, la Direcci\u00f3n del Dubarry que integran los m\u00e9dicos Pablo Cassiani, Gustavo Robles y Silvina Sukich, recibieron a la Directora de la Regi\u00f3n Sanitaria X, Carolina Di Napoli, y al Coordinador Regional de Salud Mental Julio Maldonado, con el fin de recibir las tablets y el protocolo de cuidados que emiti\u00f3 el Ministerio de Salud Bonaerense para mejorar la comunicaci\u00f3n entre los pacientes cr\u00edticos y sus familiares y para las personas en tratamiento psiqui\u00e1trico. <\/p>\n\n\n\n<p>El dispositivo m\u00f3vil favorece la comunicaci\u00f3n entre personas internadas y sus seres queridos. Precisamente, el protocolo elaborado por el Gobierno bonaerense regula la manera de ingreso de los acompa\u00f1antes, familiares o entornos afectivos a hospitales para acompa\u00f1ar a una persona internada.<\/p>\n\n\n\n<p>Desde la Direcci\u00f3n del Hospital Blas L Dubarry, d\u00edas atr\u00e1s, anunciaron la llegada de ocho profesionales que fueron incorporados a la planta al terminar su residencia. Entre los profesionales se encuentran dos ginec\u00f3logas, un especalista en im\u00e1genes, un psic\u00f3loga, dos trabajadoras sociales, un m\u00e9dico generalista y un pediatra. <\/p>\n\n\n\n<div class=\"wp-block-image\"><figure class=\"aligncenter size-large\"><img loading=\"lazy\" decoding=\"async\" width=\"800\" height=\"533\" data-attachment-id=\"118055\" data-permalink=\"https:\/\/www.hoymercedes.com.ar\/principal\/2020\/10\/06\/el-hospital-suma-profesionales-y-recibe-tablets-para-la-comunicacion-entre-pacientes-criticos-y-familiares\/06-dubarry-profesionales\/#main\" data-orig-file=\"https:\/\/www.hoymercedes.com.ar\/principal\/wp-content\/uploads\/2020\/10\/06-dubarry-profesionales.jpg\" data-orig-size=\"800,533\" data-comments-opened=\"0\" data-image-meta=\"{&quot;aperture&quot;:&quot;0&quot;,&quot;credit&quot;:&quot;&quot;,&quot;camera&quot;:&quot;&quot;,&quot;caption&quot;:&quot;&quot;,&quot;created_timestamp&quot;:&quot;1601999026&quot;,&quot;copyright&quot;:&quot;&quot;,&quot;focal_length&quot;:&quot;0&quot;,&quot;iso&quot;:&quot;0&quot;,&quot;shutter_speed&quot;:&quot;0&quot;,&quot;title&quot;:&quot;&quot;,&quot;orientation&quot;:&quot;1&quot;}\" data-image-title=\"06 dubarry profesionales\" data-image-description=\"\" data-image-caption=\"\" data-large-file=\"https:\/\/www.hoymercedes.com.ar\/principal\/wp-content\/uploads\/2020\/10\/06-dubarry-profesionales.jpg\" src=\"https:\/\/www.hoymercedes.com.ar\/principal\/wp-content\/uploads\/2020\/10\/06-dubarry-profesionales.jpg\" alt=\"\" class=\"wp-image-118055\" srcset=\"https:\/\/www.hoymercedes.com.ar\/principal\/wp-content\/uploads\/2020\/10\/06-dubarry-profesionales.jpg 800w, https:\/\/www.hoymercedes.com.ar\/principal\/wp-content\/uploads\/2020\/10\/06-dubarry-profesionales-630x420.jpg 630w, https:\/\/www.hoymercedes.com.ar\/principal\/wp-content\/uploads\/2020\/10\/06-dubarry-profesionales-150x100.jpg 150w, https:\/\/www.hoymercedes.com.ar\/principal\/wp-content\/uploads\/2020\/10\/06-dubarry-profesionales-700x465.jpg 700w\" sizes=\"auto, (max-width: 800px) 100vw, 800px\" \/><\/figure><\/div>\n","protected":false},"excerpt":{"rendered":"<p>El Hospital Blas L Dubarry recibi\u00f3 a la Directora de la Regi\u00f3n Sanitaria X que entreg\u00f3 las tablets y protocolos &#8230; <a title=\"El Hospital suma profesionales y recibe tablets para la comunicaci\u00f3n entre pacientes cr\u00edticos y familiares\" class=\"read-more\" href=\"https:\/\/www.hoymercedes.com.ar\/principal\/2020\/10\/06\/el-hospital-suma-profesionales-y-recibe-tablets-para-la-comunicacion-entre-pacientes-criticos-y-familiares\/\" aria-label=\"Leer m\u00e1s sobre El Hospital suma profesionales y recibe tablets para la comunicaci\u00f3n entre pacientes cr\u00edticos y familiares\">Leer m\u00e1s<\/a><\/p>\n","protected":false},"author":1,"featured_media":118057,"comment_status":"closed","ping_status":"open","sticky":false,"template":"","format":"standard","meta":{"_monsterinsights_skip_tracking":false,"_monsterinsights_sitenote_active":false,"_monsterinsights_sitenote_note":"","_monsterinsights_sitenote_category":0,"jetpack_post_was_ever_published":false,"_jetpack_newsletter_access":"","_jetpack_dont_email_post_to_subs":false,"_jetpack_newsletter_tier_id":0,"_jetpack_memberships_contains_paywalled_content":false,"_jetpack_memberships_contains_paid_content":false,"footnotes":"","jetpack_publicize_message":"","jetpack_publicize_feature_enabled":true,"jetpack_social_post_already_shared":true,"jetpack_social_options":{"image_generator_settings":{"template":"highway","default_image_id":0,"font":"","enabled":false},"version":2},"_wpas_customize_per_network":false},"categories":[9791],"tags":[140,17172,8703,16158],"class_list":["post-118052","post","type-post","status-publish","format-standard","has-post-thumbnail","hentry","category-salud","tag-hospital-dubarry","tag-nuevos-profesionales","tag-region-sanitaria-x","tag-tablets","generate-columns","tablet-grid-50","mobile-grid-100","grid-parent","grid-50"],"jetpack_publicize_connections":[],"jetpack_featured_media_url":"https:\/\/www.hoymercedes.com.ar\/principal\/wp-content\/uploads\/2020\/10\/06-region-salud-1.jpg","wps_subtitle":"Informaci\u00f3n sanitaria","jetpack_sharing_enabled":true,"_links":{"self":[{"href":"https:\/\/www.hoymercedes.com.ar\/principal\/wp-json\/wp\/v2\/posts\/118052","targetHints":{"allow":["GET"]}}],"collection":[{"href":"https:\/\/www.hoymercedes.com.ar\/principal\/wp-json\/wp\/v2\/posts"}],"about":[{"href":"https:\/\/www.hoymercedes.com.ar\/principal\/wp-json\/wp\/v2\/types\/post"}],"author":[{"embeddable":true,"href":"https:\/\/www.hoymercedes.com.ar\/principal\/wp-json\/wp\/v2\/users\/1"}],"replies":[{"embeddable":true,"href":"https:\/\/www.hoymercedes.com.ar\/principal\/wp-json\/wp\/v2\/comments?post=118052"}],"version-history":[{"count":0,"href":"https:\/\/www.hoymercedes.com.ar\/principal\/wp-json\/wp\/v2\/posts\/118052\/revisions"}],"wp:featuredmedia":[{"embeddable":true,"href":"https:\/\/www.hoymercedes.com.ar\/principal\/wp-json\/wp\/v2\/media\/118057"}],"wp:attachment":[{"href":"https:\/\/www.hoymercedes.com.ar\/principal\/wp-json\/wp\/v2\/media?parent=118052"}],"wp:term":[{"taxonomy":"category","embeddable":true,"href":"https:\/\/www.hoymercedes.com.ar\/principal\/wp-json\/wp\/v2\/categories?post=118052"},{"taxonomy":"post_tag","embeddable":true,"href":"https:\/\/www.hoymercedes.com.ar\/principal\/wp-json\/wp\/v2\/tags?post=118052"}],"curies":[{"name":"wp","href":"https:\/\/api.w.org\/{rel}","templated":true}]}}