{"id":118088,"date":"2020-10-31T09:24:15","date_gmt":"2020-10-31T12:24:15","guid":{"rendered":"http:\/\/www.hoymercedes.com.ar\/principal\/?p=118088"},"modified":"2020-11-01T11:22:15","modified_gmt":"2020-11-01T14:22:15","slug":"nuevos-abogados-juran-a-distancia","status":"publish","type":"post","link":"https:\/\/www.hoymercedes.com.ar\/principal\/2020\/10\/31\/nuevos-abogados-juran-a-distancia\/","title":{"rendered":"Nuevos abogados juran a distancia"},"content":{"rendered":"\n<p>El Colegio de Abogados del Departamento Judicial Mercedes contin\u00faa con la jura virtual a los nuevos profesionales. Los matriculados son citados a un encuentro virtual donde las autoridades le prestan juramento. <\/p>\n\n\n\n<p>Los nuevos matriculados como abogados en el Departamento Judicial Mercedes son: Javier Ignacio Collazo que prest\u00f3 juramento como Procurador; Mar\u00eda Florencia Lemos, Cristi\u00e1n Adri\u00e1n Lorenzoni; Micaela Caolina Perruelo; Gina Mar\u00eda Ragone; Mar\u00eda Esperanza Pellico, Andrea Aracelli Pellico; Ignacio Jos\u00e9 Saavedra, Francisco Recalt; Agustina Ailen Salum,  Iris Paola Barba, Franco Del Piero; Alejo Oterm\u00edn y Sebasti\u00e1n Via, estos dos \u00faltimos juraron como procuradores. <\/p>\n\n\n\n<figure class=\"wp-block-embed-youtube wp-block-embed is-type-video is-provider-youtube wp-embed-aspect-16-9 wp-has-aspect-ratio\"><div class=\"wp-block-embed__wrapper\">\n<span class=\"embed-youtube\" style=\"text-align:center; display: block;\"><iframe loading=\"lazy\" class=\"youtube-player\" width=\"1200\" height=\"675\" src=\"https:\/\/www.youtube.com\/embed\/rQmF12c2V-k?version=3&#038;rel=1&#038;showsearch=0&#038;showinfo=1&#038;iv_load_policy=1&#038;fs=1&#038;hl=es-ES&#038;autohide=2&#038;wmode=transparent\" allowfullscreen=\"true\" style=\"border:0;\" sandbox=\"allow-scripts allow-same-origin allow-popups allow-presentation allow-popups-to-escape-sandbox\"><\/iframe><\/span>\n<\/div><\/figure>\n\n\n\n<p>La modalidad de jura virtual se llev\u00f3 adelante los meses anteriores. En esta modalidad tambi\u00e9n juraron los abogados Manuel Blanco, Micaela Dova, Anyel\u00e9n Anah\u00ed Giunta, Gerardo Oscar Morales, Estefan\u00eda Serrani,  Magal\u00ed Rold\u00e1n, Mar\u00eda Alejandra Barbeito, Nicol\u00e1s Gabriel Suarez Monio, Ana Clara Arto, Laura Estefan\u00eda Luna, Gerardo Alberto Cagliani, Nicol\u00e1s Alejandro Far\u00edas, Osvaldo Tom\u00e1s Cardus, Mar\u00eda de los \u00c1ngeles Ziverra, Facundo Rodrigo Pereyra Graziani, Juan Jos\u00e9 Beccar\u00eda y Marcelo Ra\u00fal Villasuso. En tanto, Melina Bertera y Paola Karina Olgu\u00edn juraron como procuradoras. <\/p>\n","protected":false},"excerpt":{"rendered":"<p>El Colegio de Abogados del Departamento Judicial Mercedes contin\u00faa con la jura virtual a los nuevos profesionales. Los matriculados son &#8230; <a title=\"Nuevos abogados juran a distancia\" class=\"read-more\" href=\"https:\/\/www.hoymercedes.com.ar\/principal\/2020\/10\/31\/nuevos-abogados-juran-a-distancia\/\" aria-label=\"Leer m\u00e1s sobre Nuevos abogados juran a distancia\">Leer m\u00e1s<\/a><\/p>\n","protected":false},"author":1,"featured_media":92718,"comment_status":"closed","ping_status":"open","sticky":false,"template":"","format":"standard","meta":{"_monsterinsights_skip_tracking":false,"_monsterinsights_sitenote_active":false,"_monsterinsights_sitenote_note":"","_monsterinsights_sitenote_category":0,"jetpack_post_was_ever_published":false,"_jetpack_newsletter_access":"","_jetpack_dont_email_post_to_subs":false,"_jetpack_newsletter_tier_id":0,"_jetpack_memberships_contains_paywalled_content":false,"_jetpack_memberships_contains_paid_content":false,"footnotes":"","jetpack_publicize_message":"","jetpack_publicize_feature_enabled":true,"jetpack_social_post_already_shared":true,"jetpack_social_options":{"image_generator_settings":{"template":"highway","default_image_id":0,"font":"","enabled":false},"version":2},"_wpas_customize_per_network":false},"categories":[8],"tags":[2425,12783,10792],"class_list":["post-118088","post","type-post","status-publish","format-standard","has-post-thumbnail","hentry","category-sociedad","tag-departamento-judicial-mercedes","tag-jura","tag-matriculados","generate-columns","tablet-grid-50","mobile-grid-100","grid-parent","grid-50"],"jetpack_publicize_connections":[],"jetpack_featured_media_url":"https:\/\/www.hoymercedes.com.ar\/principal\/wp-content\/uploads\/2019\/05\/Colegio-de-Abogados.png","wps_subtitle":"En el Departamento Judicial","jetpack_sharing_enabled":true,"_links":{"self":[{"href":"https:\/\/www.hoymercedes.com.ar\/principal\/wp-json\/wp\/v2\/posts\/118088","targetHints":{"allow":["GET"]}}],"collection":[{"href":"https:\/\/www.hoymercedes.com.ar\/principal\/wp-json\/wp\/v2\/posts"}],"about":[{"href":"https:\/\/www.hoymercedes.com.ar\/principal\/wp-json\/wp\/v2\/types\/post"}],"author":[{"embeddable":true,"href":"https:\/\/www.hoymercedes.com.ar\/principal\/wp-json\/wp\/v2\/users\/1"}],"replies":[{"embeddable":true,"href":"https:\/\/www.hoymercedes.com.ar\/principal\/wp-json\/wp\/v2\/comments?post=118088"}],"version-history":[{"count":0,"href":"https:\/\/www.hoymercedes.com.ar\/principal\/wp-json\/wp\/v2\/posts\/118088\/revisions"}],"wp:featuredmedia":[{"embeddable":true,"href":"https:\/\/www.hoymercedes.com.ar\/principal\/wp-json\/wp\/v2\/media\/92718"}],"wp:attachment":[{"href":"https:\/\/www.hoymercedes.com.ar\/principal\/wp-json\/wp\/v2\/media?parent=118088"}],"wp:term":[{"taxonomy":"category","embeddable":true,"href":"https:\/\/www.hoymercedes.com.ar\/principal\/wp-json\/wp\/v2\/categories?post=118088"},{"taxonomy":"post_tag","embeddable":true,"href":"https:\/\/www.hoymercedes.com.ar\/principal\/wp-json\/wp\/v2\/tags?post=118088"}],"curies":[{"name":"wp","href":"https:\/\/api.w.org\/{rel}","templated":true}]}}