{"id":118112,"date":"2020-10-07T13:06:39","date_gmt":"2020-10-07T16:06:39","guid":{"rendered":"http:\/\/www.hoymercedes.com.ar\/principal\/?p=118112"},"modified":"2020-10-08T09:47:40","modified_gmt":"2020-10-08T12:47:40","slug":"cambiemos-propone-ficha-limpia-local","status":"publish","type":"post","link":"https:\/\/www.hoymercedes.com.ar\/principal\/2020\/10\/07\/cambiemos-propone-ficha-limpia-local\/","title":{"rendered":"Cambiemos propone \u00abficha limpia\u00bb local"},"content":{"rendered":"\n<p>El bloque de concejales de Juntos por el Cambio presentaron un proyecto de ordenanza cuyo objetivo es establecer \u00abalgunas restricciones para las personas que se encuentran designadas en los cargos pol\u00edticos del Municipio de Mercedes\u00bb. Es as\u00ed que proponen una ordenanza para que los funcionarios sean asignados por \u201cficha limpia\u201d. El proyecto ingresa al recinto del Concejo Deliberante en la sesi\u00f3n del pr\u00f3ximo lunes para ser evaluado en el trabajo de las comisiones. <\/p>\n\n\n\n<div class=\"wp-block-image\"><figure class=\"aligncenter size-large\"><img loading=\"lazy\" decoding=\"async\" width=\"800\" height=\"510\" data-attachment-id=\"114325\" data-permalink=\"https:\/\/www.hoymercedes.com.ar\/principal\/whatsapp-image-2020-07-29-at-17-57-30\/\" data-orig-file=\"https:\/\/www.hoymercedes.com.ar\/principal\/wp-content\/uploads\/2020\/07\/WhatsApp-Image-2020-07-29-at-17.57.30.jpeg\" data-orig-size=\"800,510\" data-comments-opened=\"0\" data-image-meta=\"{&quot;aperture&quot;:&quot;0&quot;,&quot;credit&quot;:&quot;&quot;,&quot;camera&quot;:&quot;&quot;,&quot;caption&quot;:&quot;&quot;,&quot;created_timestamp&quot;:&quot;0&quot;,&quot;copyright&quot;:&quot;&quot;,&quot;focal_length&quot;:&quot;0&quot;,&quot;iso&quot;:&quot;0&quot;,&quot;shutter_speed&quot;:&quot;0&quot;,&quot;title&quot;:&quot;&quot;,&quot;orientation&quot;:&quot;0&quot;}\" data-image-title=\"juntosxcambio2020\" data-image-description=\"\" data-image-caption=\"\" data-large-file=\"https:\/\/www.hoymercedes.com.ar\/principal\/wp-content\/uploads\/2020\/07\/WhatsApp-Image-2020-07-29-at-17.57.30.jpeg\" src=\"https:\/\/www.hoymercedes.com.ar\/principal\/wp-content\/uploads\/2020\/07\/WhatsApp-Image-2020-07-29-at-17.57.30.jpeg\" alt=\"\" class=\"wp-image-114325\"\/><\/figure><\/div>\n\n\n\n<p>\u00abDesde nuestro espacio, consideramos que la persona a designar no solo debe ser id\u00f3nea, sino que adem\u00e1s debe ser razonable con el respeto del ordenamiento jur\u00eddico en la fase penal y algunas cuestiones delictivas no pueden dejarse de lado. En concreto nos referimos a esas personas que cometieron delitos aberrantes \u2013que tienen condena firme- y que no pueden conducir los intereses del Municipio de Mercedes\u00bb, explicaron sobre el proyecto de ordenanza. <\/p>\n\n\n\n<p>En su primer y principal art\u00edculo\u00a0el proyecto expresa: \u00abNo podr\u00e1n ser designados secretarios, subsecretarios, delegados, directores generales y\/o cualquier personal pol\u00edtico superior si la persona recibi\u00f3, en juicio oral y p\u00fablico, sentencia condenatoria de primera instancia de pena privativa de libertad, a\u00fan cuando no sea de cumplimiento efectivo, por los delitos comprendidos en los art\u00edculos 80 inc 4, 11 y 12 del T\u00edtulo I \u201cDelitos contra la vida\u201d, los delitos comprendidos en el\u00a0art\u00edculo 119, 120, 124, 125, 125 bis, 126, 127, 128,\u00a0130,\u00a0131, 133 del T\u00edtulo III \u201cDelitos contra la integridad sexual\u201d, los delitos comprendidos en el art\u00edculo 139 del t\u00edtulo IV \u201cDelitos contra el Estado Civil\u201d, los delitos comprendidos en los art\u00edculos\u00a0140, 142, 142 bis, 145 bis, 145 ter, 146\u00a0comprendidos en el T\u00edtulo V \u201cDelitos contra la Libertad\u201d del C\u00f3digo Penal de la Naci\u00f3n. La prohibici\u00f3n se extender\u00e1 por un plazo de ocho a\u00f1os del cumplimiento de la pena\u00bb<\/p>\n\n\n\n<p>Es as\u00ed que proponen la \u00abprohibici\u00f3n\u00bb de nombramientos como funcionarios a personas que hayan sido condenados por delitos contras las personas, as\u00ed como delitos contra la integridad sexual, en ellos incorporamos el abuso sexual simple, gravemente ultrajante y la violaci\u00f3n (Art 119 CP), el delito de estupro (Art 120 CP), el abuso sexual seguido de muerte (Art 124 CP), la promoci\u00f3n o facilitaci\u00f3n de corrupci\u00f3n de menores (Art 125 CP), la promoci\u00f3n o facilitaci\u00f3n de la prostituci\u00f3n (Art 125 BIS CP), el proxenetismo agravado (Art 126 CP), el delito de rufianer\u00eda (Art 127 CP), difusi\u00f3n de im\u00e1genes y art\u00edculos pornogr\u00e1ficos de menores (Art 128 CP), el delito de rapto (Art 130 CP), el ciberacoso infantil (grooming) (Art 131 CP).<\/p>\n\n\n\n<p>\u00abTampoco se puede dejar de lado los delitos contra la libertad, mucho menos en la historia de nuestro pa\u00eds. No podemos permitir que una persona condenada por el delito de supresi\u00f3n o suposici\u00f3n del estado civil sea representante de un partido pol\u00edtico\u00bb, consideran desde Juntos por el Cambio. Mencionan entre estos delitos: reducci\u00f3n a servidumbre o condici\u00f3n an\u00e1loga (Art 140 CP), el secuestro (Art 142 CP), el secuestro agravado o coactivo (Art 142 BIS CP), trata de personas (Art 145 BIS y ter CP) y la sustracci\u00f3n de menores (Art 146 CP).<\/p>\n\n\n\n<p>\u00a0\u00abDesde nuestro espacio entendemos que desde este Honorable Concejo Deliberante se debe limitar el acceso a personas que han cometido estos delitos a los cargos pol\u00edticos superiores, m\u00e1s all\u00e1 que el condenado ha purgado su cometido con la pena privativa de la libertad no corresponde que ostente cargo superiores\u00bb, explican en el proyecto de ordenanza. <\/p>\n","protected":false},"excerpt":{"rendered":"<p>El bloque de concejales de Juntos por el Cambio presentaron un proyecto de ordenanza cuyo objetivo es establecer \u00abalgunas restricciones &#8230; <a title=\"Cambiemos propone \u00abficha limpia\u00bb local\" class=\"read-more\" href=\"https:\/\/www.hoymercedes.com.ar\/principal\/2020\/10\/07\/cambiemos-propone-ficha-limpia-local\/\" aria-label=\"Leer m\u00e1s sobre Cambiemos propone \u00abficha limpia\u00bb local\">Leer m\u00e1s<\/a><\/p>\n","protected":false},"author":1,"featured_media":114325,"comment_status":"closed","ping_status":"open","sticky":false,"template":"","format":"standard","meta":{"_monsterinsights_skip_tracking":false,"_monsterinsights_sitenote_active":false,"_monsterinsights_sitenote_note":"","_monsterinsights_sitenote_category":0,"jetpack_post_was_ever_published":false,"_jetpack_newsletter_access":"","_jetpack_dont_email_post_to_subs":false,"_jetpack_newsletter_tier_id":0,"_jetpack_memberships_contains_paywalled_content":false,"_jetpack_memberships_contains_paid_content":false,"footnotes":"","jetpack_publicize_message":"","jetpack_publicize_feature_enabled":true,"jetpack_social_post_already_shared":true,"jetpack_social_options":{"image_generator_settings":{"template":"highway","default_image_id":0,"font":"","enabled":false},"version":2},"_wpas_customize_per_network":false},"categories":[5],"tags":[15365,5319,8666,8979],"class_list":["post-118112","post","type-post","status-publish","format-standard","has-post-thumbnail","hentry","category-politica","tag-juntos-por-el-cambio","tag-politica-2","tag-proyecto","tag-sesion-hcd","generate-columns","tablet-grid-50","mobile-grid-100","grid-parent","grid-50"],"jetpack_publicize_connections":[],"jetpack_featured_media_url":"https:\/\/www.hoymercedes.com.ar\/principal\/wp-content\/uploads\/2020\/07\/WhatsApp-Image-2020-07-29-at-17.57.30.jpeg","wps_subtitle":"Para la sesi\u00f3n del lunes","jetpack_sharing_enabled":true,"_links":{"self":[{"href":"https:\/\/www.hoymercedes.com.ar\/principal\/wp-json\/wp\/v2\/posts\/118112","targetHints":{"allow":["GET"]}}],"collection":[{"href":"https:\/\/www.hoymercedes.com.ar\/principal\/wp-json\/wp\/v2\/posts"}],"about":[{"href":"https:\/\/www.hoymercedes.com.ar\/principal\/wp-json\/wp\/v2\/types\/post"}],"author":[{"embeddable":true,"href":"https:\/\/www.hoymercedes.com.ar\/principal\/wp-json\/wp\/v2\/users\/1"}],"replies":[{"embeddable":true,"href":"https:\/\/www.hoymercedes.com.ar\/principal\/wp-json\/wp\/v2\/comments?post=118112"}],"version-history":[{"count":0,"href":"https:\/\/www.hoymercedes.com.ar\/principal\/wp-json\/wp\/v2\/posts\/118112\/revisions"}],"wp:featuredmedia":[{"embeddable":true,"href":"https:\/\/www.hoymercedes.com.ar\/principal\/wp-json\/wp\/v2\/media\/114325"}],"wp:attachment":[{"href":"https:\/\/www.hoymercedes.com.ar\/principal\/wp-json\/wp\/v2\/media?parent=118112"}],"wp:term":[{"taxonomy":"category","embeddable":true,"href":"https:\/\/www.hoymercedes.com.ar\/principal\/wp-json\/wp\/v2\/categories?post=118112"},{"taxonomy":"post_tag","embeddable":true,"href":"https:\/\/www.hoymercedes.com.ar\/principal\/wp-json\/wp\/v2\/tags?post=118112"}],"curies":[{"name":"wp","href":"https:\/\/api.w.org\/{rel}","templated":true}]}}