{"id":118128,"date":"2020-10-07T22:39:59","date_gmt":"2020-10-08T01:39:59","guid":{"rendered":"http:\/\/www.hoymercedes.com.ar\/principal\/?p=118128"},"modified":"2020-10-08T09:44:05","modified_gmt":"2020-10-08T12:44:05","slug":"mercedes-suma-otros-24-positivos-de-coronavirus","status":"publish","type":"post","link":"https:\/\/www.hoymercedes.com.ar\/principal\/2020\/10\/07\/mercedes-suma-otros-24-positivos-de-coronavirus\/","title":{"rendered":"Mercedes suma otros 24 positivos de Coronavirus"},"content":{"rendered":"\n<p>Las autoridades sanitarias dieron un nuevo parte con la informaci\u00f3n epidemiol\u00f3gica del d\u00eda. En este informe confirman que la ciudad de Mercedes suma 24 casos positivos de covid-19 al realizarse en el laboratorio del Dubarry 97 test. Asimismo, afirman que 15 pacienes fueron dados de altas al terminar el per\u00edodo establecido por el protocolo para su tratamiento.<\/p>\n\n\n\n<div class=\"wp-block-image\"><figure class=\"aligncenter size-large\"><img loading=\"lazy\" decoding=\"async\" width=\"800\" height=\"800\" data-attachment-id=\"118146\" data-permalink=\"https:\/\/www.hoymercedes.com.ar\/principal\/2020\/10\/07\/mercedes-suma-otros-24-positivos-de-coronavirus\/whatsapp-image-2020-10-07-at-22-02-45\/#main\" data-orig-file=\"https:\/\/www.hoymercedes.com.ar\/principal\/wp-content\/uploads\/2020\/10\/WhatsApp-Image-2020-10-07-at-22.02.45.jpeg\" data-orig-size=\"800,800\" data-comments-opened=\"0\" data-image-meta=\"{&quot;aperture&quot;:&quot;0&quot;,&quot;credit&quot;:&quot;&quot;,&quot;camera&quot;:&quot;&quot;,&quot;caption&quot;:&quot;&quot;,&quot;created_timestamp&quot;:&quot;0&quot;,&quot;copyright&quot;:&quot;&quot;,&quot;focal_length&quot;:&quot;0&quot;,&quot;iso&quot;:&quot;0&quot;,&quot;shutter_speed&quot;:&quot;0&quot;,&quot;title&quot;:&quot;&quot;,&quot;orientation&quot;:&quot;0&quot;}\" data-image-title=\"WhatsApp Image 2020-10-07 at 22.02.45\" data-image-description=\"\" data-image-caption=\"\" data-large-file=\"https:\/\/www.hoymercedes.com.ar\/principal\/wp-content\/uploads\/2020\/10\/WhatsApp-Image-2020-10-07-at-22.02.45.jpeg\" src=\"https:\/\/www.hoymercedes.com.ar\/principal\/wp-content\/uploads\/2020\/10\/WhatsApp-Image-2020-10-07-at-22.02.45.jpeg\" alt=\"\" class=\"wp-image-118146\" srcset=\"https:\/\/www.hoymercedes.com.ar\/principal\/wp-content\/uploads\/2020\/10\/WhatsApp-Image-2020-10-07-at-22.02.45.jpeg 800w, https:\/\/www.hoymercedes.com.ar\/principal\/wp-content\/uploads\/2020\/10\/WhatsApp-Image-2020-10-07-at-22.02.45-620x620.jpeg 620w, https:\/\/www.hoymercedes.com.ar\/principal\/wp-content\/uploads\/2020\/10\/WhatsApp-Image-2020-10-07-at-22.02.45-150x150.jpeg 150w\" sizes=\"auto, (max-width: 800px) 100vw, 800px\" \/><\/figure><\/div>\n\n\n\n<p>El informe oficial expresa: <\/p>\n\n\n\n<p>\u00abEn el d\u00eda de la fecha el Laboratorio de Virolog\u00eda Molecular Municipal por medio de los procesos cient\u00edficos que lleva adelante cotidianamente confirm\u00f3 24 nuevos casos para covid.<br>Los casos tienen su ra\u00edz epidemiol\u00f3gica y correspondiente trabajo de rastreo y seguimiento.<br>Al d\u00eda de la fecha tenemos 198 casos activos con 15 altas m\u00e9dicas. Por su parte 1268 casos se registraron desde iniciada la pandemia con 1053 pacientes recuperados del virus.<br>En cuanto al Centro de Aislamiento Sanitario II con todas las normas socio sanitarias y un fuerte trabajo de Salud, Protecci\u00f3n Civil, SAME, Seguridad, Desarrollo Social y Servicios P\u00fablicos tiene a 3 pacientes alojados, aislados y monitoreados\u00bb.<\/p>\n\n\n\n<p><strong>Informe nacional<\/strong><\/p>\n\n\n\n<p>En el informe  brindado por las autoridades nacionales, confirmaron 16.447 nuevos casos de COVID-19. Con estos registros, suman 840.915 positivos en el pa\u00eds, de los cuales 670.725 son pacientes recuperados y 147.964 son casos confirmados activos. En las \u00faltimas 24 hs fueron realizados 29.441 testeos y desde el inicio del brote se realizaron 2.140.435 pruebas diagn\u00f3sticas para esta enfermedad, lo que equivale a 47.170 muestras por mill\u00f3n de habitantes.<\/p>\n\n\n\n<p>De acuerdo al detalle por provincia brindado por el informe, los casos del d\u00eda son de: Buenos Aires 5.222; Ciudad de Buenos Aires 956; Catamarca 8; Chaco 207; Chubut 381; C\u00f3rdoba 1.749; Corrientes 5; Entre R\u00edos 170; Jujuy 65; La Pampa 33; La Rioja 119; Mendoza 771; Misiones 7; Neuqu\u00e9n 1204; R\u00edo Negro 339; Salta 289; San Juan 6; San Luis 125; Santa Cruz 162; Santa Fe 2.137; Santiago del Estero 60; Tierra del Fuego 216 y Tucum\u00e1n 2.217.<\/p>\n\n\n\n<p>En las \u00faltimas 24 horas, se notificaron 401 nuevas muertes, son 214 hombres y 187 mujeres. Al momento la cantidad de personas fallecidas es 22.226. <\/p>\n","protected":false},"excerpt":{"rendered":"<p>Las autoridades sanitarias dieron un nuevo parte con la informaci\u00f3n epidemiol\u00f3gica del d\u00eda. En este informe confirman que la ciudad &#8230; <a title=\"Mercedes suma otros 24 positivos de Coronavirus\" class=\"read-more\" href=\"https:\/\/www.hoymercedes.com.ar\/principal\/2020\/10\/07\/mercedes-suma-otros-24-positivos-de-coronavirus\/\" aria-label=\"Leer m\u00e1s sobre Mercedes suma otros 24 positivos de Coronavirus\">Leer m\u00e1s<\/a><\/p>\n","protected":false},"author":1,"featured_media":118146,"comment_status":"closed","ping_status":"open","sticky":false,"template":"","format":"standard","meta":{"_monsterinsights_skip_tracking":false,"_monsterinsights_sitenote_active":false,"_monsterinsights_sitenote_note":"","_monsterinsights_sitenote_category":0,"jetpack_post_was_ever_published":false,"_jetpack_newsletter_access":"","_jetpack_dont_email_post_to_subs":false,"_jetpack_newsletter_tier_id":0,"_jetpack_memberships_contains_paywalled_content":false,"_jetpack_memberships_contains_paid_content":false,"footnotes":"","jetpack_publicize_message":"","jetpack_publicize_feature_enabled":true,"jetpack_social_post_already_shared":true,"jetpack_social_options":{"image_generator_settings":{"template":"highway","default_image_id":0,"font":"","enabled":false},"version":2},"_wpas_customize_per_network":false},"categories":[9791],"tags":[16428,16175,16313,134],"class_list":["post-118128","post","type-post","status-publish","format-standard","has-post-thumbnail","hentry","category-salud","tag-casos-positivos","tag-coronavirus","tag-covid-19","tag-salud","generate-columns","tablet-grid-50","mobile-grid-100","grid-parent","grid-50"],"jetpack_publicize_connections":[],"jetpack_featured_media_url":"https:\/\/www.hoymercedes.com.ar\/principal\/wp-content\/uploads\/2020\/10\/WhatsApp-Image-2020-10-07-at-22.02.45.jpeg","wps_subtitle":"Cierre del d\u00eda","jetpack_sharing_enabled":true,"_links":{"self":[{"href":"https:\/\/www.hoymercedes.com.ar\/principal\/wp-json\/wp\/v2\/posts\/118128","targetHints":{"allow":["GET"]}}],"collection":[{"href":"https:\/\/www.hoymercedes.com.ar\/principal\/wp-json\/wp\/v2\/posts"}],"about":[{"href":"https:\/\/www.hoymercedes.com.ar\/principal\/wp-json\/wp\/v2\/types\/post"}],"author":[{"embeddable":true,"href":"https:\/\/www.hoymercedes.com.ar\/principal\/wp-json\/wp\/v2\/users\/1"}],"replies":[{"embeddable":true,"href":"https:\/\/www.hoymercedes.com.ar\/principal\/wp-json\/wp\/v2\/comments?post=118128"}],"version-history":[{"count":0,"href":"https:\/\/www.hoymercedes.com.ar\/principal\/wp-json\/wp\/v2\/posts\/118128\/revisions"}],"wp:featuredmedia":[{"embeddable":true,"href":"https:\/\/www.hoymercedes.com.ar\/principal\/wp-json\/wp\/v2\/media\/118146"}],"wp:attachment":[{"href":"https:\/\/www.hoymercedes.com.ar\/principal\/wp-json\/wp\/v2\/media?parent=118128"}],"wp:term":[{"taxonomy":"category","embeddable":true,"href":"https:\/\/www.hoymercedes.com.ar\/principal\/wp-json\/wp\/v2\/categories?post=118128"},{"taxonomy":"post_tag","embeddable":true,"href":"https:\/\/www.hoymercedes.com.ar\/principal\/wp-json\/wp\/v2\/tags?post=118128"}],"curies":[{"name":"wp","href":"https:\/\/api.w.org\/{rel}","templated":true}]}}