{"id":118156,"date":"2020-10-08T07:49:55","date_gmt":"2020-10-08T10:49:55","guid":{"rendered":"http:\/\/www.hoymercedes.com.ar\/principal\/?p=118156"},"modified":"2020-10-08T15:54:45","modified_gmt":"2020-10-08T18:54:45","slug":"capacitacion-para-el-personal-de-seguridad-motorizado","status":"publish","type":"post","link":"https:\/\/www.hoymercedes.com.ar\/principal\/2020\/10\/08\/capacitacion-para-el-personal-de-seguridad-motorizado\/","title":{"rendered":"Capacitaci\u00f3n para el personal de seguridad motorizado"},"content":{"rendered":"\n<p>El Municipio de Mercedes, a trav\u00e9s del \u00e1rea de seguridad, y en un trabajo en conjunto con la Agencia Nacional de Seguridad Vial, llev\u00f3 adelante un curso de manejo seguro en moto. El mismo se denomina \u201cFormar para Educar\u201d y estuvo dirigido al personal de la polic\u00eda motorizada de la Comunal Mercedes. <\/p>\n\n\n\n<p>En la jornada del mi\u00e9rcoles se llev\u00f3 adelante una capacitaci\u00f3n para la polic\u00eda motorizada y los agentes de tr\u00e1nsito. Gonzalo Anselmo, el Subsecretario de Seguridad, explic\u00f3 que la capacitaci\u00f3n permitir\u00e1 \u00abbrindar un mejor servicio\u201d\u00a0<\/p>\n\n\n\n<p>Laura Moyano, quien coordina estos cursos, explic\u00f3 que \u201cFormar para Educar\u201d es una capacitaci\u00f3n orientada a las fuerzas de seguridad y a la practica del manejo seguro en moto para la protecci\u00f3n del ciudadano. \u00a0<\/p>\n\n\n\n<div class=\"wp-block-image\"><figure class=\"aligncenter size-large\"><img loading=\"lazy\" decoding=\"async\" width=\"800\" height=\"533\" data-attachment-id=\"118157\" data-permalink=\"https:\/\/www.hoymercedes.com.ar\/principal\/2020\/10\/08\/capacitacion-para-el-personal-de-seguridad-motorizado\/08-seg-moto\/#main\" data-orig-file=\"https:\/\/www.hoymercedes.com.ar\/principal\/wp-content\/uploads\/2020\/10\/08-seg-moto.jpg\" data-orig-size=\"800,533\" data-comments-opened=\"0\" data-image-meta=\"{&quot;aperture&quot;:&quot;0&quot;,&quot;credit&quot;:&quot;&quot;,&quot;camera&quot;:&quot;&quot;,&quot;caption&quot;:&quot;&quot;,&quot;created_timestamp&quot;:&quot;0&quot;,&quot;copyright&quot;:&quot;&quot;,&quot;focal_length&quot;:&quot;0&quot;,&quot;iso&quot;:&quot;0&quot;,&quot;shutter_speed&quot;:&quot;0&quot;,&quot;title&quot;:&quot;&quot;,&quot;orientation&quot;:&quot;0&quot;}\" data-image-title=\"08 seg moto\" data-image-description=\"\" data-image-caption=\"\" data-large-file=\"https:\/\/www.hoymercedes.com.ar\/principal\/wp-content\/uploads\/2020\/10\/08-seg-moto.jpg\" src=\"https:\/\/www.hoymercedes.com.ar\/principal\/wp-content\/uploads\/2020\/10\/08-seg-moto.jpg\" alt=\"\" class=\"wp-image-118157\" srcset=\"https:\/\/www.hoymercedes.com.ar\/principal\/wp-content\/uploads\/2020\/10\/08-seg-moto.jpg 800w, https:\/\/www.hoymercedes.com.ar\/principal\/wp-content\/uploads\/2020\/10\/08-seg-moto-630x420.jpg 630w, https:\/\/www.hoymercedes.com.ar\/principal\/wp-content\/uploads\/2020\/10\/08-seg-moto-150x100.jpg 150w, https:\/\/www.hoymercedes.com.ar\/principal\/wp-content\/uploads\/2020\/10\/08-seg-moto-700x465.jpg 700w\" sizes=\"auto, (max-width: 800px) 100vw, 800px\" \/><\/figure><\/div>\n","protected":false},"excerpt":{"rendered":"<p>El Municipio de Mercedes, a trav\u00e9s del \u00e1rea de seguridad, y en un trabajo en conjunto con la Agencia Nacional &#8230; <a title=\"Capacitaci\u00f3n para el personal de seguridad motorizado\" class=\"read-more\" href=\"https:\/\/www.hoymercedes.com.ar\/principal\/2020\/10\/08\/capacitacion-para-el-personal-de-seguridad-motorizado\/\" aria-label=\"Leer m\u00e1s sobre Capacitaci\u00f3n para el personal de seguridad motorizado\">Leer m\u00e1s<\/a><\/p>\n","protected":false},"author":1,"featured_media":118157,"comment_status":"closed","ping_status":"open","sticky":false,"template":"","format":"standard","meta":{"_monsterinsights_skip_tracking":false,"_monsterinsights_sitenote_active":false,"_monsterinsights_sitenote_note":"","_monsterinsights_sitenote_category":0,"jetpack_post_was_ever_published":false,"_jetpack_newsletter_access":"","_jetpack_dont_email_post_to_subs":false,"_jetpack_newsletter_tier_id":0,"_jetpack_memberships_contains_paywalled_content":false,"_jetpack_memberships_contains_paid_content":false,"footnotes":"","jetpack_publicize_message":"","jetpack_publicize_feature_enabled":true,"jetpack_social_post_already_shared":true,"jetpack_social_options":{"image_generator_settings":{"template":"highway","default_image_id":0,"font":"","enabled":false},"version":2},"_wpas_customize_per_network":false},"categories":[30],"tags":[8656,244],"class_list":["post-118156","post","type-post","status-publish","format-standard","has-post-thumbnail","hentry","category-municipio","tag-capacitacion","tag-municipio-2","generate-columns","tablet-grid-50","mobile-grid-100","grid-parent","grid-50"],"jetpack_publicize_connections":[],"jetpack_featured_media_url":"https:\/\/www.hoymercedes.com.ar\/principal\/wp-content\/uploads\/2020\/10\/08-seg-moto.jpg","wps_subtitle":"","jetpack_sharing_enabled":true,"_links":{"self":[{"href":"https:\/\/www.hoymercedes.com.ar\/principal\/wp-json\/wp\/v2\/posts\/118156","targetHints":{"allow":["GET"]}}],"collection":[{"href":"https:\/\/www.hoymercedes.com.ar\/principal\/wp-json\/wp\/v2\/posts"}],"about":[{"href":"https:\/\/www.hoymercedes.com.ar\/principal\/wp-json\/wp\/v2\/types\/post"}],"author":[{"embeddable":true,"href":"https:\/\/www.hoymercedes.com.ar\/principal\/wp-json\/wp\/v2\/users\/1"}],"replies":[{"embeddable":true,"href":"https:\/\/www.hoymercedes.com.ar\/principal\/wp-json\/wp\/v2\/comments?post=118156"}],"version-history":[{"count":0,"href":"https:\/\/www.hoymercedes.com.ar\/principal\/wp-json\/wp\/v2\/posts\/118156\/revisions"}],"wp:featuredmedia":[{"embeddable":true,"href":"https:\/\/www.hoymercedes.com.ar\/principal\/wp-json\/wp\/v2\/media\/118157"}],"wp:attachment":[{"href":"https:\/\/www.hoymercedes.com.ar\/principal\/wp-json\/wp\/v2\/media?parent=118156"}],"wp:term":[{"taxonomy":"category","embeddable":true,"href":"https:\/\/www.hoymercedes.com.ar\/principal\/wp-json\/wp\/v2\/categories?post=118156"},{"taxonomy":"post_tag","embeddable":true,"href":"https:\/\/www.hoymercedes.com.ar\/principal\/wp-json\/wp\/v2\/tags?post=118156"}],"curies":[{"name":"wp","href":"https:\/\/api.w.org\/{rel}","templated":true}]}}