{"id":118160,"date":"2020-10-08T10:39:24","date_gmt":"2020-10-08T13:39:24","guid":{"rendered":"http:\/\/www.hoymercedes.com.ar\/principal\/?p=118160"},"modified":"2020-10-08T15:54:29","modified_gmt":"2020-10-08T18:54:29","slug":"ate-decidio-aprobar-la-paritaria-salarial-bonaerense","status":"publish","type":"post","link":"https:\/\/www.hoymercedes.com.ar\/principal\/2020\/10\/08\/ate-decidio-aprobar-la-paritaria-salarial-bonaerense\/","title":{"rendered":"ATE decidi\u00f3 aprobar la paritaria salarial bonaerense"},"content":{"rendered":"\n<p>La votaci\u00f3n entre los trabajadores reunidos en el gremio se realiz\u00f3 una vez finalizada la reuni\u00f3n paritaria que engloba a los y las trabajadoras de la Ley 10.430.<\/p>\n\n\n\n<div class=\"wp-block-image\"><figure class=\"aligncenter size-large\"><img loading=\"lazy\" decoding=\"async\" width=\"800\" height=\"533\" data-attachment-id=\"118161\" data-permalink=\"https:\/\/www.hoymercedes.com.ar\/principal\/2020\/10\/08\/ate-decidio-aprobar-la-paritaria-salarial-bonaerense\/08-ate-provincia\/#main\" data-orig-file=\"https:\/\/www.hoymercedes.com.ar\/principal\/wp-content\/uploads\/2020\/10\/08-ATE-provincia.jpg\" data-orig-size=\"800,533\" data-comments-opened=\"0\" data-image-meta=\"{&quot;aperture&quot;:&quot;0&quot;,&quot;credit&quot;:&quot;&quot;,&quot;camera&quot;:&quot;&quot;,&quot;caption&quot;:&quot;&quot;,&quot;created_timestamp&quot;:&quot;0&quot;,&quot;copyright&quot;:&quot;&quot;,&quot;focal_length&quot;:&quot;0&quot;,&quot;iso&quot;:&quot;0&quot;,&quot;shutter_speed&quot;:&quot;0&quot;,&quot;title&quot;:&quot;&quot;,&quot;orientation&quot;:&quot;0&quot;}\" data-image-title=\"08-ATE-provincia\" data-image-description=\"\" data-image-caption=\"\" data-large-file=\"https:\/\/www.hoymercedes.com.ar\/principal\/wp-content\/uploads\/2020\/10\/08-ATE-provincia.jpg\" src=\"https:\/\/www.hoymercedes.com.ar\/principal\/wp-content\/uploads\/2020\/10\/08-ATE-provincia.jpg\" alt=\"\" class=\"wp-image-118161\" srcset=\"https:\/\/www.hoymercedes.com.ar\/principal\/wp-content\/uploads\/2020\/10\/08-ATE-provincia.jpg 800w, https:\/\/www.hoymercedes.com.ar\/principal\/wp-content\/uploads\/2020\/10\/08-ATE-provincia-630x420.jpg 630w, https:\/\/www.hoymercedes.com.ar\/principal\/wp-content\/uploads\/2020\/10\/08-ATE-provincia-150x100.jpg 150w, https:\/\/www.hoymercedes.com.ar\/principal\/wp-content\/uploads\/2020\/10\/08-ATE-provincia-700x465.jpg 700w\" sizes=\"auto, (max-width: 800px) 100vw, 800px\" \/><\/figure><\/div>\n\n\n\n<p>El Secretario General de ATE Bonaerense, Oscar de Isasi, consider\u00f3: \u201cLa propuesta salarial realizada por el Gobierno es superadora a la anterior, conteniendo criterios que desde ATE ven\u00edamos planteando, como empezar a resolver la grave situaci\u00f3n salarial que estamos atravesando los estatales de la provincia. En el marco de una pandemia, de una fuerte recesi\u00f3n econ\u00f3mica y donde la p\u00e9rdida del empleo a nivel nacional es cotidiana, lograr una paritaria de estas caracter\u00edsticas no resuelve las cuestiones de fondo pero marca un camino a seguir\u201d.<\/p>\n\n\n\n<p>Y afirm\u00f3: \u201cEl aumento promedio es del 28,5% a noviembre 2020, momento en que la paritaria se vuelve a abrir (en diciembre se reanudan las discusiones de este a\u00f1o), con lo cual no se estar\u00eda perdiendo salarios a manos de la inflaci\u00f3n\u201d.<\/p>\n\n\n\n<p>Por otra parte, de Isasi consider\u00f3: \u201cEs importante el criterio que prim\u00f3 de inyectar recursos en sectores que est\u00e1n muy atrasados en materia salarial, como por ejemplo el caso de los auxiliares de la educaci\u00f3n donde el aumento trasciende largamente el 35%, en los trabajadores de la salud que supera el 40% y en los trabajadores de ni\u00f1ez el 30%. Otros sectores que se encuentran en similares condiciones ser\u00e1n tratados en mesas t\u00e9cnicas sectoriales, para que de una vez por todas terminemos con las inequidades salariales\u201d.<\/p>\n\n\n\n<p>Asimismo, se inform\u00f3 que con el sueldo de noviembre a cobrar en diciembre el Gobierno va a pagar $2000 de bono a aquellos trabajadores que cobren menos de $33.750, lo que significan dos salarios m\u00ednimos vital y m\u00f3vil a la fecha. \u201cEn diciembre vamos a exigir que este bono se transforme en salario\u201d, dijo de Isasi.<\/p>\n\n\n\n<p>Otro de los datos destacables de la paritaria es la efectivizaci\u00f3n a partir de enero de las recategorizaciones a partir de enero y el avance en lo que tiene que ver con el aumento en los montos y los techos de las asignaciones familiares en un 30%.<\/p>\n\n\n\n<p>\u201cEn t\u00e9rminos generales esta paritaria que es por tres meses que se reabre en diciembre tiene aspectos muy importantes porque no nos hace perder a manos de la inflaci\u00f3n, eleva los salarios m\u00e1s bajos de la administraci\u00f3n p\u00fablica provincial, aumenta las asignaciones familiares, efectiviza las recategorizaciones, y nos mete en el camino de la carrera administrativa y de la discusi\u00f3n del convenio colectivo\u201d, dijo de Isasi.<\/p>\n\n\n\n<p>Para finalizar, el secretario general se\u00f1al\u00f3: \u201cAhora debemos profundizar el camino para recuperar definitivamente el poder adquisitivo de los estatales, dignificar y jerarquizar la tarea de nuestros compa\u00f1eros y compa\u00f1eras y bregar por la consecuci\u00f3n de una reforma impositiva que distribuya la riqueza de la de la provincia m\u00e1s justamente y por un presupuesto 2021 que priorice la inversi\u00f3n en el trabajo, la producci\u00f3n y las pol\u00edticas sociales. Es decir, poner como horizonte un Estado democr\u00e1tico, participativo y popular al servicio de las mayor\u00edas populares\u201d.<\/p>\n\n\n\n<p>En los pr\u00f3ximos d\u00edas, desde ATE Bonaerense estar\u00e1n realizando un informe pormenorizado con el acuerdo alcanzado.<\/p>\n\n\n\n<p>Fuente: Prensa ATE Provincia de Buenos Aires<\/p>\n","protected":false},"excerpt":{"rendered":"<p>La votaci\u00f3n entre los trabajadores reunidos en el gremio se realiz\u00f3 una vez finalizada la reuni\u00f3n paritaria que engloba a &#8230; <a title=\"ATE decidi\u00f3 aprobar la paritaria salarial bonaerense\" class=\"read-more\" href=\"https:\/\/www.hoymercedes.com.ar\/principal\/2020\/10\/08\/ate-decidio-aprobar-la-paritaria-salarial-bonaerense\/\" aria-label=\"Leer m\u00e1s sobre ATE decidi\u00f3 aprobar la paritaria salarial bonaerense\">Leer m\u00e1s<\/a><\/p>\n","protected":false},"author":1,"featured_media":118161,"comment_status":"closed","ping_status":"open","sticky":false,"template":"","format":"standard","meta":{"_monsterinsights_skip_tracking":false,"_monsterinsights_sitenote_active":false,"_monsterinsights_sitenote_note":"","_monsterinsights_sitenote_category":0,"jetpack_post_was_ever_published":false,"_jetpack_newsletter_access":"","_jetpack_dont_email_post_to_subs":false,"_jetpack_newsletter_tier_id":0,"_jetpack_memberships_contains_paywalled_content":false,"_jetpack_memberships_contains_paid_content":false,"footnotes":"","jetpack_publicize_message":"","jetpack_publicize_feature_enabled":true,"jetpack_social_post_already_shared":true,"jetpack_social_options":{"image_generator_settings":{"template":"highway","default_image_id":0,"font":"","enabled":false},"version":2},"_wpas_customize_per_network":false},"categories":[10563],"tags":[418,8799,1803,1443],"class_list":["post-118160","post","type-post","status-publish","format-standard","has-post-thumbnail","hentry","category-gremios-sindicatos","tag-ate","tag-gremios","tag-provincia","tag-sindicatos","generate-columns","tablet-grid-50","mobile-grid-100","grid-parent","grid-50"],"jetpack_publicize_connections":[],"jetpack_featured_media_url":"https:\/\/www.hoymercedes.com.ar\/principal\/wp-content\/uploads\/2020\/10\/08-ATE-provincia.jpg","wps_subtitle":"Acuerdo para los estatales bonaerense","jetpack_sharing_enabled":true,"_links":{"self":[{"href":"https:\/\/www.hoymercedes.com.ar\/principal\/wp-json\/wp\/v2\/posts\/118160","targetHints":{"allow":["GET"]}}],"collection":[{"href":"https:\/\/www.hoymercedes.com.ar\/principal\/wp-json\/wp\/v2\/posts"}],"about":[{"href":"https:\/\/www.hoymercedes.com.ar\/principal\/wp-json\/wp\/v2\/types\/post"}],"author":[{"embeddable":true,"href":"https:\/\/www.hoymercedes.com.ar\/principal\/wp-json\/wp\/v2\/users\/1"}],"replies":[{"embeddable":true,"href":"https:\/\/www.hoymercedes.com.ar\/principal\/wp-json\/wp\/v2\/comments?post=118160"}],"version-history":[{"count":0,"href":"https:\/\/www.hoymercedes.com.ar\/principal\/wp-json\/wp\/v2\/posts\/118160\/revisions"}],"wp:featuredmedia":[{"embeddable":true,"href":"https:\/\/www.hoymercedes.com.ar\/principal\/wp-json\/wp\/v2\/media\/118161"}],"wp:attachment":[{"href":"https:\/\/www.hoymercedes.com.ar\/principal\/wp-json\/wp\/v2\/media?parent=118160"}],"wp:term":[{"taxonomy":"category","embeddable":true,"href":"https:\/\/www.hoymercedes.com.ar\/principal\/wp-json\/wp\/v2\/categories?post=118160"},{"taxonomy":"post_tag","embeddable":true,"href":"https:\/\/www.hoymercedes.com.ar\/principal\/wp-json\/wp\/v2\/tags?post=118160"}],"curies":[{"name":"wp","href":"https:\/\/api.w.org\/{rel}","templated":true}]}}