{"id":118200,"date":"2020-10-08T19:28:17","date_gmt":"2020-10-08T22:28:17","guid":{"rendered":"http:\/\/www.hoymercedes.com.ar\/principal\/?p=118200"},"modified":"2020-10-09T18:48:40","modified_gmt":"2020-10-09T21:48:40","slug":"concejales-proponen-autorizar-el-estudio-e-investigacion-del-cannabis-para-uso-medicinal","status":"publish","type":"post","link":"https:\/\/www.hoymercedes.com.ar\/principal\/2020\/10\/08\/concejales-proponen-autorizar-el-estudio-e-investigacion-del-cannabis-para-uso-medicinal\/","title":{"rendered":"Concejales proponen autorizar el estudio e investigaci\u00f3n del cannabis para uso medicinal"},"content":{"rendered":"\n<p>En el marco de los proyectos presentados por el bloque de Concejales del Juntos por el Cambio resalta como proyecto de ordenanza que autoriza al Municipio a suscribir convenios con los organismos involucrados en el Programa Nacional para el estudio y la investigaci\u00f3n de uso medicinal de la planta de Cannabis, sus derivados y tratamientos no convencionales, en la \u00f3rbita del Ministerio de Salud\u201d, as\u00ed como a \u00abrealizar todas las gestiones necesarias para que se obtenga la autorizaci\u00f3n para cultivar Cannabis a los fines del mencionado programa\u00bb.\u00a0\u00a0<\/p>\n\n\n\n<div class=\"wp-block-image\"><figure class=\"aligncenter size-large\"><img loading=\"lazy\" decoding=\"async\" width=\"750\" height=\"500\" data-attachment-id=\"95826\" data-permalink=\"https:\/\/www.hoymercedes.com.ar\/principal\/2019\/06\/29\/la-justicia-ordeno-al-estado-suministrar-cannabis-medicinal\/29-aceite-cannabis\/#main\" data-orig-file=\"https:\/\/www.hoymercedes.com.ar\/principal\/wp-content\/uploads\/2019\/06\/29-aceite-cannabis.jpg\" data-orig-size=\"750,500\" data-comments-opened=\"0\" data-image-meta=\"{&quot;aperture&quot;:&quot;0&quot;,&quot;credit&quot;:&quot;&quot;,&quot;camera&quot;:&quot;&quot;,&quot;caption&quot;:&quot;&quot;,&quot;created_timestamp&quot;:&quot;0&quot;,&quot;copyright&quot;:&quot;&quot;,&quot;focal_length&quot;:&quot;0&quot;,&quot;iso&quot;:&quot;0&quot;,&quot;shutter_speed&quot;:&quot;0&quot;,&quot;title&quot;:&quot;&quot;,&quot;orientation&quot;:&quot;1&quot;}\" data-image-title=\"29 aceite cannabis\" data-image-description=\"\" data-image-caption=\"\" data-large-file=\"https:\/\/www.hoymercedes.com.ar\/principal\/wp-content\/uploads\/2019\/06\/29-aceite-cannabis.jpg\" src=\"https:\/\/www.hoymercedes.com.ar\/principal\/wp-content\/uploads\/2019\/06\/29-aceite-cannabis.jpg\" alt=\"\" class=\"wp-image-95826\" srcset=\"https:\/\/www.hoymercedes.com.ar\/principal\/wp-content\/uploads\/2019\/06\/29-aceite-cannabis.jpg 750w, https:\/\/www.hoymercedes.com.ar\/principal\/wp-content\/uploads\/2019\/06\/29-aceite-cannabis-150x100.jpg 150w, https:\/\/www.hoymercedes.com.ar\/principal\/wp-content\/uploads\/2019\/06\/29-aceite-cannabis-630x420.jpg 630w, https:\/\/www.hoymercedes.com.ar\/principal\/wp-content\/uploads\/2019\/06\/29-aceite-cannabis-720x480.jpg 720w, https:\/\/www.hoymercedes.com.ar\/principal\/wp-content\/uploads\/2019\/06\/29-aceite-cannabis-360x240.jpg 360w\" sizes=\"auto, (max-width: 750px) 100vw, 750px\" \/><\/figure><\/div>\n\n\n\n<p>El proyecto, que ingresa a su tratamiento en la pr\u00f3xima sesi\u00f3n cel Concejo Deliberante, busca regular localmente la actividad establecia por la ley N\u00b0 27.350, una norma nacional que establece el marco regulatorio para la investigaci\u00f3n m\u00e9dica cient\u00edfica del uso medicinal, terap\u00e9utico y\/o paliativo del dolor de la planta de cannabis y sus derivados, garantizando y promoviendo el cuidado integral de salud.\u00a0 <\/p>\n\n\n\n<p>En su articulado, el proyecto adem\u00e1s de la autorizaci\u00f3n a suscribir convenios, faculta al Ejecutivo a desarrollar \u00abel Cultivo Comunitario de Cannabis con fines medicinales y de investigaci\u00f3n Cient\u00edfica\u201d, bajo el cumplimiento de la Ley Nacional 27.350, su Decreto Reglamentario 738\/2017; la Ley Provincial 14.924; Resoluciones 1537\/2017 del Ministerio de Salud de la Naci\u00f3n y Resoluci\u00f3n 258\/18 del Ministerio de Seguridad de la Naci\u00f3n.\u00a0<\/p>\n\n\n\n<p>Asimismo, faculta a la comuna a \u00abdesarrollar la producci\u00f3n p\u00fablica de cannabis en todas sus variedades y su eventual industrializaci\u00f3n en cantidades suficientes para su uso exclusivamente medicinal, terap\u00e9utico y de investigaci\u00f3n, a trav\u00e9s del \u00e1rea que corresponda\u00bb. Para esto proponen que se disponga del Vivero Municipal para llevar a cabo el proyecto.\u00a0<\/p>\n","protected":false},"excerpt":{"rendered":"<p>En el marco de los proyectos presentados por el bloque de Concejales del Juntos por el Cambio resalta como proyecto &#8230; <a title=\"Concejales proponen autorizar el estudio e investigaci\u00f3n del cannabis para uso medicinal\" class=\"read-more\" href=\"https:\/\/www.hoymercedes.com.ar\/principal\/2020\/10\/08\/concejales-proponen-autorizar-el-estudio-e-investigacion-del-cannabis-para-uso-medicinal\/\" aria-label=\"Leer m\u00e1s sobre Concejales proponen autorizar el estudio e investigaci\u00f3n del cannabis para uso medicinal\">Leer m\u00e1s<\/a><\/p>\n","protected":false},"author":1,"featured_media":95826,"comment_status":"closed","ping_status":"open","sticky":false,"template":"","format":"standard","meta":{"_monsterinsights_skip_tracking":false,"_monsterinsights_sitenote_active":false,"_monsterinsights_sitenote_note":"","_monsterinsights_sitenote_category":0,"jetpack_post_was_ever_published":false,"_jetpack_newsletter_access":"","_jetpack_dont_email_post_to_subs":false,"_jetpack_newsletter_tier_id":0,"_jetpack_memberships_contains_paywalled_content":false,"_jetpack_memberships_contains_paid_content":false,"footnotes":"","jetpack_publicize_message":"","jetpack_publicize_feature_enabled":true,"jetpack_social_post_already_shared":true,"jetpack_social_options":{"image_generator_settings":{"template":"highway","default_image_id":0,"font":"","enabled":false},"version":2},"_wpas_customize_per_network":false},"categories":[8],"tags":[8993,15,15365],"class_list":["post-118200","post","type-post","status-publish","format-standard","has-post-thumbnail","hentry","category-sociedad","tag-concejales","tag-hcd","tag-juntos-por-el-cambio","generate-columns","tablet-grid-50","mobile-grid-100","grid-parent","grid-50"],"jetpack_publicize_connections":[],"jetpack_featured_media_url":"https:\/\/www.hoymercedes.com.ar\/principal\/wp-content\/uploads\/2019\/06\/29-aceite-cannabis.jpg","wps_subtitle":"Ingresa al legislativo para su an\u00e1lisis","jetpack_sharing_enabled":true,"_links":{"self":[{"href":"https:\/\/www.hoymercedes.com.ar\/principal\/wp-json\/wp\/v2\/posts\/118200","targetHints":{"allow":["GET"]}}],"collection":[{"href":"https:\/\/www.hoymercedes.com.ar\/principal\/wp-json\/wp\/v2\/posts"}],"about":[{"href":"https:\/\/www.hoymercedes.com.ar\/principal\/wp-json\/wp\/v2\/types\/post"}],"author":[{"embeddable":true,"href":"https:\/\/www.hoymercedes.com.ar\/principal\/wp-json\/wp\/v2\/users\/1"}],"replies":[{"embeddable":true,"href":"https:\/\/www.hoymercedes.com.ar\/principal\/wp-json\/wp\/v2\/comments?post=118200"}],"version-history":[{"count":0,"href":"https:\/\/www.hoymercedes.com.ar\/principal\/wp-json\/wp\/v2\/posts\/118200\/revisions"}],"wp:featuredmedia":[{"embeddable":true,"href":"https:\/\/www.hoymercedes.com.ar\/principal\/wp-json\/wp\/v2\/media\/95826"}],"wp:attachment":[{"href":"https:\/\/www.hoymercedes.com.ar\/principal\/wp-json\/wp\/v2\/media?parent=118200"}],"wp:term":[{"taxonomy":"category","embeddable":true,"href":"https:\/\/www.hoymercedes.com.ar\/principal\/wp-json\/wp\/v2\/categories?post=118200"},{"taxonomy":"post_tag","embeddable":true,"href":"https:\/\/www.hoymercedes.com.ar\/principal\/wp-json\/wp\/v2\/tags?post=118200"}],"curies":[{"name":"wp","href":"https:\/\/api.w.org\/{rel}","templated":true}]}}