{"id":118214,"date":"2020-10-09T06:38:50","date_gmt":"2020-10-09T09:38:50","guid":{"rendered":"http:\/\/www.hoymercedes.com.ar\/principal\/?p=118214"},"modified":"2020-10-09T18:44:23","modified_gmt":"2020-10-09T21:44:23","slug":"fallecio-el-abogado-alfredo-bani","status":"publish","type":"post","link":"https:\/\/www.hoymercedes.com.ar\/principal\/2020\/10\/09\/fallecio-el-abogado-alfredo-bani\/","title":{"rendered":"Falleci\u00f3 el abogado Alfredo Bani"},"content":{"rendered":"\n<p>H\u00e9ctor Alfredo Bani, falleci\u00f3 este jueves. Con 70 a\u00f1os, el abogado fue director de la Asesor\u00eda Legal durante toda la gesti\u00f3n del ex intendente Julio C\u00e9sar Gioscio. Supo tener una activa actividad p\u00fablica. Ser\u00e1 llevado al Cementerio local a la hora 15 de este viernes. <\/p>\n\n\n\n<p>Entre diversas intervenciones como letrado, se recuerda cunando en 2010 denunci\u00f3 a la comuna ante el INADI como representante de varios trabajadores municipales que hab\u00edan sido excluidos de un beneficio extraordinario salarial planteado por decreto. Tras esta denuncia, el abogado realiz\u00f3 una sentada en los pasillos del Palacio Comunal hasta ser atendido por las autoridades del \u00e1rea de gobierno de la \u00e9poca. <\/p>\n\n\n\n<p>En los \u00faltimos a\u00f1os Alfredo reconoci\u00f3 padecer distintas cuestiones que perjudicaron gravemente su salud.<\/p>\n\n\n\n<p>Recientemente estuvo internado en el Hospital Dubarry, donde este jueves 8 de octubre se produce su fallecimiento. <\/p>\n\n\n\n<p>R\u00e1pidamente emergieron vastos mensajes de afecto y cari\u00f1o de quienes lo conocieron.   <\/p>\n\n\n\n<p>Desde Hoy Mercedes enviamos nuestro p\u00e9same a la familia de quien supo ilustrar con sus reflexiones y an\u00e1lisis en varias entrevistas nuestro medio.  <\/p>\n","protected":false},"excerpt":{"rendered":"<p>H\u00e9ctor Alfredo Bani, falleci\u00f3 este jueves. Con 70 a\u00f1os, el abogado fue director de la Asesor\u00eda Legal durante toda la &#8230; <a title=\"Falleci\u00f3 el abogado Alfredo Bani\" class=\"read-more\" href=\"https:\/\/www.hoymercedes.com.ar\/principal\/2020\/10\/09\/fallecio-el-abogado-alfredo-bani\/\" aria-label=\"Leer m\u00e1s sobre Falleci\u00f3 el abogado Alfredo Bani\">Leer m\u00e1s<\/a><\/p>\n","protected":false},"author":1,"featured_media":118216,"comment_status":"closed","ping_status":"open","sticky":false,"template":"","format":"standard","meta":{"_monsterinsights_skip_tracking":false,"_monsterinsights_sitenote_active":false,"_monsterinsights_sitenote_note":"","_monsterinsights_sitenote_category":0,"jetpack_post_was_ever_published":false,"_jetpack_newsletter_access":"","_jetpack_dont_email_post_to_subs":false,"_jetpack_newsletter_tier_id":0,"_jetpack_memberships_contains_paywalled_content":false,"_jetpack_memberships_contains_paid_content":false,"footnotes":"","jetpack_publicize_message":"","jetpack_publicize_feature_enabled":true,"jetpack_social_post_already_shared":true,"jetpack_social_options":{"image_generator_settings":{"template":"highway","default_image_id":0,"font":"","enabled":false},"version":2},"_wpas_customize_per_network":false},"categories":[8],"tags":[8777,8834],"class_list":["post-118214","post","type-post","status-publish","format-standard","has-post-thumbnail","hentry","category-sociedad","tag-fallecimiento","tag-homenaje","generate-columns","tablet-grid-50","mobile-grid-100","grid-parent","grid-50"],"jetpack_publicize_connections":[],"jetpack_featured_media_url":"https:\/\/www.hoymercedes.com.ar\/principal\/wp-content\/uploads\/2020\/10\/alfredo-bani.jpg","wps_subtitle":"En la tarde del jueves","jetpack_sharing_enabled":true,"_links":{"self":[{"href":"https:\/\/www.hoymercedes.com.ar\/principal\/wp-json\/wp\/v2\/posts\/118214","targetHints":{"allow":["GET"]}}],"collection":[{"href":"https:\/\/www.hoymercedes.com.ar\/principal\/wp-json\/wp\/v2\/posts"}],"about":[{"href":"https:\/\/www.hoymercedes.com.ar\/principal\/wp-json\/wp\/v2\/types\/post"}],"author":[{"embeddable":true,"href":"https:\/\/www.hoymercedes.com.ar\/principal\/wp-json\/wp\/v2\/users\/1"}],"replies":[{"embeddable":true,"href":"https:\/\/www.hoymercedes.com.ar\/principal\/wp-json\/wp\/v2\/comments?post=118214"}],"version-history":[{"count":0,"href":"https:\/\/www.hoymercedes.com.ar\/principal\/wp-json\/wp\/v2\/posts\/118214\/revisions"}],"wp:featuredmedia":[{"embeddable":true,"href":"https:\/\/www.hoymercedes.com.ar\/principal\/wp-json\/wp\/v2\/media\/118216"}],"wp:attachment":[{"href":"https:\/\/www.hoymercedes.com.ar\/principal\/wp-json\/wp\/v2\/media?parent=118214"}],"wp:term":[{"taxonomy":"category","embeddable":true,"href":"https:\/\/www.hoymercedes.com.ar\/principal\/wp-json\/wp\/v2\/categories?post=118214"},{"taxonomy":"post_tag","embeddable":true,"href":"https:\/\/www.hoymercedes.com.ar\/principal\/wp-json\/wp\/v2\/tags?post=118214"}],"curies":[{"name":"wp","href":"https:\/\/api.w.org\/{rel}","templated":true}]}}