{"id":118229,"date":"2020-10-09T12:19:02","date_gmt":"2020-10-09T15:19:02","guid":{"rendered":"http:\/\/www.hoymercedes.com.ar\/principal\/?p=118229"},"modified":"2020-10-09T18:43:42","modified_gmt":"2020-10-09T21:43:42","slug":"provincia-presento-propuesta-salarial-a-los-docentes","status":"publish","type":"post","link":"https:\/\/www.hoymercedes.com.ar\/principal\/2020\/10\/09\/provincia-presento-propuesta-salarial-a-los-docentes\/","title":{"rendered":"Provincia present\u00f3 propuesta salarial a los docentes"},"content":{"rendered":"\n<p>El ofrecimiento consiste en una suba del 6,5%, retroactivo a septiembre y se otorgar\u00e1n aumentos diferenciados apuntalando el salario del maestro inicial de grado con jornada simple que ascender\u00e1 a $36.003 en el mes de diciembre. Las partes se comprometen a monitorear conjuntamente la evoluci\u00f3n de los salarios y de la econom\u00eda nacional y provincial, para evaluar el resultado del acuerdo. Tambi\u00e9n se propuso un incremento, en tramos y montos, del 30% en las asignaciones familiares. Participaron de la mesa t\u00e9cnica salarial representantes gremiales de SUTEBA, FEB, SADOP, UDA, UDOCBA, AMET, UPCN, y ATE, ademas de las autoridades de Hacienda, Trabajo y Educaci\u00f3n del gobierno provincial.\u00a0<\/p>\n\n\n\n<div class=\"wp-block-image\"><figure class=\"aligncenter size-large\"><img loading=\"lazy\" decoding=\"async\" width=\"800\" height=\"533\" data-attachment-id=\"118230\" data-permalink=\"https:\/\/www.hoymercedes.com.ar\/principal\/2020\/10\/09\/provincia-presento-propuesta-salarial-a-los-docentes\/mail-3\/#main\" data-orig-file=\"https:\/\/www.hoymercedes.com.ar\/principal\/wp-content\/uploads\/2020\/10\/mail-3.jpg\" data-orig-size=\"800,533\" data-comments-opened=\"0\" data-image-meta=\"{&quot;aperture&quot;:&quot;0&quot;,&quot;credit&quot;:&quot;&quot;,&quot;camera&quot;:&quot;&quot;,&quot;caption&quot;:&quot;&quot;,&quot;created_timestamp&quot;:&quot;1602233067&quot;,&quot;copyright&quot;:&quot;&quot;,&quot;focal_length&quot;:&quot;0&quot;,&quot;iso&quot;:&quot;0&quot;,&quot;shutter_speed&quot;:&quot;0&quot;,&quot;title&quot;:&quot;&quot;,&quot;orientation&quot;:&quot;0&quot;}\" data-image-title=\"mail (3)\" data-image-description=\"\" data-image-caption=\"\" data-large-file=\"https:\/\/www.hoymercedes.com.ar\/principal\/wp-content\/uploads\/2020\/10\/mail-3.jpg\" src=\"https:\/\/www.hoymercedes.com.ar\/principal\/wp-content\/uploads\/2020\/10\/mail-3.jpg\" alt=\"\" class=\"wp-image-118230\" srcset=\"https:\/\/www.hoymercedes.com.ar\/principal\/wp-content\/uploads\/2020\/10\/mail-3.jpg 800w, https:\/\/www.hoymercedes.com.ar\/principal\/wp-content\/uploads\/2020\/10\/mail-3-630x420.jpg 630w, https:\/\/www.hoymercedes.com.ar\/principal\/wp-content\/uploads\/2020\/10\/mail-3-150x100.jpg 150w, https:\/\/www.hoymercedes.com.ar\/principal\/wp-content\/uploads\/2020\/10\/mail-3-700x465.jpg 700w\" sizes=\"auto, (max-width: 800px) 100vw, 800px\" \/><\/figure><\/div>\n\n\n\n<p>El ministro de Hacienda y Finanzas, Pablo L\u00f3pez; la ministra de Trabajo, Mara Ruiz Malec; y la directora general de Cultura y Educaci\u00f3n, Agustina Vila, retomaron el di\u00e1logo con representantes gremiales de las y los trabajadores del sector docente y realizaron una nueva propuesta de incremento salarial.<\/p>\n\n\n\n<p>La ministra de Trabajo, Mara Ruiz Malec asegur\u00f3 que: \u201cSeguimos buscando sostener el salario, poniendo \u00e9nfasis en el maestro de grado que reci\u00e9n se inicia. Creemos que, en principio, tuvo una buena recepci\u00f3n por parte de los representantes gremiales, ahora resta que lo eval\u00faen con sus bases y nos den una respuesta que esperamos que sea satisfactoria\u201d.<\/p>\n\n\n\n<p>El ministro de Hacienda y Finanzas, Pablo L\u00f3pez manifest\u00f3 que: \u201cHoy trajimos una propuesta superadora, que recoge las inquietudes planteadas por los gremios docentes en las reuniones anteriores. En t\u00e9rminos fiscales, es una propuesta que implica un gran esfuerzo que hacemos desde la Provincia, dada la delicada situaci\u00f3n econ\u00f3mica que estamos atravesando por la pandemia, pero nuestro compromiso, a pesar de la dif\u00edcil coyuntura, es ir recomponiendo la situaci\u00f3n salarial de las y los trabajadores del sector docente\u201d.<\/p>\n\n\n\n<p>Finalmente la Directora General de Cultura y Educaci\u00f3n, Agustina Vila manifest\u00f3 que: \u201cLa propuesta que se hizo hoy es fruto del camino de di\u00e1logo que llevamos adelante con las organizaciones sindicales docentes desde el inicio de la gesti\u00f3n. Las distintas reuniones que tuvimos en el marco de este encuentro paritario nos permitieron arribar a una propuesta que implica una mejora en la calidad del salario docente en el marco de la compleja realidad econ\u00f3mica y fiscal de nuestra Provincia\u201d.<\/p>\n\n\n\n<p>La propuesta tambi\u00e9n incluye un incremento, en los tramos y los montos, del 30% en las asignaciones familiares.<\/p>\n\n\n\n<p>Participaron de la mesa t\u00e9cnica salarial representantes gremiales de: SUTEBA, FEB, SADOP, UDA, UDOCBA, AMET, UPCN, y ATE. Tambi\u00e9n por el Ministerio de Trabajo estuvieron presentes el subsecretario de Relaciones del Trabajo, Leandro Macia; la directora provincial de la Negociaci\u00f3n Colectiva, Natalia Villalba Lastra; por el Ministerio de Hacienda y Finanzas el subsecretario de Coordinaci\u00f3n Econ\u00f3mica y Estad\u00edstica, Nicol\u00e1s Todesca; por parte de la Direcci\u00f3n General de Cultura y Educaci\u00f3n la subsecretaria de Administraci\u00f3n y Recursos Humanos, Ver\u00f3nica Ferraris y el asesor Nicol\u00e1s Vanoli, y la directora Provincial de Personal de Jefatura de Gabinete de Ministros, Ana Cappaldi.<\/p>\n\n\n\n<p>Fuente: Gobierno de la provincia de Buenos Aires<\/p>\n","protected":false},"excerpt":{"rendered":"<p>El ofrecimiento consiste en una suba del 6,5%, retroactivo a septiembre y se otorgar\u00e1n aumentos diferenciados apuntalando el salario del &#8230; <a title=\"Provincia present\u00f3 propuesta salarial a los docentes\" class=\"read-more\" href=\"https:\/\/www.hoymercedes.com.ar\/principal\/2020\/10\/09\/provincia-presento-propuesta-salarial-a-los-docentes\/\" aria-label=\"Leer m\u00e1s sobre Provincia present\u00f3 propuesta salarial a los docentes\">Leer m\u00e1s<\/a><\/p>\n","protected":false},"author":1,"featured_media":118230,"comment_status":"closed","ping_status":"open","sticky":false,"template":"","format":"standard","meta":{"_monsterinsights_skip_tracking":false,"_monsterinsights_sitenote_active":false,"_monsterinsights_sitenote_note":"","_monsterinsights_sitenote_category":0,"jetpack_post_was_ever_published":false,"_jetpack_newsletter_access":"","_jetpack_dont_email_post_to_subs":false,"_jetpack_newsletter_tier_id":0,"_jetpack_memberships_contains_paywalled_content":false,"_jetpack_memberships_contains_paid_content":false,"footnotes":"","jetpack_publicize_message":"","jetpack_publicize_feature_enabled":true,"jetpack_social_post_already_shared":true,"jetpack_social_options":{"image_generator_settings":{"template":"highway","default_image_id":0,"font":"","enabled":false},"version":2},"_wpas_customize_per_network":false},"categories":[8881],"tags":[484,8799,1803,17176],"class_list":["post-118229","post","type-post","status-publish","format-standard","has-post-thumbnail","hentry","category-provincia","tag-docentes","tag-gremios","tag-provincia","tag-salarios","generate-columns","tablet-grid-50","mobile-grid-100","grid-parent","grid-50"],"jetpack_publicize_connections":[],"jetpack_featured_media_url":"https:\/\/www.hoymercedes.com.ar\/principal\/wp-content\/uploads\/2020\/10\/mail-3.jpg","wps_subtitle":"Durante la ma\u00f1ana del viernes","jetpack_sharing_enabled":true,"_links":{"self":[{"href":"https:\/\/www.hoymercedes.com.ar\/principal\/wp-json\/wp\/v2\/posts\/118229","targetHints":{"allow":["GET"]}}],"collection":[{"href":"https:\/\/www.hoymercedes.com.ar\/principal\/wp-json\/wp\/v2\/posts"}],"about":[{"href":"https:\/\/www.hoymercedes.com.ar\/principal\/wp-json\/wp\/v2\/types\/post"}],"author":[{"embeddable":true,"href":"https:\/\/www.hoymercedes.com.ar\/principal\/wp-json\/wp\/v2\/users\/1"}],"replies":[{"embeddable":true,"href":"https:\/\/www.hoymercedes.com.ar\/principal\/wp-json\/wp\/v2\/comments?post=118229"}],"version-history":[{"count":0,"href":"https:\/\/www.hoymercedes.com.ar\/principal\/wp-json\/wp\/v2\/posts\/118229\/revisions"}],"wp:featuredmedia":[{"embeddable":true,"href":"https:\/\/www.hoymercedes.com.ar\/principal\/wp-json\/wp\/v2\/media\/118230"}],"wp:attachment":[{"href":"https:\/\/www.hoymercedes.com.ar\/principal\/wp-json\/wp\/v2\/media?parent=118229"}],"wp:term":[{"taxonomy":"category","embeddable":true,"href":"https:\/\/www.hoymercedes.com.ar\/principal\/wp-json\/wp\/v2\/categories?post=118229"},{"taxonomy":"post_tag","embeddable":true,"href":"https:\/\/www.hoymercedes.com.ar\/principal\/wp-json\/wp\/v2\/tags?post=118229"}],"curies":[{"name":"wp","href":"https:\/\/api.w.org\/{rel}","templated":true}]}}