{"id":118258,"date":"2020-10-09T19:30:43","date_gmt":"2020-10-09T22:30:43","guid":{"rendered":"http:\/\/www.hoymercedes.com.ar\/principal\/?p=118258"},"modified":"2020-10-10T22:22:25","modified_gmt":"2020-10-11T01:22:25","slug":"refaccionaron-infraestructura-de-la-primaria-n-4","status":"publish","type":"post","link":"https:\/\/www.hoymercedes.com.ar\/principal\/2020\/10\/09\/refaccionaron-infraestructura-de-la-primaria-n-4\/","title":{"rendered":"Refaccionaron infraestructura de la Primaria N\u00b0 4"},"content":{"rendered":"\n<p>En la Escuela Primaria N\u00b0 4 de la zona rural se realizaron obras de refacci\u00f3n general, as\u00ed como la instalaci\u00f3n nueva de gas y electricidad. Las obras terminadas fueron recorridas por las autoridades comunales y educativas acompa\u00f1ados por el equipo directivo encabezada por Romina Bocca. <\/p>\n\n\n\n<div class=\"wp-block-image\"><figure class=\"aligncenter size-large\"><img loading=\"lazy\" decoding=\"async\" width=\"800\" height=\"533\" data-attachment-id=\"118259\" data-permalink=\"https:\/\/www.hoymercedes.com.ar\/principal\/2020\/10\/09\/refaccionaron-infraestructura-de-la-primaria-n-4\/09-esc-rural-4\/#main\" data-orig-file=\"https:\/\/www.hoymercedes.com.ar\/principal\/wp-content\/uploads\/2020\/10\/09-Esc-Rural-4.jpg\" data-orig-size=\"800,533\" data-comments-opened=\"0\" data-image-meta=\"{&quot;aperture&quot;:&quot;0&quot;,&quot;credit&quot;:&quot;&quot;,&quot;camera&quot;:&quot;&quot;,&quot;caption&quot;:&quot;&quot;,&quot;created_timestamp&quot;:&quot;1602269248&quot;,&quot;copyright&quot;:&quot;&quot;,&quot;focal_length&quot;:&quot;0&quot;,&quot;iso&quot;:&quot;0&quot;,&quot;shutter_speed&quot;:&quot;0&quot;,&quot;title&quot;:&quot;&quot;,&quot;orientation&quot;:&quot;1&quot;}\" data-image-title=\"09 Esc Rural 4\" data-image-description=\"\" data-image-caption=\"\" data-large-file=\"https:\/\/www.hoymercedes.com.ar\/principal\/wp-content\/uploads\/2020\/10\/09-Esc-Rural-4.jpg\" src=\"https:\/\/www.hoymercedes.com.ar\/principal\/wp-content\/uploads\/2020\/10\/09-Esc-Rural-4.jpg\" alt=\"\" class=\"wp-image-118259\" srcset=\"https:\/\/www.hoymercedes.com.ar\/principal\/wp-content\/uploads\/2020\/10\/09-Esc-Rural-4.jpg 800w, https:\/\/www.hoymercedes.com.ar\/principal\/wp-content\/uploads\/2020\/10\/09-Esc-Rural-4-630x420.jpg 630w, https:\/\/www.hoymercedes.com.ar\/principal\/wp-content\/uploads\/2020\/10\/09-Esc-Rural-4-150x100.jpg 150w, https:\/\/www.hoymercedes.com.ar\/principal\/wp-content\/uploads\/2020\/10\/09-Esc-Rural-4-700x465.jpg 700w\" sizes=\"auto, (max-width: 800px) 100vw, 800px\" \/><\/figure><\/div>\n\n\n\n<p>Jos\u00e9 Luis Pisano, Presidente del Consejo Escolar explic\u00f3: \u201cEsta escuela hac\u00eda m\u00e1s de dos a\u00f1os y medio que se encontraba sin gas. Despu\u00e9s de la tragedia de la ciudad de Moreno las distintas empresas que nos proveen gas suspendieron todos los servicios por las fallas que encontraban en cada una de las inspecciones, y gracias al acuerdo que se llev\u00f3 adelante entre el municipio de Mercedes y el Gobierno Provincial con Escuelas a la Obra, pudimos recibir los fondos necesarios para realizar una obra completa de instalaci\u00f3n de gas\u201d. \u00a0<\/p>\n\n\n\n<p>\u00abSe hizo toda una reinstalaci\u00f3n del servicio, la ca\u00f1er\u00eda nueva, hicimos modificaciones, agregamos calefactores, modificamos y agregamos una cocina nueva para optimizar el servicio. Y a su vez, tambi\u00e9n, arreglamos problemas que hab\u00eda en el techo y parte de la instalaci\u00f3n el\u00e9ctrica. Estamos muy contentos de haber finalizado los trabajos, donde ya se certific\u00f3 el 100% de la obra, habiendo completado todos los requisitos para que la empresa de gas nos instale todo\u201d, agreg\u00f3 Pisano.\u00a0\u00a0\u00a0\u00a0\u00a0<\/p>\n\n\n\n<p>Romina Bocca, directora del establecimiento expres\u00f3: \u201cLa obra ya est\u00e1 finalizada, con una cocina pr\u00e1cticamente nueva, contamos con calefactores y una instalaci\u00f3n el\u00e9ctrica nueva, se arregl\u00f3 el techo, se pint\u00f3 la escuela, se hicieron mejoras por dentro y por fuera de la instituci\u00f3n, todo verdaderamente muy necesario\u201d.\u00a0\u00a0<\/p>\n\n\n\n<p>En el recorrido por las obras terminadas estuvieron presentes el intendente Juan Ignacio Ustarroz, el presidente del Consejo Escolar Jos\u00e9 Luis Pisano, la directora del establecimiento Romina Bocca, una de las auxiliares de la Primaria , Cristina Lilo, la consejera escolar Florencia Comalini, la Coordinadora de Educaci\u00f3n Municipa Pamela Herrera y asistente educacional Lucas Recalde, .<\/p>\n\n\n\n<p>Fuente: Prensa Municipal<\/p>\n","protected":false},"excerpt":{"rendered":"<p>En la Escuela Primaria N\u00b0 4 de la zona rural se realizaron obras de refacci\u00f3n general, as\u00ed como la instalaci\u00f3n &#8230; <a title=\"Refaccionaron infraestructura de la Primaria N\u00b0 4\" class=\"read-more\" href=\"https:\/\/www.hoymercedes.com.ar\/principal\/2020\/10\/09\/refaccionaron-infraestructura-de-la-primaria-n-4\/\" aria-label=\"Leer m\u00e1s sobre Refaccionaron infraestructura de la Primaria N\u00b0 4\">Leer m\u00e1s<\/a><\/p>\n","protected":false},"author":1,"featured_media":118259,"comment_status":"closed","ping_status":"open","sticky":false,"template":"","format":"standard","meta":{"_monsterinsights_skip_tracking":false,"_monsterinsights_sitenote_active":false,"_monsterinsights_sitenote_note":"","_monsterinsights_sitenote_category":0,"jetpack_post_was_ever_published":false,"_jetpack_newsletter_access":"","_jetpack_dont_email_post_to_subs":false,"_jetpack_newsletter_tier_id":0,"_jetpack_memberships_contains_paywalled_content":false,"_jetpack_memberships_contains_paid_content":false,"footnotes":"","jetpack_publicize_message":"","jetpack_publicize_feature_enabled":true,"jetpack_social_post_already_shared":true,"jetpack_social_options":{"image_generator_settings":{"template":"highway","default_image_id":0,"font":"","enabled":false},"version":2},"_wpas_customize_per_network":false},"categories":[30],"tags":[1317,47,16675],"class_list":["post-118258","post","type-post","status-publish","format-standard","has-post-thumbnail","hentry","category-municipio","tag-consejo-escolar","tag-educacion-2","tag-muncipio","generate-columns","tablet-grid-50","mobile-grid-100","grid-parent","grid-50"],"jetpack_publicize_connections":[],"jetpack_featured_media_url":"https:\/\/www.hoymercedes.com.ar\/principal\/wp-content\/uploads\/2020\/10\/09-Esc-Rural-4.jpg","wps_subtitle":"Educaci\u00f3n","jetpack_sharing_enabled":true,"_links":{"self":[{"href":"https:\/\/www.hoymercedes.com.ar\/principal\/wp-json\/wp\/v2\/posts\/118258","targetHints":{"allow":["GET"]}}],"collection":[{"href":"https:\/\/www.hoymercedes.com.ar\/principal\/wp-json\/wp\/v2\/posts"}],"about":[{"href":"https:\/\/www.hoymercedes.com.ar\/principal\/wp-json\/wp\/v2\/types\/post"}],"author":[{"embeddable":true,"href":"https:\/\/www.hoymercedes.com.ar\/principal\/wp-json\/wp\/v2\/users\/1"}],"replies":[{"embeddable":true,"href":"https:\/\/www.hoymercedes.com.ar\/principal\/wp-json\/wp\/v2\/comments?post=118258"}],"version-history":[{"count":0,"href":"https:\/\/www.hoymercedes.com.ar\/principal\/wp-json\/wp\/v2\/posts\/118258\/revisions"}],"wp:featuredmedia":[{"embeddable":true,"href":"https:\/\/www.hoymercedes.com.ar\/principal\/wp-json\/wp\/v2\/media\/118259"}],"wp:attachment":[{"href":"https:\/\/www.hoymercedes.com.ar\/principal\/wp-json\/wp\/v2\/media?parent=118258"}],"wp:term":[{"taxonomy":"category","embeddable":true,"href":"https:\/\/www.hoymercedes.com.ar\/principal\/wp-json\/wp\/v2\/categories?post=118258"},{"taxonomy":"post_tag","embeddable":true,"href":"https:\/\/www.hoymercedes.com.ar\/principal\/wp-json\/wp\/v2\/tags?post=118258"}],"curies":[{"name":"wp","href":"https:\/\/api.w.org\/{rel}","templated":true}]}}