{"id":118306,"date":"2020-10-10T17:11:27","date_gmt":"2020-10-10T20:11:27","guid":{"rendered":"http:\/\/www.hoymercedes.com.ar\/principal\/?p=118306"},"modified":"2020-10-10T22:20:56","modified_gmt":"2020-10-11T01:20:56","slug":"choque-en-la-ruta-5-entre-camioneta-y-auto","status":"publish","type":"post","link":"https:\/\/www.hoymercedes.com.ar\/principal\/2020\/10\/10\/choque-en-la-ruta-5-entre-camioneta-y-auto\/","title":{"rendered":"Choque en la Ruta 5 entre camioneta y auto"},"content":{"rendered":"\n<p>Minutos despu\u00e9s de las 14:00 horas de la tarde de este s\u00e1bado 10 de octubre, se produjo un siniestro vial sobre el trazado de la ruta 5, jurisdicci\u00f3n del partido de Suipacha. <\/p>\n\n\n\n<div class=\"wp-block-image\"><figure class=\"aligncenter size-large\"><img loading=\"lazy\" decoding=\"async\" width=\"800\" height=\"534\" data-attachment-id=\"118308\" data-permalink=\"https:\/\/www.hoymercedes.com.ar\/principal\/2020\/10\/10\/choque-en-la-ruta-5-entre-camioneta-y-auto\/10-siniestro-ruta-1\/#main\" data-orig-file=\"https:\/\/www.hoymercedes.com.ar\/principal\/wp-content\/uploads\/2020\/10\/10-siniestro-ruta-1.jpg\" data-orig-size=\"800,534\" data-comments-opened=\"0\" data-image-meta=\"{&quot;aperture&quot;:&quot;0&quot;,&quot;credit&quot;:&quot;&quot;,&quot;camera&quot;:&quot;&quot;,&quot;caption&quot;:&quot;&quot;,&quot;created_timestamp&quot;:&quot;1602348968&quot;,&quot;copyright&quot;:&quot;&quot;,&quot;focal_length&quot;:&quot;0&quot;,&quot;iso&quot;:&quot;0&quot;,&quot;shutter_speed&quot;:&quot;0&quot;,&quot;title&quot;:&quot;&quot;,&quot;orientation&quot;:&quot;1&quot;}\" data-image-title=\"10 siniestro ruta 1\" data-image-description=\"\" data-image-caption=\"\" data-large-file=\"https:\/\/www.hoymercedes.com.ar\/principal\/wp-content\/uploads\/2020\/10\/10-siniestro-ruta-1.jpg\" src=\"https:\/\/www.hoymercedes.com.ar\/principal\/wp-content\/uploads\/2020\/10\/10-siniestro-ruta-1.jpg\" alt=\"\" class=\"wp-image-118308\" srcset=\"https:\/\/www.hoymercedes.com.ar\/principal\/wp-content\/uploads\/2020\/10\/10-siniestro-ruta-1.jpg 800w, https:\/\/www.hoymercedes.com.ar\/principal\/wp-content\/uploads\/2020\/10\/10-siniestro-ruta-1-630x421.jpg 630w, https:\/\/www.hoymercedes.com.ar\/principal\/wp-content\/uploads\/2020\/10\/10-siniestro-ruta-1-150x100.jpg 150w\" sizes=\"auto, (max-width: 800px) 100vw, 800px\" \/><\/figure><\/div>\n\n\n\n<p>El siniestro ocurri\u00f3 a la altura del km 128 de la mencionada ruta, frente a las instalaciones de la Sociedad Rural de Suipacha, cuando un autom\u00f3vil Fiat 500, color rojo, dominio KQQ-024 en el que viajaban tres personas, en sentido Suipacha-Chivilcoy embisti\u00f3 el lateral derecho de una Volkswagen Amarok , color blanco, dominio OBA-436 que cruzo la ruta proveniente del camino de tierra , en direccion J.J.Almeyra \u2013 Suipacha.<\/p>\n\n\n\n<p>El Fiat Punto era conducido por Isabella Goodall , domiciliada en Malvinas Argentinas , quien viajaba acompa\u00f1ada por dos personas y un perro , en tanto la Volkswagen Amarok era conducida por David Funez ,domiciliado en Suipacha; afortunadamente , a pesar de las caracter\u00edsticas del hecho no se registraron heridos.Intervino Policia Comunal de Suipacha.<\/p>\n\n\n\n<p>Fuente Jorge Lasala de Suipacha.<\/p>\n\n\n\n<div class=\"wp-block-image\"><figure class=\"aligncenter size-large\"><img loading=\"lazy\" decoding=\"async\" width=\"800\" height=\"532\" data-attachment-id=\"118307\" data-permalink=\"https:\/\/www.hoymercedes.com.ar\/principal\/2020\/10\/10\/choque-en-la-ruta-5-entre-camioneta-y-auto\/10-siniestro-ruta-2jpg\/#main\" data-orig-file=\"https:\/\/www.hoymercedes.com.ar\/principal\/wp-content\/uploads\/2020\/10\/10-siniestro-ruta-2jpg.jpg\" data-orig-size=\"800,532\" data-comments-opened=\"0\" data-image-meta=\"{&quot;aperture&quot;:&quot;0&quot;,&quot;credit&quot;:&quot;&quot;,&quot;camera&quot;:&quot;&quot;,&quot;caption&quot;:&quot;&quot;,&quot;created_timestamp&quot;:&quot;1602348988&quot;,&quot;copyright&quot;:&quot;&quot;,&quot;focal_length&quot;:&quot;0&quot;,&quot;iso&quot;:&quot;0&quot;,&quot;shutter_speed&quot;:&quot;0&quot;,&quot;title&quot;:&quot;&quot;,&quot;orientation&quot;:&quot;1&quot;}\" data-image-title=\"10 siniestro ruta 2jpg\" data-image-description=\"\" data-image-caption=\"\" data-large-file=\"https:\/\/www.hoymercedes.com.ar\/principal\/wp-content\/uploads\/2020\/10\/10-siniestro-ruta-2jpg.jpg\" src=\"https:\/\/www.hoymercedes.com.ar\/principal\/wp-content\/uploads\/2020\/10\/10-siniestro-ruta-2jpg.jpg\" alt=\"\" class=\"wp-image-118307\" srcset=\"https:\/\/www.hoymercedes.com.ar\/principal\/wp-content\/uploads\/2020\/10\/10-siniestro-ruta-2jpg.jpg 800w, https:\/\/www.hoymercedes.com.ar\/principal\/wp-content\/uploads\/2020\/10\/10-siniestro-ruta-2jpg-630x419.jpg 630w, https:\/\/www.hoymercedes.com.ar\/principal\/wp-content\/uploads\/2020\/10\/10-siniestro-ruta-2jpg-150x100.jpg 150w, https:\/\/www.hoymercedes.com.ar\/principal\/wp-content\/uploads\/2020\/10\/10-siniestro-ruta-2jpg-700x465.jpg 700w\" sizes=\"auto, (max-width: 800px) 100vw, 800px\" \/><\/figure><\/div>\n","protected":false},"excerpt":{"rendered":"<p>Minutos despu\u00e9s de las 14:00 horas de la tarde de este s\u00e1bado 10 de octubre, se produjo un siniestro vial &#8230; <a title=\"Choque en la Ruta 5 entre camioneta y auto\" class=\"read-more\" href=\"https:\/\/www.hoymercedes.com.ar\/principal\/2020\/10\/10\/choque-en-la-ruta-5-entre-camioneta-y-auto\/\" aria-label=\"Leer m\u00e1s sobre Choque en la Ruta 5 entre camioneta y auto\">Leer m\u00e1s<\/a><\/p>\n","protected":false},"author":5,"featured_media":118308,"comment_status":"closed","ping_status":"open","sticky":false,"template":"","format":"standard","meta":{"_monsterinsights_skip_tracking":false,"_monsterinsights_sitenote_active":false,"_monsterinsights_sitenote_note":"","_monsterinsights_sitenote_category":0,"jetpack_post_was_ever_published":false,"_jetpack_newsletter_access":"","_jetpack_dont_email_post_to_subs":false,"_jetpack_newsletter_tier_id":0,"_jetpack_memberships_contains_paywalled_content":false,"_jetpack_memberships_contains_paid_content":false,"footnotes":"","jetpack_publicize_message":"","jetpack_publicize_feature_enabled":true,"jetpack_social_post_already_shared":true,"jetpack_social_options":{"image_generator_settings":{"template":"highway","default_image_id":0,"font":"","enabled":false},"version":2},"_wpas_customize_per_network":false},"categories":[5501],"tags":[3260,538,10395],"class_list":["post-118306","post","type-post","status-publish","format-standard","has-post-thumbnail","hentry","category-region","tag-choque","tag-ruta-5","tag-siniestro-vial","generate-columns","tablet-grid-50","mobile-grid-100","grid-parent","grid-50"],"jetpack_publicize_connections":[],"jetpack_featured_media_url":"https:\/\/www.hoymercedes.com.ar\/principal\/wp-content\/uploads\/2020\/10\/10-siniestro-ruta-1.jpg","wps_subtitle":"Siniestro vial","jetpack_sharing_enabled":true,"_links":{"self":[{"href":"https:\/\/www.hoymercedes.com.ar\/principal\/wp-json\/wp\/v2\/posts\/118306","targetHints":{"allow":["GET"]}}],"collection":[{"href":"https:\/\/www.hoymercedes.com.ar\/principal\/wp-json\/wp\/v2\/posts"}],"about":[{"href":"https:\/\/www.hoymercedes.com.ar\/principal\/wp-json\/wp\/v2\/types\/post"}],"author":[{"embeddable":true,"href":"https:\/\/www.hoymercedes.com.ar\/principal\/wp-json\/wp\/v2\/users\/5"}],"replies":[{"embeddable":true,"href":"https:\/\/www.hoymercedes.com.ar\/principal\/wp-json\/wp\/v2\/comments?post=118306"}],"version-history":[{"count":0,"href":"https:\/\/www.hoymercedes.com.ar\/principal\/wp-json\/wp\/v2\/posts\/118306\/revisions"}],"wp:featuredmedia":[{"embeddable":true,"href":"https:\/\/www.hoymercedes.com.ar\/principal\/wp-json\/wp\/v2\/media\/118308"}],"wp:attachment":[{"href":"https:\/\/www.hoymercedes.com.ar\/principal\/wp-json\/wp\/v2\/media?parent=118306"}],"wp:term":[{"taxonomy":"category","embeddable":true,"href":"https:\/\/www.hoymercedes.com.ar\/principal\/wp-json\/wp\/v2\/categories?post=118306"},{"taxonomy":"post_tag","embeddable":true,"href":"https:\/\/www.hoymercedes.com.ar\/principal\/wp-json\/wp\/v2\/tags?post=118306"}],"curies":[{"name":"wp","href":"https:\/\/api.w.org\/{rel}","templated":true}]}}