{"id":118339,"date":"2020-10-11T07:23:59","date_gmt":"2020-10-11T10:23:59","guid":{"rendered":"http:\/\/www.hoymercedes.com.ar\/principal\/?p=118339"},"modified":"2020-10-10T22:19:35","modified_gmt":"2020-10-11T01:19:35","slug":"provincia-anuncio-que-24-localidades-volveran-progresivamente-a-clases-presenciales","status":"publish","type":"post","link":"https:\/\/www.hoymercedes.com.ar\/principal\/2020\/10\/11\/provincia-anuncio-que-24-localidades-volveran-progresivamente-a-clases-presenciales\/","title":{"rendered":"Provincia anunci\u00f3 que 24 localidades volver\u00e1n progresivamente a clases presenciales"},"content":{"rendered":"\n<p>El Plan Jurisdiccional fue aprobado, y por lo tanto, el \u00e1rea de educaci\u00f3n bonaerense avanza en la organizaci\u00f3n del regreso progresivo a las clases presenciales. Son 24 los distritos que revisten un riesgo epidemiol\u00f3gico bajo y podr\u00e1 darse inicio a un progresivo retorno seguro a la presencialidad en las escuelas. Los distritos son: Chivilcoy, Daireaux, Saavedra, Bragado, Tres Lomas, Lobos, Lezama, Salliquel\u00f3, Alberti, General Lavalle, Adolfo Alsina, Monte Hermoso, 9 de Julio, Puan, 25 de Mayo, Tordillo, Guamin\u00ed, Monte, General Lamadrid, Rauch, Florentino Ameghino, Carlos Tejedor, Gonz\u00e1lez Chaves y Chascom\u00fas.<\/p>\n\n\n\n<div class=\"wp-block-image\"><figure class=\"aligncenter size-large\"><img loading=\"lazy\" decoding=\"async\" width=\"800\" height=\"532\" data-attachment-id=\"118340\" data-permalink=\"https:\/\/www.hoymercedes.com.ar\/principal\/2020\/10\/11\/provincia-anuncio-que-24-localidades-volveran-progresivamente-a-clases-presenciales\/10-provincia-educacion\/#main\" data-orig-file=\"https:\/\/www.hoymercedes.com.ar\/principal\/wp-content\/uploads\/2020\/10\/10-provincia-educacion.jpeg\" data-orig-size=\"800,532\" data-comments-opened=\"0\" data-image-meta=\"{&quot;aperture&quot;:&quot;0&quot;,&quot;credit&quot;:&quot;&quot;,&quot;camera&quot;:&quot;&quot;,&quot;caption&quot;:&quot;&quot;,&quot;created_timestamp&quot;:&quot;1602365302&quot;,&quot;copyright&quot;:&quot;&quot;,&quot;focal_length&quot;:&quot;0&quot;,&quot;iso&quot;:&quot;0&quot;,&quot;shutter_speed&quot;:&quot;0&quot;,&quot;title&quot;:&quot;&quot;,&quot;orientation&quot;:&quot;1&quot;}\" data-image-title=\"10 provincia educacion\" data-image-description=\"\" data-image-caption=\"\" data-large-file=\"https:\/\/www.hoymercedes.com.ar\/principal\/wp-content\/uploads\/2020\/10\/10-provincia-educacion.jpeg\" src=\"https:\/\/www.hoymercedes.com.ar\/principal\/wp-content\/uploads\/2020\/10\/10-provincia-educacion.jpeg\" alt=\"\" class=\"wp-image-118340\" srcset=\"https:\/\/www.hoymercedes.com.ar\/principal\/wp-content\/uploads\/2020\/10\/10-provincia-educacion.jpeg 800w, https:\/\/www.hoymercedes.com.ar\/principal\/wp-content\/uploads\/2020\/10\/10-provincia-educacion-630x419.jpeg 630w, https:\/\/www.hoymercedes.com.ar\/principal\/wp-content\/uploads\/2020\/10\/10-provincia-educacion-150x100.jpeg 150w, https:\/\/www.hoymercedes.com.ar\/principal\/wp-content\/uploads\/2020\/10\/10-provincia-educacion-700x465.jpeg 700w\" sizes=\"auto, (max-width: 800px) 100vw, 800px\" \/><\/figure><\/div>\n\n\n\n<p>Por otra parte, en aquellos distritos evaluados como de riesgo medio, se prev\u00e9 la posibilidad de generar protocolos para llevar adelante actividades de cierre de ciclo para los \u00faltimos a\u00f1os de cada nivel, junto a las actividades que hoy ya suceden en la escuela porque se declararon ininterrumpibles al inicio de la pandemia: entrega de m\u00f3dulos alimentarios del programa del Servicio Alimentario Escolar, ejecuci\u00f3n de obras de infraestructura escolar, entrega y devoluci\u00f3n de cuadernillos e instancias de orientaci\u00f3n a las familias y a estudiantes.<\/p>\n\n\n\n<p>A su vez, en los distritos de riesgo medio, se evaluar\u00e1 llevar adelante actividades socioeducativas &#8211; fuera del \u00e1mbito escolar- de revinculaci\u00f3n y acompa\u00f1amiento, vinculadas al deporte, al arte, a la recreaci\u00f3n o que incluso pueden configurar instancias de apoyo escolar que deben ser realizadas al aire libre en predios cerrados, con una presencia de no m\u00e1s de 10 chicos y chicas. Estas actividades se podr\u00edan realizar en clubes, campos de deporte, polideportivos, etc. y sin requerir el uso del transporte p\u00fablico. En los establecimientos educativos de gesti\u00f3n privada, se incorporan tareas administrativas de atenci\u00f3n al p\u00fablico para la sostenibilidad de la matr\u00edcula. Todas las actividades deber\u00e1n llevarse adelante con el cumplimiento estricto de protocolos sanitarios.<\/p>\n\n\n\n<p><strong>Protocolos anexos para el funcionamiento escolar<\/strong><\/p>\n\n\n\n<p>El extenso documento del Plan Jurisdiccional para el regreso seguro a las clases presenciales contiene tambi\u00e9n protocolos anexos, algunos de los cuales comenzaron a implementarse desde el inicio de la pandemia, que regulan actividades espec\u00edficas relacionadas con la cotidianidad de la vida escolar.<\/p>\n\n\n\n<p>Uno de ellos, el Protocolo de Limpieza y Desinfecci\u00f3n para Establecimientos Educativos en Contexto COVID-19, establece orientaciones para la realizaci\u00f3n de las tareas de limpieza, desinfecci\u00f3n, secado y ventilaci\u00f3n, identificando las diferentes superficies existentes en la escuela, la periodicidad de las tareas y la correcta utilizaci\u00f3n de los elementos disponibles, tanto para un resultado eficiente como para el cuidado de la salud de las y los trabajadores. Cabe destacar que durante 2020, la DGCyE septuplic\u00f3 los recursos destinados a limpieza con respecto al a\u00f1o anterior.<\/p>\n\n\n\n<p>Otros anexos establecen el conjunto de medidas a tomar ante la presencia de un posible caso de COVID-19 en la escuela, la utilizaci\u00f3n de las bibliotecas escolares y las medidas de prevenci\u00f3n requeridas para el transporte escolar, tanto en cuanto al acondicionamiento de los veh\u00edculos como al comportamiento de las y los pasajeros.<\/p>\n\n\n\n<p>El Plan fue elaborado por la DGCyE y enriquecido a partir de un amplio trabajo de an\u00e1lisis y los aportes de las distintas asociaciones de representaci\u00f3n gremial en los \u00e1mbitos de la Mesa de Cogesti\u00f3n (Art\u00edculo 9 de la Ley 10.579) y del Comit\u00e9 Mixto Jurisdiccional. Su punto de partida es la situaci\u00f3n epidemiol\u00f3gica actual y el conocimiento disponible hasta la fecha, por lo que su contenido podr\u00e1 ser revisado ante los cambios que se produzcan en el contexto de la enfermedad o las nuevas evidencias sobre el comportamiento del COVID-19.<\/p>\n","protected":false},"excerpt":{"rendered":"<p>El Plan Jurisdiccional fue aprobado, y por lo tanto, el \u00e1rea de educaci\u00f3n bonaerense avanza en la organizaci\u00f3n del regreso &#8230; <a title=\"Provincia anunci\u00f3 que 24 localidades volver\u00e1n progresivamente a clases presenciales\" class=\"read-more\" href=\"https:\/\/www.hoymercedes.com.ar\/principal\/2020\/10\/11\/provincia-anuncio-que-24-localidades-volveran-progresivamente-a-clases-presenciales\/\" aria-label=\"Leer m\u00e1s sobre Provincia anunci\u00f3 que 24 localidades volver\u00e1n progresivamente a clases presenciales\">Leer m\u00e1s<\/a><\/p>\n","protected":false},"author":5,"featured_media":118340,"comment_status":"closed","ping_status":"open","sticky":false,"template":"","format":"standard","meta":{"_monsterinsights_skip_tracking":false,"_monsterinsights_sitenote_active":false,"_monsterinsights_sitenote_note":"","_monsterinsights_sitenote_category":0,"jetpack_post_was_ever_published":false,"_jetpack_newsletter_access":"","_jetpack_dont_email_post_to_subs":false,"_jetpack_newsletter_tier_id":0,"_jetpack_memberships_contains_paywalled_content":false,"_jetpack_memberships_contains_paid_content":false,"footnotes":"","jetpack_publicize_message":"","jetpack_publicize_feature_enabled":true,"jetpack_social_post_already_shared":true,"jetpack_social_options":{"image_generator_settings":{"template":"highway","default_image_id":0,"font":"","enabled":false},"version":2},"_wpas_customize_per_network":false},"categories":[8881],"tags":[47,1803,17177],"class_list":["post-118339","post","type-post","status-publish","format-standard","has-post-thumbnail","hentry","category-provincia","tag-educacion-2","tag-provincia","tag-vuelta-a-clases-presenciales","generate-columns","tablet-grid-50","mobile-grid-100","grid-parent","grid-50"],"jetpack_publicize_connections":[],"jetpack_featured_media_url":"https:\/\/www.hoymercedes.com.ar\/principal\/wp-content\/uploads\/2020\/10\/10-provincia-educacion.jpeg","wps_subtitle":"Localidades de la regi\u00f3n incluidas","jetpack_sharing_enabled":true,"_links":{"self":[{"href":"https:\/\/www.hoymercedes.com.ar\/principal\/wp-json\/wp\/v2\/posts\/118339","targetHints":{"allow":["GET"]}}],"collection":[{"href":"https:\/\/www.hoymercedes.com.ar\/principal\/wp-json\/wp\/v2\/posts"}],"about":[{"href":"https:\/\/www.hoymercedes.com.ar\/principal\/wp-json\/wp\/v2\/types\/post"}],"author":[{"embeddable":true,"href":"https:\/\/www.hoymercedes.com.ar\/principal\/wp-json\/wp\/v2\/users\/5"}],"replies":[{"embeddable":true,"href":"https:\/\/www.hoymercedes.com.ar\/principal\/wp-json\/wp\/v2\/comments?post=118339"}],"version-history":[{"count":0,"href":"https:\/\/www.hoymercedes.com.ar\/principal\/wp-json\/wp\/v2\/posts\/118339\/revisions"}],"wp:featuredmedia":[{"embeddable":true,"href":"https:\/\/www.hoymercedes.com.ar\/principal\/wp-json\/wp\/v2\/media\/118340"}],"wp:attachment":[{"href":"https:\/\/www.hoymercedes.com.ar\/principal\/wp-json\/wp\/v2\/media?parent=118339"}],"wp:term":[{"taxonomy":"category","embeddable":true,"href":"https:\/\/www.hoymercedes.com.ar\/principal\/wp-json\/wp\/v2\/categories?post=118339"},{"taxonomy":"post_tag","embeddable":true,"href":"https:\/\/www.hoymercedes.com.ar\/principal\/wp-json\/wp\/v2\/tags?post=118339"}],"curies":[{"name":"wp","href":"https:\/\/api.w.org\/{rel}","templated":true}]}}