{"id":11834,"date":"2012-03-28T11:34:07","date_gmt":"2012-03-28T11:34:07","guid":{"rendered":"http:\/\/www.hoymercedes.com.ar\/principal\/?p=11834"},"modified":"2012-03-28T11:34:07","modified_gmt":"2012-03-28T11:34:07","slug":"selva-inauguro-nuevo-ano-de-sesione-del-hcd","status":"publish","type":"post","link":"https:\/\/www.hoymercedes.com.ar\/principal\/2012\/03\/28\/selva-inauguro-nuevo-ano-de-sesione-del-hcd\/","title":{"rendered":"Selva inaugur\u00f3 nuevo a\u00f1o de sesione del HCD"},"content":{"rendered":"<p>El titular del Concejo se refiri\u00f3 al significado que tendr\u00e1 la reuni\u00f3n en la que como es habitual el jefe comunal har\u00e1 una rese\u00f1a de lo realizado durante el ultimo a\u00f1o de su gesti\u00f3n marcando al mismo tiempo algunas de sus pautas propuestas para el primer a\u00f1o de su tercer mandato<\/p>\n<p>A pesar que la informaci\u00f3n ya hab\u00eda sido adelantada hace algunos d\u00edas, el Presidente del Honorable Concejo Deliberante de nuestra ciudad, Ing. Marcelo Denapole confirmo oficialmente la realizaci\u00f3n el 3 de abril de la sesi\u00f3n que implica la apertura de las reuniones ordinarias en el Cuerpo Legislativo correspondiente al 2012 tal como lo indican las leyes vigentes en la provincia de Buenos Aires.<\/p>\n<p>Como en m\u00e1s de una vez se ha informado, la Ley Org\u00e1nica de las Municipalidades luego de una modificaci\u00f3n llevada a cabo en la misma por la Legislatura Bonaerense con el retorno a la vida en democracia en la Argentina, el periodo ordinario de sesiones debe comenzar el primer d\u00eda de abril pero este a\u00f1o debido al feriado del d\u00eda lunes 2, se resolvi\u00f3 trasladar el encuentro para el mi\u00e9rcoles 3.<\/p>\n<p>El presidente sostuvo \u201csi estamos ante una nueva apertura de sesiones ordinarias que estar\u00e1 a cago del intendente Carlos Selva, una apertura muy merecida por todo lo que se lucho para ganar nuevamente las elecciones el a\u00f1o pasado<\/p>\n<p>Un nuevo per\u00edodo en el cual nosotros los concejales deberemos trabajar sin partidismo alguno por nuestra sociedad, legislando para nuestra comunidad atendiendo de manera especial cada uno de los problemas que la misma pueda tener sabiendo desde ya que para nosotros cada ciudadano, cada vecino tiene un valor especial que no se pone en funci\u00f3n a quien respondi\u00f3 durante la campa\u00f1a o con quien sigue sinti\u00e9ndose representado en la actualidad.<\/p>\n<p>&lt;En estos momentos todos los responsable de las diferentes \u00e1reas del Municipio se encuentran abocados a brindar los datos necesarios para que el jefe comunal de nuestra ciudad pueda efectuar la tradicional rendici\u00f3n de cuentas del ultimo a\u00f1o de gobierno y que cada a\u00f1o debido a la descentralizaci\u00f3n que se efect\u00faa de naci\u00f3n a provincia y de esta a los municipios hay que hablar mucho m\u00e1s porque son muchas m\u00e1s las obligaciones que desde la comuna se deben atender aunque realmente, nosotros que somos los concejales del mismo partido que el intendente nos guste que no solo sea una simple rendici\u00f3n de cuentas, sino que a lo largo de su discurso de apertura podamos ir analizando cuales ser\u00e1n las principales acciones de gobierno preparadas para este 2012.<\/p>\n<p>Nosotros tendremos que volver a formar cada una de las Comisiones que existen dentro de HCD tambi\u00e9n pensando en la gran responsabilidad que nos toca a cada uno intentando legisla de una manera tal que siempre podamos beneficiar a los vecinos en general y no solo a un sector partidario\u201d.<\/p>\n","protected":false},"excerpt":{"rendered":"<p>El titular del Concejo se refiri\u00f3 al significado que tendr\u00e1 la reuni\u00f3n en la que como es habitual el jefe &#8230; <a title=\"Selva inaugur\u00f3 nuevo a\u00f1o de sesione del HCD\" class=\"read-more\" href=\"https:\/\/www.hoymercedes.com.ar\/principal\/2012\/03\/28\/selva-inauguro-nuevo-ano-de-sesione-del-hcd\/\" aria-label=\"Leer m\u00e1s sobre Selva inaugur\u00f3 nuevo a\u00f1o de sesione del HCD\">Leer m\u00e1s<\/a><\/p>\n","protected":false},"author":1,"featured_media":0,"comment_status":"open","ping_status":"open","sticky":false,"template":"","format":"standard","meta":{"_monsterinsights_skip_tracking":false,"_monsterinsights_sitenote_active":false,"_monsterinsights_sitenote_note":"","_monsterinsights_sitenote_category":0,"jetpack_post_was_ever_published":false,"_jetpack_newsletter_access":"","_jetpack_dont_email_post_to_subs":false,"_jetpack_newsletter_tier_id":0,"_jetpack_memberships_contains_paywalled_content":false,"_jetpack_memberships_contains_paid_content":false,"footnotes":"","jetpack_publicize_message":"","jetpack_publicize_feature_enabled":true,"jetpack_social_post_already_shared":false,"jetpack_social_options":{"image_generator_settings":{"template":"highway","default_image_id":0,"font":"","enabled":false},"version":2},"_wpas_customize_per_network":false},"categories":[5],"tags":[45],"class_list":["post-11834","post","type-post","status-publish","format-standard","hentry","category-politica","tag-concejo-deliberante-mercedes","generate-columns","tablet-grid-50","mobile-grid-100","grid-parent","grid-50"],"jetpack_publicize_connections":[],"jetpack_featured_media_url":"","wps_subtitle":"","jetpack_sharing_enabled":true,"_links":{"self":[{"href":"https:\/\/www.hoymercedes.com.ar\/principal\/wp-json\/wp\/v2\/posts\/11834","targetHints":{"allow":["GET"]}}],"collection":[{"href":"https:\/\/www.hoymercedes.com.ar\/principal\/wp-json\/wp\/v2\/posts"}],"about":[{"href":"https:\/\/www.hoymercedes.com.ar\/principal\/wp-json\/wp\/v2\/types\/post"}],"author":[{"embeddable":true,"href":"https:\/\/www.hoymercedes.com.ar\/principal\/wp-json\/wp\/v2\/users\/1"}],"replies":[{"embeddable":true,"href":"https:\/\/www.hoymercedes.com.ar\/principal\/wp-json\/wp\/v2\/comments?post=11834"}],"version-history":[{"count":0,"href":"https:\/\/www.hoymercedes.com.ar\/principal\/wp-json\/wp\/v2\/posts\/11834\/revisions"}],"wp:attachment":[{"href":"https:\/\/www.hoymercedes.com.ar\/principal\/wp-json\/wp\/v2\/media?parent=11834"}],"wp:term":[{"taxonomy":"category","embeddable":true,"href":"https:\/\/www.hoymercedes.com.ar\/principal\/wp-json\/wp\/v2\/categories?post=11834"},{"taxonomy":"post_tag","embeddable":true,"href":"https:\/\/www.hoymercedes.com.ar\/principal\/wp-json\/wp\/v2\/tags?post=11834"}],"curies":[{"name":"wp","href":"https:\/\/api.w.org\/{rel}","templated":true}]}}