{"id":118349,"date":"2020-10-11T09:51:39","date_gmt":"2020-10-11T12:51:39","guid":{"rendered":"http:\/\/www.hoymercedes.com.ar\/principal\/?p=118349"},"modified":"2020-10-10T22:18:48","modified_gmt":"2020-10-11T01:18:48","slug":"principales-gremios-docentes-bonaerenses-aceptaron-la-propuesta-salarial","status":"publish","type":"post","link":"https:\/\/www.hoymercedes.com.ar\/principal\/2020\/10\/11\/principales-gremios-docentes-bonaerenses-aceptaron-la-propuesta-salarial\/","title":{"rendered":"Principales gremios docentes bonaerenses aceptaron la propuesta salarial"},"content":{"rendered":"\n<p>El Frente de Unidad de Docentes Bonaerense que integran AMET, FEB, SADOP, SUTEBA y UDOCBA, aceptaron la propuesta salarial que realizo el gobierno provincial. \u00abDespu\u00e9s de analizar la propuesta en cada uno de los cuerpos org\u00e1nicos correspondientes, plenarios y congresos de las diferentes entidades, decidimos en los mismos aceptar la propuesta salarial recepcionada en el d\u00eda de ayer en la Comisi\u00f3n T\u00e9cnica Salarial Docente\u00bb, expresaron. <\/p>\n\n\n\n<div class=\"wp-block-image\"><figure class=\"aligncenter size-large\"><img loading=\"lazy\" decoding=\"async\" width=\"880\" height=\"586\" data-attachment-id=\"118351\" data-permalink=\"https:\/\/www.hoymercedes.com.ar\/principal\/2020\/10\/11\/principales-gremios-docentes-bonaerenses-aceptaron-la-propuesta-salarial\/11-gremios-docentes\/#main\" data-orig-file=\"https:\/\/www.hoymercedes.com.ar\/principal\/wp-content\/uploads\/2020\/10\/11-gremios-docentes.jpg\" data-orig-size=\"880,586\" data-comments-opened=\"0\" data-image-meta=\"{&quot;aperture&quot;:&quot;0&quot;,&quot;credit&quot;:&quot;&quot;,&quot;camera&quot;:&quot;&quot;,&quot;caption&quot;:&quot;&quot;,&quot;created_timestamp&quot;:&quot;0&quot;,&quot;copyright&quot;:&quot;&quot;,&quot;focal_length&quot;:&quot;0&quot;,&quot;iso&quot;:&quot;0&quot;,&quot;shutter_speed&quot;:&quot;0&quot;,&quot;title&quot;:&quot;&quot;,&quot;orientation&quot;:&quot;0&quot;}\" data-image-title=\"11 gremios docentes\" data-image-description=\"\" data-image-caption=\"\" data-large-file=\"https:\/\/www.hoymercedes.com.ar\/principal\/wp-content\/uploads\/2020\/10\/11-gremios-docentes.jpg\" src=\"https:\/\/www.hoymercedes.com.ar\/principal\/wp-content\/uploads\/2020\/10\/11-gremios-docentes.jpg\" alt=\"\" class=\"wp-image-118351\" srcset=\"https:\/\/www.hoymercedes.com.ar\/principal\/wp-content\/uploads\/2020\/10\/11-gremios-docentes.jpg 880w, https:\/\/www.hoymercedes.com.ar\/principal\/wp-content\/uploads\/2020\/10\/11-gremios-docentes-630x420.jpg 630w, https:\/\/www.hoymercedes.com.ar\/principal\/wp-content\/uploads\/2020\/10\/11-gremios-docentes-150x100.jpg 150w, https:\/\/www.hoymercedes.com.ar\/principal\/wp-content\/uploads\/2020\/10\/11-gremios-docentes-700x465.jpg 700w\" sizes=\"auto, (max-width: 880px) 100vw, 880px\" \/><\/figure><\/div>\n\n\n\n<p>El comunicado enviado por la FUDB expresa que \u00abla propuesta contiene los puntos presentados por las organizaci\u00f3nes sindicales\u00bb y aclara: \u00abDe este modo, impacta en la escala salarial, es una propuesta semestral, complementando as\u00ed el aumento del primer semestre, la cobran los jubilados, financia al IPS y al IOMA y va a integrar el cobro de la segunda cuota del SAC\u00bb.<\/p>\n\n\n\n<p>\u00abPor otro lado, la propuesta anual conformada acompa\u00f1a la estimaci\u00f3n de la proyecci\u00f3n de inflaci\u00f3n, acord\u00e1ndose una cl\u00e1usula de monitoreo permanente para evaluar su evoluci\u00f3n respecto a los salarios. Con relaci\u00f3n a las asignaciones familiares, se otorga un aumento del 30% en sus montos y en los tramos respectivos\u00bb, agregan.<\/p>\n\n\n\n<p>\u00abContinuamos demandando el acceso a la conectividad y entrega de dispositivos a todos\/as los y las estudiantes y a los y las docentes. El FUDB, en unidad y con determinaci\u00f3n, contin\u00faa firme en los reclamos por mejores condiciones de trabajo, por Escuelas Seguras y, porque en el marco de la pandemia, se cuide la salud y la vida de los y las estudiantes de los y las docentes y de toda la comunidad educativa\u00bb resaltan los representantes de AMET, FEB, SADOP, SUTEBA y UDOCBA.<\/p>\n","protected":false},"excerpt":{"rendered":"<p>El Frente de Unidad de Docentes Bonaerense que integran AMET, FEB, SADOP, SUTEBA y UDOCBA, aceptaron la propuesta salarial que &#8230; <a title=\"Principales gremios docentes bonaerenses aceptaron la propuesta salarial\" class=\"read-more\" href=\"https:\/\/www.hoymercedes.com.ar\/principal\/2020\/10\/11\/principales-gremios-docentes-bonaerenses-aceptaron-la-propuesta-salarial\/\" aria-label=\"Leer m\u00e1s sobre Principales gremios docentes bonaerenses aceptaron la propuesta salarial\">Leer m\u00e1s<\/a><\/p>\n","protected":false},"author":5,"featured_media":118351,"comment_status":"closed","ping_status":"open","sticky":false,"template":"","format":"standard","meta":{"_monsterinsights_skip_tracking":false,"_monsterinsights_sitenote_active":false,"_monsterinsights_sitenote_note":"","_monsterinsights_sitenote_category":0,"jetpack_post_was_ever_published":false,"_jetpack_newsletter_access":"","_jetpack_dont_email_post_to_subs":false,"_jetpack_newsletter_tier_id":0,"_jetpack_memberships_contains_paywalled_content":false,"_jetpack_memberships_contains_paid_content":false,"footnotes":"","jetpack_publicize_message":"","jetpack_publicize_feature_enabled":true,"jetpack_social_post_already_shared":true,"jetpack_social_options":{"image_generator_settings":{"template":"highway","default_image_id":0,"font":"","enabled":false},"version":2},"_wpas_customize_per_network":false},"categories":[10563],"tags":[17170,47,8799,1803],"class_list":["post-118349","post","type-post","status-publish","format-standard","has-post-thumbnail","hentry","category-gremios-sindicatos","tag-acuerdo-salarial","tag-educacion-2","tag-gremios","tag-provincia","generate-columns","tablet-grid-50","mobile-grid-100","grid-parent","grid-50"],"jetpack_publicize_connections":[],"jetpack_featured_media_url":"https:\/\/www.hoymercedes.com.ar\/principal\/wp-content\/uploads\/2020\/10\/11-gremios-docentes.jpg","wps_subtitle":"Los gremios mayoritarios","jetpack_sharing_enabled":true,"_links":{"self":[{"href":"https:\/\/www.hoymercedes.com.ar\/principal\/wp-json\/wp\/v2\/posts\/118349","targetHints":{"allow":["GET"]}}],"collection":[{"href":"https:\/\/www.hoymercedes.com.ar\/principal\/wp-json\/wp\/v2\/posts"}],"about":[{"href":"https:\/\/www.hoymercedes.com.ar\/principal\/wp-json\/wp\/v2\/types\/post"}],"author":[{"embeddable":true,"href":"https:\/\/www.hoymercedes.com.ar\/principal\/wp-json\/wp\/v2\/users\/5"}],"replies":[{"embeddable":true,"href":"https:\/\/www.hoymercedes.com.ar\/principal\/wp-json\/wp\/v2\/comments?post=118349"}],"version-history":[{"count":0,"href":"https:\/\/www.hoymercedes.com.ar\/principal\/wp-json\/wp\/v2\/posts\/118349\/revisions"}],"wp:featuredmedia":[{"embeddable":true,"href":"https:\/\/www.hoymercedes.com.ar\/principal\/wp-json\/wp\/v2\/media\/118351"}],"wp:attachment":[{"href":"https:\/\/www.hoymercedes.com.ar\/principal\/wp-json\/wp\/v2\/media?parent=118349"}],"wp:term":[{"taxonomy":"category","embeddable":true,"href":"https:\/\/www.hoymercedes.com.ar\/principal\/wp-json\/wp\/v2\/categories?post=118349"},{"taxonomy":"post_tag","embeddable":true,"href":"https:\/\/www.hoymercedes.com.ar\/principal\/wp-json\/wp\/v2\/tags?post=118349"}],"curies":[{"name":"wp","href":"https:\/\/api.w.org\/{rel}","templated":true}]}}