{"id":118361,"date":"2020-10-11T14:12:51","date_gmt":"2020-10-11T17:12:51","guid":{"rendered":"http:\/\/www.hoymercedes.com.ar\/principal\/?p=118361"},"modified":"2020-10-14T11:14:00","modified_gmt":"2020-10-14T14:14:00","slug":"nuncio-apostolico-impuso-el-palio-al-arzobispo-metropolitano-de-mercedes-lujan","status":"publish","type":"post","link":"https:\/\/www.hoymercedes.com.ar\/principal\/2020\/10\/11\/nuncio-apostolico-impuso-el-palio-al-arzobispo-metropolitano-de-mercedes-lujan\/","title":{"rendered":"Nuncio Apost\u00f3lico impuso el Palio al Arzobispo Metropolitano de Mercedes \u2013 Luj\u00e1n"},"content":{"rendered":"\n<p>Este s\u00e1bado 10 de octubre,\u00a0en la\u00a0Catedral Metropolitana \u00abNuestra Se\u00f1ora de las Mercedes\u00bb, \u00a0se celebr\u00f3 la Misa de Imposici\u00f3n del Palio al Arzobispo Metropolitano de Mercedes- Luj\u00e1n \u00a0y la Misa Crismal. <\/p>\n\n\n\n<div class=\"wp-block-image\"><figure class=\"aligncenter size-large\"><img loading=\"lazy\" decoding=\"async\" width=\"800\" height=\"502\" data-attachment-id=\"118362\" data-permalink=\"https:\/\/www.hoymercedes.com.ar\/principal\/2020\/10\/11\/nuncio-apostolico-impuso-el-palio-al-arzobispo-metropolitano-de-mercedes-lujan\/11-iglesia-arzob\/#main\" data-orig-file=\"https:\/\/www.hoymercedes.com.ar\/principal\/wp-content\/uploads\/2020\/10\/11-iglesia-arzob.jpg\" data-orig-size=\"800,502\" data-comments-opened=\"0\" data-image-meta=\"{&quot;aperture&quot;:&quot;0&quot;,&quot;credit&quot;:&quot;&quot;,&quot;camera&quot;:&quot;&quot;,&quot;caption&quot;:&quot;&quot;,&quot;created_timestamp&quot;:&quot;0&quot;,&quot;copyright&quot;:&quot;&quot;,&quot;focal_length&quot;:&quot;0&quot;,&quot;iso&quot;:&quot;0&quot;,&quot;shutter_speed&quot;:&quot;0&quot;,&quot;title&quot;:&quot;&quot;,&quot;orientation&quot;:&quot;0&quot;}\" data-image-title=\"11 iglesia arzob\" data-image-description=\"\" data-image-caption=\"\" data-large-file=\"https:\/\/www.hoymercedes.com.ar\/principal\/wp-content\/uploads\/2020\/10\/11-iglesia-arzob.jpg\" src=\"https:\/\/www.hoymercedes.com.ar\/principal\/wp-content\/uploads\/2020\/10\/11-iglesia-arzob.jpg\" alt=\"\" class=\"wp-image-118362\" srcset=\"https:\/\/www.hoymercedes.com.ar\/principal\/wp-content\/uploads\/2020\/10\/11-iglesia-arzob.jpg 800w, https:\/\/www.hoymercedes.com.ar\/principal\/wp-content\/uploads\/2020\/10\/11-iglesia-arzob-630x395.jpg 630w, https:\/\/www.hoymercedes.com.ar\/principal\/wp-content\/uploads\/2020\/10\/11-iglesia-arzob-150x94.jpg 150w\" sizes=\"auto, (max-width: 800px) 100vw, 800px\" \/><\/figure><\/div>\n\n\n\n<p>En nombre del Papa Francisco, el Sr. Nuncio Apost\u00f3lico, Mons. Miroslaw Adamczyk, impuso el Palio al Arzobispo Metropolitano de Mercedes \u2013 Luj\u00e1n +Jorge Eduardo Scheinig. La celebraci\u00f3n cont\u00f3 \u00a0con la presencia de los obispos de las di\u00f3cesis pertenecientes a la Provincia Eclesi\u00e1stica, Mons. Fernando Maletti y su obispo auxiliar, Mons. Oscar Mi\u00f1arro, el obispo de 9 de Julio, Mons. Ariel Torrado Mosconi y el obispo de Z\u00e1rate-Campana, Mons Pedro Laxague y su obispo auxiliar electo, Mons. Justo Rodriguez Gallego.<\/p>\n\n\n\n<p>Con fecha 4 de octubre de 2019 nuestra Arquidi\u00f3cesis ha sido elevada al rango de Arquidi\u00f3cesis Metropolitana, con la consecuente creaci\u00f3n de la Provincia Eclesi\u00e1stica de Mercedes-Luj\u00e1n. Por este motivo, nuestro arzobispo Jorge Eduardo recibi\u00f3 \u00a0el Palio Arzobispal que reciben los Arzobispos metropolitanos en el domingo del Buen Pastor. <\/p>\n\n\n\n<p>Como es de p\u00fablico conocimiento, por raz\u00f3n de la pandemia de Covid-19, este a\u00f1o no se celebr\u00f3 la misa de entrega del Palio y el Papa Francisco decidi\u00f3 enviar por medio del Nuncio Apost\u00f3lico dicho ornamento.<\/p>\n\n\n\n<p>Fuente: Prensa Arzobispado Mercedes &#8211; Luj\u00e1n. <\/p>\n","protected":false},"excerpt":{"rendered":"<p>Este s\u00e1bado 10 de octubre,\u00a0en la\u00a0Catedral Metropolitana \u00abNuestra Se\u00f1ora de las Mercedes\u00bb, \u00a0se celebr\u00f3 la Misa de Imposici\u00f3n del Palio &#8230; <a title=\"Nuncio Apost\u00f3lico impuso el Palio al Arzobispo Metropolitano de Mercedes \u2013 Luj\u00e1n\" class=\"read-more\" href=\"https:\/\/www.hoymercedes.com.ar\/principal\/2020\/10\/11\/nuncio-apostolico-impuso-el-palio-al-arzobispo-metropolitano-de-mercedes-lujan\/\" aria-label=\"Leer m\u00e1s sobre Nuncio Apost\u00f3lico impuso el Palio al Arzobispo Metropolitano de Mercedes \u2013 Luj\u00e1n\">Leer m\u00e1s<\/a><\/p>\n","protected":false},"author":5,"featured_media":118362,"comment_status":"closed","ping_status":"open","sticky":false,"template":"","format":"standard","meta":{"_monsterinsights_skip_tracking":false,"_monsterinsights_sitenote_active":false,"_monsterinsights_sitenote_note":"","_monsterinsights_sitenote_category":0,"jetpack_post_was_ever_published":false,"_jetpack_newsletter_access":"","_jetpack_dont_email_post_to_subs":false,"_jetpack_newsletter_tier_id":0,"_jetpack_memberships_contains_paywalled_content":false,"_jetpack_memberships_contains_paid_content":false,"footnotes":"","jetpack_publicize_message":"","jetpack_publicize_feature_enabled":true,"jetpack_social_post_already_shared":true,"jetpack_social_options":{"image_generator_settings":{"template":"highway","default_image_id":0,"font":"","enabled":false},"version":2},"_wpas_customize_per_network":false},"categories":[8],"tags":[9482,14809],"class_list":["post-118361","post","type-post","status-publish","format-standard","has-post-thumbnail","hentry","category-sociedad","tag-arzobispo","tag-nuncio-apostolico","generate-columns","tablet-grid-50","mobile-grid-100","grid-parent","grid-50"],"jetpack_publicize_connections":[],"jetpack_featured_media_url":"https:\/\/www.hoymercedes.com.ar\/principal\/wp-content\/uploads\/2020\/10\/11-iglesia-arzob.jpg","wps_subtitle":"Celebraci\u00f3n religiosa","jetpack_sharing_enabled":true,"_links":{"self":[{"href":"https:\/\/www.hoymercedes.com.ar\/principal\/wp-json\/wp\/v2\/posts\/118361","targetHints":{"allow":["GET"]}}],"collection":[{"href":"https:\/\/www.hoymercedes.com.ar\/principal\/wp-json\/wp\/v2\/posts"}],"about":[{"href":"https:\/\/www.hoymercedes.com.ar\/principal\/wp-json\/wp\/v2\/types\/post"}],"author":[{"embeddable":true,"href":"https:\/\/www.hoymercedes.com.ar\/principal\/wp-json\/wp\/v2\/users\/5"}],"replies":[{"embeddable":true,"href":"https:\/\/www.hoymercedes.com.ar\/principal\/wp-json\/wp\/v2\/comments?post=118361"}],"version-history":[{"count":0,"href":"https:\/\/www.hoymercedes.com.ar\/principal\/wp-json\/wp\/v2\/posts\/118361\/revisions"}],"wp:featuredmedia":[{"embeddable":true,"href":"https:\/\/www.hoymercedes.com.ar\/principal\/wp-json\/wp\/v2\/media\/118362"}],"wp:attachment":[{"href":"https:\/\/www.hoymercedes.com.ar\/principal\/wp-json\/wp\/v2\/media?parent=118361"}],"wp:term":[{"taxonomy":"category","embeddable":true,"href":"https:\/\/www.hoymercedes.com.ar\/principal\/wp-json\/wp\/v2\/categories?post=118361"},{"taxonomy":"post_tag","embeddable":true,"href":"https:\/\/www.hoymercedes.com.ar\/principal\/wp-json\/wp\/v2\/tags?post=118361"}],"curies":[{"name":"wp","href":"https:\/\/api.w.org\/{rel}","templated":true}]}}