{"id":118365,"date":"2020-10-11T19:53:21","date_gmt":"2020-10-11T22:53:21","guid":{"rendered":"http:\/\/www.hoymercedes.com.ar\/principal\/?p=118365"},"modified":"2020-10-11T21:03:44","modified_gmt":"2020-10-12T00:03:44","slug":"actividades-para-la-ninez-en-plaza-de-los-barrios","status":"publish","type":"post","link":"https:\/\/www.hoymercedes.com.ar\/principal\/2020\/10\/11\/actividades-para-la-ninez-en-plaza-de-los-barrios\/","title":{"rendered":"Actividades para la ni\u00f1ez en plaza de los barrios"},"content":{"rendered":"\n<p>Fuente: Prensa Municipal &#8211; El Cartero de la Ni\u00f1ez en el \u201cmes de la risa\u201d lleg\u00f3 a distintos espacios p\u00fablicos con el objetivo de que los ni\u00f1os y ni\u00f1as de la ciudad puedan expresar sus deseos y voluntades pensando en la post pandemia. En Trocha, Esperanza y Pe\u00f1aloza estuvo con meg\u00e1fono en mano y cartas para que sean completadas oyendo y retirando las opiniones de los m\u00e1s peque\u00f1os. \u00a0<\/p>\n\n\n\n<div class=\"wp-block-image\"><figure class=\"aligncenter size-large\"><img loading=\"lazy\" decoding=\"async\" width=\"800\" height=\"533\" data-attachment-id=\"118366\" data-permalink=\"https:\/\/www.hoymercedes.com.ar\/principal\/2020\/10\/11\/actividades-para-la-ninez-en-plaza-de-los-barrios\/dsc09193\/#main\" data-orig-file=\"https:\/\/www.hoymercedes.com.ar\/principal\/wp-content\/uploads\/2020\/10\/DSC09193.jpg\" data-orig-size=\"800,533\" data-comments-opened=\"0\" data-image-meta=\"{&quot;aperture&quot;:&quot;0&quot;,&quot;credit&quot;:&quot;&quot;,&quot;camera&quot;:&quot;&quot;,&quot;caption&quot;:&quot;&quot;,&quot;created_timestamp&quot;:&quot;1602449422&quot;,&quot;copyright&quot;:&quot;&quot;,&quot;focal_length&quot;:&quot;0&quot;,&quot;iso&quot;:&quot;0&quot;,&quot;shutter_speed&quot;:&quot;0&quot;,&quot;title&quot;:&quot;&quot;,&quot;orientation&quot;:&quot;1&quot;}\" data-image-title=\"DSC09193\" data-image-description=\"\" data-image-caption=\"\" data-large-file=\"https:\/\/www.hoymercedes.com.ar\/principal\/wp-content\/uploads\/2020\/10\/DSC09193.jpg\" src=\"https:\/\/www.hoymercedes.com.ar\/principal\/wp-content\/uploads\/2020\/10\/DSC09193.jpg\" alt=\"\" class=\"wp-image-118366\" srcset=\"https:\/\/www.hoymercedes.com.ar\/principal\/wp-content\/uploads\/2020\/10\/DSC09193.jpg 800w, https:\/\/www.hoymercedes.com.ar\/principal\/wp-content\/uploads\/2020\/10\/DSC09193-630x420.jpg 630w, https:\/\/www.hoymercedes.com.ar\/principal\/wp-content\/uploads\/2020\/10\/DSC09193-150x100.jpg 150w, https:\/\/www.hoymercedes.com.ar\/principal\/wp-content\/uploads\/2020\/10\/DSC09193-700x465.jpg 700w\" sizes=\"auto, (max-width: 800px) 100vw, 800px\" \/><\/figure><\/div>\n\n\n\n<p>\u201cEllos son una voz muy importante\u201d destacaron desde la comuna. Siempre al aire libre y con el debido distanciamiento y protocolos hubo desde la Direcci\u00f3n de Ni\u00f1ez y Juventud un trabajo en torno al entretenimiento y el acompa\u00f1amiento de los m\u00e1s peque\u00f1os.&nbsp;&nbsp;&nbsp;<\/p>\n\n\n\n<p>El Cartero de la Ni\u00f1ez es una iniciativa acompa\u00f1ada de la noci\u00f3n de ciudad educativa y pensada en la construcci\u00f3n del espacio p\u00fablico desde una mirada inclusiva. &nbsp;<\/p>\n\n\n\n<p>\u201cUna de las observaciones que hace Tonucci (pedagogo italiano) es que hace desde much\u00edsimos a\u00f1os las ciudades se han ido estructurando en funci\u00f3n de los adultos, por lo cual, los ni\u00f1os pierden espacios de juego y de seguridad\u201d apunt\u00f3 Andrea Moleres y agreg\u00f3 \u201ces as\u00ed como a trav\u00e9s de preguntas que el equipo va armando se van generando acciones concretas donde los ni\u00f1os van opinando sobre c\u00f3mo ellos quieren que sea la ciudad\u201d. &nbsp;<\/p>\n\n\n\n<p>Esta iniciativa de la Municipalidad de Mercedes va en esa l\u00ednea. O\u00edr a los ni\u00f1os y ni\u00f1as. Primero fue de manera virtual y ahora con algunas aperturas pasaron a una etapa de distanciamiento, pero con un m\u00ednimo de prespecialidad. &nbsp;<\/p>\n\n\n\n<p>El jefe comunal Dr. Ustarroz, hace unas semanas en esta l\u00ednea de trabajo hab\u00eda tenido una teleconferencia con el mencionado pedagogo donde se debatieron este y otros temas de inter\u00e9s para el desarrollo de la infancia y la construcci\u00f3n de una ciudad abierta, inclusiva y que escucha a los m\u00e1s peque\u00f1os.&nbsp;<\/p>\n","protected":false},"excerpt":{"rendered":"<p>Fuente: Prensa Municipal &#8211; El Cartero de la Ni\u00f1ez en el \u201cmes de la risa\u201d lleg\u00f3 a distintos espacios p\u00fablicos &#8230; <a title=\"Actividades para la ni\u00f1ez en plaza de los barrios\" class=\"read-more\" href=\"https:\/\/www.hoymercedes.com.ar\/principal\/2020\/10\/11\/actividades-para-la-ninez-en-plaza-de-los-barrios\/\" aria-label=\"Leer m\u00e1s sobre Actividades para la ni\u00f1ez en plaza de los barrios\">Leer m\u00e1s<\/a><\/p>\n","protected":false},"author":5,"featured_media":118366,"comment_status":"closed","ping_status":"open","sticky":false,"template":"","format":"standard","meta":{"_monsterinsights_skip_tracking":false,"_monsterinsights_sitenote_active":false,"_monsterinsights_sitenote_note":"","_monsterinsights_sitenote_category":0,"jetpack_post_was_ever_published":false,"_jetpack_newsletter_access":"","_jetpack_dont_email_post_to_subs":false,"_jetpack_newsletter_tier_id":0,"_jetpack_memberships_contains_paywalled_content":false,"_jetpack_memberships_contains_paid_content":false,"footnotes":"","jetpack_publicize_message":"","jetpack_publicize_feature_enabled":true,"jetpack_social_post_already_shared":true,"jetpack_social_options":{"image_generator_settings":{"template":"highway","default_image_id":0,"font":"","enabled":false},"version":2},"_wpas_customize_per_network":false},"categories":[30],"tags":[17181,244,16668],"class_list":["post-118365","post","type-post","status-publish","format-standard","has-post-thumbnail","hentry","category-municipio","tag-mes-de-la-risa","tag-municipio-2","tag-ninez","generate-columns","tablet-grid-50","mobile-grid-100","grid-parent","grid-50"],"jetpack_publicize_connections":[],"jetpack_featured_media_url":"https:\/\/www.hoymercedes.com.ar\/principal\/wp-content\/uploads\/2020\/10\/DSC09193.jpg","wps_subtitle":"Mes de la risa","jetpack_sharing_enabled":true,"_links":{"self":[{"href":"https:\/\/www.hoymercedes.com.ar\/principal\/wp-json\/wp\/v2\/posts\/118365","targetHints":{"allow":["GET"]}}],"collection":[{"href":"https:\/\/www.hoymercedes.com.ar\/principal\/wp-json\/wp\/v2\/posts"}],"about":[{"href":"https:\/\/www.hoymercedes.com.ar\/principal\/wp-json\/wp\/v2\/types\/post"}],"author":[{"embeddable":true,"href":"https:\/\/www.hoymercedes.com.ar\/principal\/wp-json\/wp\/v2\/users\/5"}],"replies":[{"embeddable":true,"href":"https:\/\/www.hoymercedes.com.ar\/principal\/wp-json\/wp\/v2\/comments?post=118365"}],"version-history":[{"count":0,"href":"https:\/\/www.hoymercedes.com.ar\/principal\/wp-json\/wp\/v2\/posts\/118365\/revisions"}],"wp:featuredmedia":[{"embeddable":true,"href":"https:\/\/www.hoymercedes.com.ar\/principal\/wp-json\/wp\/v2\/media\/118366"}],"wp:attachment":[{"href":"https:\/\/www.hoymercedes.com.ar\/principal\/wp-json\/wp\/v2\/media?parent=118365"}],"wp:term":[{"taxonomy":"category","embeddable":true,"href":"https:\/\/www.hoymercedes.com.ar\/principal\/wp-json\/wp\/v2\/categories?post=118365"},{"taxonomy":"post_tag","embeddable":true,"href":"https:\/\/www.hoymercedes.com.ar\/principal\/wp-json\/wp\/v2\/tags?post=118365"}],"curies":[{"name":"wp","href":"https:\/\/api.w.org\/{rel}","templated":true}]}}