{"id":118441,"date":"2020-10-13T13:39:12","date_gmt":"2020-10-13T16:39:12","guid":{"rendered":"http:\/\/www.hoymercedes.com.ar\/principal\/?p=118441"},"modified":"2020-10-14T11:07:37","modified_gmt":"2020-10-14T14:07:37","slug":"incendio-en-casa-de-26-bis-entre-63-y-65","status":"publish","type":"post","link":"https:\/\/www.hoymercedes.com.ar\/principal\/2020\/10\/13\/incendio-en-casa-de-26-bis-entre-63-y-65\/","title":{"rendered":"Incendio en casa de 26 bis entre 63 y 65"},"content":{"rendered":"\n<p>Promediando la ma\u00f1ana de este martes, el cuerpo de Bomberos Voluntarios junto al SAME, Polic\u00eda y Protecci\u00f3n Civil debieron auxiliar a una familia que sufri\u00f3 un incendio en su casa en la calle 26 bis, entre 63 y 65. Trascendi\u00f3 que no hubo heridos, solo da\u00f1os materiales. <\/p>\n\n\n\n<figure class=\"wp-block-gallery columns-2 is-cropped wp-block-gallery-1 is-layout-flex wp-block-gallery-is-layout-flex\"><ul class=\"blocks-gallery-grid\"><li class=\"blocks-gallery-item\"><figure><img loading=\"lazy\" decoding=\"async\" width=\"670\" height=\"350\" data-attachment-id=\"118443\" data-permalink=\"https:\/\/www.hoymercedes.com.ar\/principal\/2020\/10\/13\/incendio-en-casa-de-26-bis-entre-63-y-65\/13-incendio-26-2\/#main\" data-orig-file=\"https:\/\/www.hoymercedes.com.ar\/principal\/wp-content\/uploads\/2020\/10\/13-incendio-26-2.jpg\" data-orig-size=\"670,350\" data-comments-opened=\"0\" data-image-meta=\"{&quot;aperture&quot;:&quot;0&quot;,&quot;credit&quot;:&quot;&quot;,&quot;camera&quot;:&quot;&quot;,&quot;caption&quot;:&quot;&quot;,&quot;created_timestamp&quot;:&quot;0&quot;,&quot;copyright&quot;:&quot;&quot;,&quot;focal_length&quot;:&quot;0&quot;,&quot;iso&quot;:&quot;0&quot;,&quot;shutter_speed&quot;:&quot;0&quot;,&quot;title&quot;:&quot;&quot;,&quot;orientation&quot;:&quot;0&quot;}\" data-image-title=\"13 incendio 26 2\" data-image-description=\"\" data-image-caption=\"\" data-large-file=\"https:\/\/www.hoymercedes.com.ar\/principal\/wp-content\/uploads\/2020\/10\/13-incendio-26-2.jpg\" src=\"https:\/\/www.hoymercedes.com.ar\/principal\/wp-content\/uploads\/2020\/10\/13-incendio-26-2.jpg\" alt=\"\" data-id=\"118443\" data-full-url=\"https:\/\/www.hoymercedes.com.ar\/principal\/wp-content\/uploads\/2020\/10\/13-incendio-26-2.jpg\" data-link=\"https:\/\/www.hoymercedes.com.ar\/principal\/?attachment_id=118443\" class=\"wp-image-118443\" srcset=\"https:\/\/www.hoymercedes.com.ar\/principal\/wp-content\/uploads\/2020\/10\/13-incendio-26-2.jpg 670w, https:\/\/www.hoymercedes.com.ar\/principal\/wp-content\/uploads\/2020\/10\/13-incendio-26-2-630x329.jpg 630w, https:\/\/www.hoymercedes.com.ar\/principal\/wp-content\/uploads\/2020\/10\/13-incendio-26-2-150x78.jpg 150w\" sizes=\"auto, (max-width: 670px) 100vw, 670px\" \/><\/figure><\/li><li class=\"blocks-gallery-item\"><figure><img loading=\"lazy\" decoding=\"async\" width=\"670\" height=\"350\" data-attachment-id=\"118442\" data-permalink=\"https:\/\/www.hoymercedes.com.ar\/principal\/2020\/10\/13\/incendio-en-casa-de-26-bis-entre-63-y-65\/13-incendio-26-1\/#main\" data-orig-file=\"https:\/\/www.hoymercedes.com.ar\/principal\/wp-content\/uploads\/2020\/10\/13-incendio-26-1.jpg\" data-orig-size=\"670,350\" data-comments-opened=\"0\" data-image-meta=\"{&quot;aperture&quot;:&quot;0&quot;,&quot;credit&quot;:&quot;&quot;,&quot;camera&quot;:&quot;&quot;,&quot;caption&quot;:&quot;&quot;,&quot;created_timestamp&quot;:&quot;0&quot;,&quot;copyright&quot;:&quot;&quot;,&quot;focal_length&quot;:&quot;0&quot;,&quot;iso&quot;:&quot;0&quot;,&quot;shutter_speed&quot;:&quot;0&quot;,&quot;title&quot;:&quot;&quot;,&quot;orientation&quot;:&quot;0&quot;}\" data-image-title=\"13 incendio 26 1\" data-image-description=\"\" data-image-caption=\"\" data-large-file=\"https:\/\/www.hoymercedes.com.ar\/principal\/wp-content\/uploads\/2020\/10\/13-incendio-26-1.jpg\" src=\"https:\/\/www.hoymercedes.com.ar\/principal\/wp-content\/uploads\/2020\/10\/13-incendio-26-1.jpg\" alt=\"\" data-id=\"118442\" data-full-url=\"https:\/\/www.hoymercedes.com.ar\/principal\/wp-content\/uploads\/2020\/10\/13-incendio-26-1.jpg\" data-link=\"https:\/\/www.hoymercedes.com.ar\/principal\/?attachment_id=118442\" class=\"wp-image-118442\" srcset=\"https:\/\/www.hoymercedes.com.ar\/principal\/wp-content\/uploads\/2020\/10\/13-incendio-26-1.jpg 670w, https:\/\/www.hoymercedes.com.ar\/principal\/wp-content\/uploads\/2020\/10\/13-incendio-26-1-630x329.jpg 630w, https:\/\/www.hoymercedes.com.ar\/principal\/wp-content\/uploads\/2020\/10\/13-incendio-26-1-150x78.jpg 150w\" sizes=\"auto, (max-width: 670px) 100vw, 670px\" \/><\/figure><\/li><\/ul><figcaption class=\"blocks-gallery-caption\">PH: Protecci\u00f3n Civil Mercedes<\/figcaption><\/figure>\n","protected":false},"excerpt":{"rendered":"<p>Promediando la ma\u00f1ana de este martes, el cuerpo de Bomberos Voluntarios junto al SAME, Polic\u00eda y Protecci\u00f3n Civil debieron auxiliar &#8230; <a title=\"Incendio en casa de 26 bis entre 63 y 65\" class=\"read-more\" href=\"https:\/\/www.hoymercedes.com.ar\/principal\/2020\/10\/13\/incendio-en-casa-de-26-bis-entre-63-y-65\/\" aria-label=\"Leer m\u00e1s sobre Incendio en casa de 26 bis entre 63 y 65\">Leer m\u00e1s<\/a><\/p>\n","protected":false},"author":1,"featured_media":118443,"comment_status":"closed","ping_status":"open","sticky":false,"template":"","format":"standard","meta":{"_monsterinsights_skip_tracking":false,"_monsterinsights_sitenote_active":false,"_monsterinsights_sitenote_note":"","_monsterinsights_sitenote_category":0,"jetpack_post_was_ever_published":false,"_jetpack_newsletter_access":"","_jetpack_dont_email_post_to_subs":false,"_jetpack_newsletter_tier_id":0,"_jetpack_memberships_contains_paywalled_content":false,"_jetpack_memberships_contains_paid_content":false,"footnotes":"","jetpack_publicize_message":"","jetpack_publicize_feature_enabled":true,"jetpack_social_post_already_shared":true,"jetpack_social_options":{"image_generator_settings":{"template":"highway","default_image_id":0,"font":"","enabled":false},"version":2},"_wpas_customize_per_network":false},"categories":[85],"tags":[286,96],"class_list":["post-118441","post","type-post","status-publish","format-standard","has-post-thumbnail","hentry","category-policial","tag-incendio","tag-policial-2","generate-columns","tablet-grid-50","mobile-grid-100","grid-parent","grid-50"],"jetpack_publicize_connections":[],"jetpack_featured_media_url":"https:\/\/www.hoymercedes.com.ar\/principal\/wp-content\/uploads\/2020\/10\/13-incendio-26-2.jpg","wps_subtitle":"En la ma\u00f1ana del martes","jetpack_sharing_enabled":true,"_links":{"self":[{"href":"https:\/\/www.hoymercedes.com.ar\/principal\/wp-json\/wp\/v2\/posts\/118441","targetHints":{"allow":["GET"]}}],"collection":[{"href":"https:\/\/www.hoymercedes.com.ar\/principal\/wp-json\/wp\/v2\/posts"}],"about":[{"href":"https:\/\/www.hoymercedes.com.ar\/principal\/wp-json\/wp\/v2\/types\/post"}],"author":[{"embeddable":true,"href":"https:\/\/www.hoymercedes.com.ar\/principal\/wp-json\/wp\/v2\/users\/1"}],"replies":[{"embeddable":true,"href":"https:\/\/www.hoymercedes.com.ar\/principal\/wp-json\/wp\/v2\/comments?post=118441"}],"version-history":[{"count":0,"href":"https:\/\/www.hoymercedes.com.ar\/principal\/wp-json\/wp\/v2\/posts\/118441\/revisions"}],"wp:featuredmedia":[{"embeddable":true,"href":"https:\/\/www.hoymercedes.com.ar\/principal\/wp-json\/wp\/v2\/media\/118443"}],"wp:attachment":[{"href":"https:\/\/www.hoymercedes.com.ar\/principal\/wp-json\/wp\/v2\/media?parent=118441"}],"wp:term":[{"taxonomy":"category","embeddable":true,"href":"https:\/\/www.hoymercedes.com.ar\/principal\/wp-json\/wp\/v2\/categories?post=118441"},{"taxonomy":"post_tag","embeddable":true,"href":"https:\/\/www.hoymercedes.com.ar\/principal\/wp-json\/wp\/v2\/tags?post=118441"}],"curies":[{"name":"wp","href":"https:\/\/api.w.org\/{rel}","templated":true}]}}