{"id":118459,"date":"2020-10-13T15:46:38","date_gmt":"2020-10-13T18:46:38","guid":{"rendered":"http:\/\/www.hoymercedes.com.ar\/principal\/?p=118459"},"modified":"2020-10-14T11:07:14","modified_gmt":"2020-10-14T14:07:14","slug":"provincia-cambia-la-definicion-de-fasas-y-autoriza-mas-actividades","status":"publish","type":"post","link":"https:\/\/www.hoymercedes.com.ar\/principal\/2020\/10\/13\/provincia-cambia-la-definicion-de-fasas-y-autoriza-mas-actividades\/","title":{"rendered":"Provincia cambia la definici\u00f3n de fasas y autoriza m\u00e1s actividades"},"content":{"rendered":"\n<p>El jefe de Gabinete, Carlos Bianco, y el ministro de Salud, Daniel Gollan, presentaron esta ma\u00f1ana en conferencia de prensa los datos sobre la situaci\u00f3n epidemiol\u00f3gica y sanitaria en la provincia de Buenos Aires y el esquema de fases de aislamiento y distanciamiento social, preventivo y obligatorio en los 135 distritos bonaerenses.<\/p>\n\n\n\n<div class=\"wp-block-image\"><figure class=\"aligncenter size-large\"><img loading=\"lazy\" decoding=\"async\" width=\"800\" height=\"532\" data-attachment-id=\"118460\" data-permalink=\"https:\/\/www.hoymercedes.com.ar\/principal\/2020\/10\/13\/provincia-cambia-la-definicion-de-fasas-y-autoriza-mas-actividades\/2020_10_13_conferencia_situacion_epidemiologica_gba_8085\/#main\" data-orig-file=\"https:\/\/www.hoymercedes.com.ar\/principal\/wp-content\/uploads\/2020\/10\/2020_10_13_CONFERENCIA_SITUACION_EPIDEMIOLOGICA_GBA_8085.jpg\" data-orig-size=\"800,532\" data-comments-opened=\"0\" data-image-meta=\"{&quot;aperture&quot;:&quot;0&quot;,&quot;credit&quot;:&quot;&quot;,&quot;camera&quot;:&quot;&quot;,&quot;caption&quot;:&quot;&quot;,&quot;created_timestamp&quot;:&quot;1602585174&quot;,&quot;copyright&quot;:&quot;&quot;,&quot;focal_length&quot;:&quot;0&quot;,&quot;iso&quot;:&quot;0&quot;,&quot;shutter_speed&quot;:&quot;0&quot;,&quot;title&quot;:&quot;&quot;,&quot;orientation&quot;:&quot;1&quot;}\" data-image-title=\"2020_10_13_CONFERENCIA_SITUACION_EPIDEMIOLOGICA_GBA_8085\" data-image-description=\"\" data-image-caption=\"\" data-large-file=\"https:\/\/www.hoymercedes.com.ar\/principal\/wp-content\/uploads\/2020\/10\/2020_10_13_CONFERENCIA_SITUACION_EPIDEMIOLOGICA_GBA_8085.jpg\" src=\"https:\/\/www.hoymercedes.com.ar\/principal\/wp-content\/uploads\/2020\/10\/2020_10_13_CONFERENCIA_SITUACION_EPIDEMIOLOGICA_GBA_8085.jpg\" alt=\"\" class=\"wp-image-118460\" srcset=\"https:\/\/www.hoymercedes.com.ar\/principal\/wp-content\/uploads\/2020\/10\/2020_10_13_CONFERENCIA_SITUACION_EPIDEMIOLOGICA_GBA_8085.jpg 800w, https:\/\/www.hoymercedes.com.ar\/principal\/wp-content\/uploads\/2020\/10\/2020_10_13_CONFERENCIA_SITUACION_EPIDEMIOLOGICA_GBA_8085-630x419.jpg 630w, https:\/\/www.hoymercedes.com.ar\/principal\/wp-content\/uploads\/2020\/10\/2020_10_13_CONFERENCIA_SITUACION_EPIDEMIOLOGICA_GBA_8085-150x100.jpg 150w, https:\/\/www.hoymercedes.com.ar\/principal\/wp-content\/uploads\/2020\/10\/2020_10_13_CONFERENCIA_SITUACION_EPIDEMIOLOGICA_GBA_8085-700x465.jpg 700w\" sizes=\"auto, (max-width: 800px) 100vw, 800px\" \/><\/figure><\/div>\n\n\n\n<p>Desde el Sal\u00f3n Dorado de la Gobernaci\u00f3n, el ministro Gollan se\u00f1al\u00f3 que en lo referido a la cantidad de casos se viene registrando \u201cun descenso importante en el \u00c1rea Metropolitana de Buenos Aires (AMBA)\u201d. En este sentido, se\u00f1al\u00f3, en comparaci\u00f3n con lo que ocurr\u00eda hace cinco semanas hay en promedio 10.000 casos menos semanales en la Provincia y 15.000 menos en el AMBA.<\/p>\n\n\n\n<p>No obstante, en el interior sigue registr\u00e1ndose un aumento de la cantidad de casos, que alcanzan el 33% del total provincial. Por ello, afirm\u00f3 el Ministro: \u201cEl grueso de las acciones a futuro, sin dejar de pensar en el AMBA, se est\u00e1n dise\u00f1ando para dar respuesta desde el sistema sanitario al interior de la Provincia, por su enorme extensi\u00f3n territorial\u201d. Gollan destac\u00f3 el sistema de gesti\u00f3n de camas desarrollado por la Provincia, que permite derivar pacientes y que no se saturen las camas en ning\u00fan punto del territorio, incrementando entre un 25% y un 30% el rendimiento de las unidades disponibles.<\/p>\n\n\n\n<p>Finalmente, Gollan destac\u00f3 el efecto positivo del trabajo territorial realizado para contener la pandemia, con m\u00e1s de un mill\u00f3n de entrevistas personales coordinadas desde el Ministerio de Salud de la Provincia, adem\u00e1s de m\u00e1s de dos millones realizadas desde los municipios: \u201cTodo este trabajo invisible d\u00eda a d\u00eda explica por qu\u00e9 estamos pudiendo, en conjunto con las y los intendentes, las organizaciones sociales y la comunidad, contener esta pandemia\u201d. \u201cNo hemos ganado todav\u00eda la guerra, pero venimos en una situaci\u00f3n que es esperanzadora\u201d, concluy\u00f3 el Ministro.<\/p>\n\n\n\n<p>El jefe de Gabinete, por su parte, explic\u00f3 un cambio metodol\u00f3gico implementado en la definici\u00f3n de fases: hasta ahora, la ubicaci\u00f3n de los distritos en fase 4 o 5 se determinaba en funci\u00f3n de que en las \u00faltimas dos semanas hubieran tenido el equivalente a 10 casos semanales cada 100.000 habitantes. A dicho criterio se suma ahora un est\u00e1ndar de m\u00ednima, por el cual los distritos con cinco o menos casos semanales en las \u00faltimas dos semanas pueden pasar a fase 5, independientemente del indicador anterior.<\/p>\n\n\n\n<p>Paralelamente, Bianco afirm\u00f3 que de acuerdo a lo anunciado por el gobernador Axel Kicillof el pasado s\u00e1bado, se implementar\u00e1 en adelante \u201cun esquema gradual, paulatino e intermitente, supeditado a la evoluci\u00f3n de los casos, en los distritos que est\u00e1n en fase 3\u201d, que permitir\u00e1 la habilitaci\u00f3n de algunas actividades en tanto se cumplan dos condiciones: que sigan disminuyendo los casos y que no haya riesgos sanitarios en materia de ocupaci\u00f3n de camas. En principio, y si se siguen cumpliendo dichas condiciones, a partir del pr\u00f3ximo lunes 19 de octubre se habilitar\u00e1n o ampliar\u00e1n los permisos para cinco actividades en algunos distritos de fase 3:<\/p>\n\n\n\n<ul class=\"wp-block-list\"><li>Personal auxiliar de casas particulares, solamente en los casos en que trabajen en un solo domicilio. Esto regir\u00e1 para el AMBA y luego se podr\u00e1 ampliar a otros distritos que est\u00e9n en fase 3 y no pertenezcan al AMBA.<\/li><li>Restaurantes y bares al aire libre, siguiendo los protocolos, el distanciamiento y las pautas de aforo m\u00e1ximo que ya rigen para los distritos en fases 4 y 5.<\/li><li>Gimnasios, solamente para la realizaci\u00f3n de actividades al aire libre y siguiendo protocolos y pautas de distanciamiento.<\/li><li>Construcci\u00f3n privada, rubro en el que se ampl\u00eda la habilitaci\u00f3n vigente para extenderla a obras que ya se encuentren iniciadas en viviendas multifamiliares (edificios) y parques industriales.<\/li><li>Salidas recreativas en grupos de hasta 10 personas al aire libre.<\/li><\/ul>\n\n\n\n<p>Por \u00faltimo, en cuanto a la situaci\u00f3n actual del esquema de fases de aislamiento y distanciamiento social, preventivo y obligatorio, Bianco detall\u00f3 que 49 municipios se encuentran en fase 3, 71 en fase 4 y 15 en fase 5.<\/p>\n\n\n\n<p>Fuente: Provincia de Buenos Aires<\/p>\n","protected":false},"excerpt":{"rendered":"<p>El jefe de Gabinete, Carlos Bianco, y el ministro de Salud, Daniel Gollan, presentaron esta ma\u00f1ana en conferencia de prensa &#8230; <a title=\"Provincia cambia la definici\u00f3n de fasas y autoriza m\u00e1s actividades\" class=\"read-more\" href=\"https:\/\/www.hoymercedes.com.ar\/principal\/2020\/10\/13\/provincia-cambia-la-definicion-de-fasas-y-autoriza-mas-actividades\/\" aria-label=\"Leer m\u00e1s sobre Provincia cambia la definici\u00f3n de fasas y autoriza m\u00e1s actividades\">Leer m\u00e1s<\/a><\/p>\n","protected":false},"author":1,"featured_media":118460,"comment_status":"closed","ping_status":"open","sticky":false,"template":"","format":"standard","meta":{"_monsterinsights_skip_tracking":false,"_monsterinsights_sitenote_active":false,"_monsterinsights_sitenote_note":"","_monsterinsights_sitenote_category":0,"jetpack_post_was_ever_published":false,"_jetpack_newsletter_access":"","_jetpack_dont_email_post_to_subs":false,"_jetpack_newsletter_tier_id":0,"_jetpack_memberships_contains_paywalled_content":false,"_jetpack_memberships_contains_paid_content":false,"footnotes":"","jetpack_publicize_message":"","jetpack_publicize_feature_enabled":true,"jetpack_social_post_already_shared":true,"jetpack_social_options":{"image_generator_settings":{"template":"highway","default_image_id":0,"font":"","enabled":false},"version":2},"_wpas_customize_per_network":false},"categories":[8881],"tags":[16175,16313,16846,1803],"class_list":["post-118459","post","type-post","status-publish","format-standard","has-post-thumbnail","hentry","category-provincia","tag-coronavirus","tag-covid-19","tag-fases","tag-provincia","generate-columns","tablet-grid-50","mobile-grid-100","grid-parent","grid-50"],"jetpack_publicize_connections":[],"jetpack_featured_media_url":"https:\/\/www.hoymercedes.com.ar\/principal\/wp-content\/uploads\/2020\/10\/2020_10_13_CONFERENCIA_SITUACION_EPIDEMIOLOGICA_GBA_8085.jpg","wps_subtitle":"Funcionarios bonaerenses","jetpack_sharing_enabled":true,"_links":{"self":[{"href":"https:\/\/www.hoymercedes.com.ar\/principal\/wp-json\/wp\/v2\/posts\/118459","targetHints":{"allow":["GET"]}}],"collection":[{"href":"https:\/\/www.hoymercedes.com.ar\/principal\/wp-json\/wp\/v2\/posts"}],"about":[{"href":"https:\/\/www.hoymercedes.com.ar\/principal\/wp-json\/wp\/v2\/types\/post"}],"author":[{"embeddable":true,"href":"https:\/\/www.hoymercedes.com.ar\/principal\/wp-json\/wp\/v2\/users\/1"}],"replies":[{"embeddable":true,"href":"https:\/\/www.hoymercedes.com.ar\/principal\/wp-json\/wp\/v2\/comments?post=118459"}],"version-history":[{"count":0,"href":"https:\/\/www.hoymercedes.com.ar\/principal\/wp-json\/wp\/v2\/posts\/118459\/revisions"}],"wp:featuredmedia":[{"embeddable":true,"href":"https:\/\/www.hoymercedes.com.ar\/principal\/wp-json\/wp\/v2\/media\/118460"}],"wp:attachment":[{"href":"https:\/\/www.hoymercedes.com.ar\/principal\/wp-json\/wp\/v2\/media?parent=118459"}],"wp:term":[{"taxonomy":"category","embeddable":true,"href":"https:\/\/www.hoymercedes.com.ar\/principal\/wp-json\/wp\/v2\/categories?post=118459"},{"taxonomy":"post_tag","embeddable":true,"href":"https:\/\/www.hoymercedes.com.ar\/principal\/wp-json\/wp\/v2\/tags?post=118459"}],"curies":[{"name":"wp","href":"https:\/\/api.w.org\/{rel}","templated":true}]}}