{"id":118469,"date":"2020-10-13T20:06:46","date_gmt":"2020-10-13T23:06:46","guid":{"rendered":"http:\/\/www.hoymercedes.com.ar\/principal\/?p=118469"},"modified":"2020-10-14T11:06:38","modified_gmt":"2020-10-14T14:06:38","slug":"inscriben-para-escuelas-de-nivel-inicial-y-primaria-municipales","status":"publish","type":"post","link":"https:\/\/www.hoymercedes.com.ar\/principal\/2020\/10\/13\/inscriben-para-escuelas-de-nivel-inicial-y-primaria-municipales\/","title":{"rendered":"Inscriben para escuelas de nivel inicial y primaria  municipales"},"content":{"rendered":"\n<p>Desde las escuelas municipales del nivel primario comenzaron con las inscripciones del ciclo lectivo 2021. Entre los \u00faltimos d\u00edas de octubre y los primeros d\u00edas de noviembre, los interesados pueden inscribirse para cursar en la pedagog\u00eda cr\u00edtica impulsada por el Instituto Themis Speroni de La Plata. <\/p>\n\n\n\n<p>La inscripci\u00f3n es presencial en cada una de las escuelas: <\/p>\n\n\n\n<ul class=\"wp-block-list\"><li>La Escuela \u00abLas Carquejas\u00bb comenzar\u00e1n las inscripciones desde el lunes 26 al jueves 29 de octubre, para chicos nacidos entre el 1\/07\/2016 y el 30\/06\/2018, desde las 12:30 horas, hasta las 14:30 horas. Direcci\u00f3n calle 522 y 497, Agote. <\/li><li>La Escuela Primaria para Adultos \u00abLos Cardos\u00bb comenzar\u00e1n las inscripciones desde el lunes 26 al jueves 29 de octubre, desde las 12:30 horas hasta las 14:30 horas. Direcci\u00f3n calle 522 y 497. Agote. <\/li><li>La Escuela \u00abLos Caranchos\u00bb comenzar\u00e1n las inscripciones desde el lunes 2 al jueves 5 de noviembre, para chicos nacidos entre el 1\/07\/2017 y el 30\/06\/2018, desdela s 12:30 horas hasta las 14:30 horas. Direcci\u00f3n calle 119 N\u00b0 3099 y 104 bis. (Palacete Aguas Corrientes)<\/li><li>La Escuela \u00abEl Pampero\u00bb comenzar\u00e1n las inscripciones desde el lunes 9 al jueves 12 de noviembre, para chicos nacidos entre el 1\/07\/2017 y el 30\/06\/2018, desde las 12:30 hasta las 14:30 horas. Direcci\u00f3n calle 178 N\u00b0 947.<\/li><\/ul>\n\n\n\n<p><\/p>\n","protected":false},"excerpt":{"rendered":"<p>Desde las escuelas municipales del nivel primario comenzaron con las inscripciones del ciclo lectivo 2021. Entre los \u00faltimos d\u00edas de &#8230; <a title=\"Inscriben para escuelas de nivel inicial y primaria  municipales\" class=\"read-more\" href=\"https:\/\/www.hoymercedes.com.ar\/principal\/2020\/10\/13\/inscriben-para-escuelas-de-nivel-inicial-y-primaria-municipales\/\" aria-label=\"Leer m\u00e1s sobre Inscriben para escuelas de nivel inicial y primaria  municipales\">Leer m\u00e1s<\/a><\/p>\n","protected":false},"author":5,"featured_media":118470,"comment_status":"closed","ping_status":"open","sticky":false,"template":"","format":"standard","meta":{"_monsterinsights_skip_tracking":false,"_monsterinsights_sitenote_active":false,"_monsterinsights_sitenote_note":"","_monsterinsights_sitenote_category":0,"jetpack_post_was_ever_published":false,"_jetpack_newsletter_access":"","_jetpack_dont_email_post_to_subs":false,"_jetpack_newsletter_tier_id":0,"_jetpack_memberships_contains_paywalled_content":false,"_jetpack_memberships_contains_paid_content":false,"footnotes":"","jetpack_publicize_message":"","jetpack_publicize_feature_enabled":true,"jetpack_social_post_already_shared":true,"jetpack_social_options":{"image_generator_settings":{"template":"highway","default_image_id":0,"font":"","enabled":false},"version":2},"_wpas_customize_per_network":false},"categories":[23],"tags":[47,17187,17188],"class_list":["post-118469","post","type-post","status-publish","format-standard","has-post-thumbnail","hentry","category-educacion","tag-educacion-2","tag-escuelas-primarias","tag-inicial","generate-columns","tablet-grid-50","mobile-grid-100","grid-parent","grid-50"],"jetpack_publicize_connections":[],"jetpack_featured_media_url":"https:\/\/www.hoymercedes.com.ar\/principal\/wp-content\/uploads\/2020\/10\/13-esc-pampero.jpg","wps_subtitle":"A partir de fines de octubre","jetpack_sharing_enabled":true,"_links":{"self":[{"href":"https:\/\/www.hoymercedes.com.ar\/principal\/wp-json\/wp\/v2\/posts\/118469","targetHints":{"allow":["GET"]}}],"collection":[{"href":"https:\/\/www.hoymercedes.com.ar\/principal\/wp-json\/wp\/v2\/posts"}],"about":[{"href":"https:\/\/www.hoymercedes.com.ar\/principal\/wp-json\/wp\/v2\/types\/post"}],"author":[{"embeddable":true,"href":"https:\/\/www.hoymercedes.com.ar\/principal\/wp-json\/wp\/v2\/users\/5"}],"replies":[{"embeddable":true,"href":"https:\/\/www.hoymercedes.com.ar\/principal\/wp-json\/wp\/v2\/comments?post=118469"}],"version-history":[{"count":0,"href":"https:\/\/www.hoymercedes.com.ar\/principal\/wp-json\/wp\/v2\/posts\/118469\/revisions"}],"wp:featuredmedia":[{"embeddable":true,"href":"https:\/\/www.hoymercedes.com.ar\/principal\/wp-json\/wp\/v2\/media\/118470"}],"wp:attachment":[{"href":"https:\/\/www.hoymercedes.com.ar\/principal\/wp-json\/wp\/v2\/media?parent=118469"}],"wp:term":[{"taxonomy":"category","embeddable":true,"href":"https:\/\/www.hoymercedes.com.ar\/principal\/wp-json\/wp\/v2\/categories?post=118469"},{"taxonomy":"post_tag","embeddable":true,"href":"https:\/\/www.hoymercedes.com.ar\/principal\/wp-json\/wp\/v2\/tags?post=118469"}],"curies":[{"name":"wp","href":"https:\/\/api.w.org\/{rel}","templated":true}]}}