{"id":118495,"date":"2020-10-14T09:30:10","date_gmt":"2020-10-14T12:30:10","guid":{"rendered":"http:\/\/www.hoymercedes.com.ar\/principal\/?p=118495"},"modified":"2020-10-14T11:05:19","modified_gmt":"2020-10-14T14:05:19","slug":"recuperan-moto-robada-en-lujan","status":"publish","type":"post","link":"https:\/\/www.hoymercedes.com.ar\/principal\/2020\/10\/14\/recuperan-moto-robada-en-lujan\/","title":{"rendered":"Recuperan moto robada en Luj\u00e1n"},"content":{"rendered":"\n<p>En un operativo de seguridad vial y prevenci\u00f3n en la v\u00eda p\u00fablica realizado d\u00edas atr\u00e1s se recuper\u00f3 una moto robada en Luj\u00e1n. Los efectivos que estaban en un operativo 29 y 42 interceptaron un motoveh\u00edculo que desde el 24 septiembre ten\u00eda pedido de captura y los efectivos junto a personal de tr\u00e1nsito lograron recuperarla.<\/p>\n\n\n\n<div class=\"wp-block-image\"><figure class=\"aligncenter size-large\"><img loading=\"lazy\" decoding=\"async\" width=\"800\" height=\"533\" data-attachment-id=\"118498\" data-permalink=\"https:\/\/www.hoymercedes.com.ar\/principal\/2020\/10\/14\/recuperan-moto-robada-en-lujan\/14-policial\/#main\" data-orig-file=\"https:\/\/www.hoymercedes.com.ar\/principal\/wp-content\/uploads\/2020\/10\/14-policial.jpeg\" data-orig-size=\"800,533\" data-comments-opened=\"0\" data-image-meta=\"{&quot;aperture&quot;:&quot;0&quot;,&quot;credit&quot;:&quot;&quot;,&quot;camera&quot;:&quot;&quot;,&quot;caption&quot;:&quot;&quot;,&quot;created_timestamp&quot;:&quot;0&quot;,&quot;copyright&quot;:&quot;&quot;,&quot;focal_length&quot;:&quot;0&quot;,&quot;iso&quot;:&quot;0&quot;,&quot;shutter_speed&quot;:&quot;0&quot;,&quot;title&quot;:&quot;&quot;,&quot;orientation&quot;:&quot;0&quot;}\" data-image-title=\"14 policial\" data-image-description=\"\" data-image-caption=\"\" data-large-file=\"https:\/\/www.hoymercedes.com.ar\/principal\/wp-content\/uploads\/2020\/10\/14-policial.jpeg\" src=\"https:\/\/www.hoymercedes.com.ar\/principal\/wp-content\/uploads\/2020\/10\/14-policial.jpeg\" alt=\"\" class=\"wp-image-118498\" srcset=\"https:\/\/www.hoymercedes.com.ar\/principal\/wp-content\/uploads\/2020\/10\/14-policial.jpeg 800w, https:\/\/www.hoymercedes.com.ar\/principal\/wp-content\/uploads\/2020\/10\/14-policial-630x420.jpeg 630w, https:\/\/www.hoymercedes.com.ar\/principal\/wp-content\/uploads\/2020\/10\/14-policial-150x100.jpeg 150w, https:\/\/www.hoymercedes.com.ar\/principal\/wp-content\/uploads\/2020\/10\/14-policial-700x465.jpeg 700w\" sizes=\"auto, (max-width: 800px) 100vw, 800px\" \/><\/figure><\/div>\n\n\n\n<p>Un masculino de 18 a\u00f1os era qui\u00e9n conduc\u00eda la motocicleta. El sujeto, al detectar que hab\u00eda un operativo de seguridad vial intenta huir con lo cual hace un giro sin precauci\u00f3n que lo lleva a su vez a generar un siniestro con un tercero que pasaba por el lugar.<\/p>\n\n\n\n<p>Los efectivos y agentes de seguridad vial inician la pesquisa del mencionado logrando r\u00e1pidamente detenerlo.<\/p>\n\n\n\n<p>Proceden a la verificaci\u00f3n de la motocicleta y v\u00eda radio llamado a la central detectan que la Yamaha Tenere 250cc hab\u00eda sido denunciada como robada en la vecina localidad de Luj\u00e1n.<\/p>\n\n\n\n<p>Inmediatamente se dio lugar a la Justicia de Mercedes contactando al Dr Andr\u00e9s Falabella, Auxiliar Letrado, UFI N\u00b0 2 del Dpto Judicial Mercedes.<\/p>\n\n\n\n<p>Fuente: Prensa Municipal<\/p>\n","protected":false},"excerpt":{"rendered":"<p>En un operativo de seguridad vial y prevenci\u00f3n en la v\u00eda p\u00fablica realizado d\u00edas atr\u00e1s se recuper\u00f3 una moto robada &#8230; <a title=\"Recuperan moto robada en Luj\u00e1n\" class=\"read-more\" href=\"https:\/\/www.hoymercedes.com.ar\/principal\/2020\/10\/14\/recuperan-moto-robada-en-lujan\/\" aria-label=\"Leer m\u00e1s sobre Recuperan moto robada en Luj\u00e1n\">Leer m\u00e1s<\/a><\/p>\n","protected":false},"author":1,"featured_media":118498,"comment_status":"closed","ping_status":"open","sticky":false,"template":"","format":"standard","meta":{"_monsterinsights_skip_tracking":false,"_monsterinsights_sitenote_active":false,"_monsterinsights_sitenote_note":"","_monsterinsights_sitenote_category":0,"jetpack_post_was_ever_published":false,"_jetpack_newsletter_access":"","_jetpack_dont_email_post_to_subs":false,"_jetpack_newsletter_tier_id":0,"_jetpack_memberships_contains_paywalled_content":false,"_jetpack_memberships_contains_paid_content":false,"footnotes":"","jetpack_publicize_message":"","jetpack_publicize_feature_enabled":true,"jetpack_social_post_already_shared":true,"jetpack_social_options":{"image_generator_settings":{"template":"highway","default_image_id":0,"font":"","enabled":false},"version":2},"_wpas_customize_per_network":false},"categories":[85],"tags":[86,10,17185,96],"class_list":["post-118495","post","type-post","status-publish","format-standard","has-post-thumbnail","hentry","category-policial","tag-lujan","tag-mercedes","tag-operativo-de-seguridad","tag-policial-2","generate-columns","tablet-grid-50","mobile-grid-100","grid-parent","grid-50"],"jetpack_publicize_connections":[],"jetpack_featured_media_url":"https:\/\/www.hoymercedes.com.ar\/principal\/wp-content\/uploads\/2020\/10\/14-policial.jpeg","wps_subtitle":"Operativo en Mercedes","jetpack_sharing_enabled":true,"_links":{"self":[{"href":"https:\/\/www.hoymercedes.com.ar\/principal\/wp-json\/wp\/v2\/posts\/118495","targetHints":{"allow":["GET"]}}],"collection":[{"href":"https:\/\/www.hoymercedes.com.ar\/principal\/wp-json\/wp\/v2\/posts"}],"about":[{"href":"https:\/\/www.hoymercedes.com.ar\/principal\/wp-json\/wp\/v2\/types\/post"}],"author":[{"embeddable":true,"href":"https:\/\/www.hoymercedes.com.ar\/principal\/wp-json\/wp\/v2\/users\/1"}],"replies":[{"embeddable":true,"href":"https:\/\/www.hoymercedes.com.ar\/principal\/wp-json\/wp\/v2\/comments?post=118495"}],"version-history":[{"count":0,"href":"https:\/\/www.hoymercedes.com.ar\/principal\/wp-json\/wp\/v2\/posts\/118495\/revisions"}],"wp:featuredmedia":[{"embeddable":true,"href":"https:\/\/www.hoymercedes.com.ar\/principal\/wp-json\/wp\/v2\/media\/118498"}],"wp:attachment":[{"href":"https:\/\/www.hoymercedes.com.ar\/principal\/wp-json\/wp\/v2\/media?parent=118495"}],"wp:term":[{"taxonomy":"category","embeddable":true,"href":"https:\/\/www.hoymercedes.com.ar\/principal\/wp-json\/wp\/v2\/categories?post=118495"},{"taxonomy":"post_tag","embeddable":true,"href":"https:\/\/www.hoymercedes.com.ar\/principal\/wp-json\/wp\/v2\/tags?post=118495"}],"curies":[{"name":"wp","href":"https:\/\/api.w.org\/{rel}","templated":true}]}}