{"id":118526,"date":"2020-10-14T12:15:13","date_gmt":"2020-10-14T15:15:13","guid":{"rendered":"http:\/\/www.hoymercedes.com.ar\/principal\/?p=118526"},"modified":"2020-10-14T12:02:50","modified_gmt":"2020-10-14T15:02:50","slug":"municipio-planifica-obras-con-vialidad-nacional","status":"publish","type":"post","link":"https:\/\/www.hoymercedes.com.ar\/principal\/2020\/10\/14\/municipio-planifica-obras-con-vialidad-nacional\/","title":{"rendered":"Municipio planifica obras con Vialidad Nacional"},"content":{"rendered":"\n<p>El intendente Juan I. Ustarroz recibi\u00f3 a representantes de Vialidad Nacional con el objetivo de seguir afinando detalles de obras que se vienen realizando y las que se concretar\u00e1n en Mercedes desde el gobierno nacional. Participaron Roberto Macri, Supervisor General de Vialidad Nacional y Alejandro Serrano, Inspector de Obra, mientras que desde la comuna estuvo el secretario de obras, Emanuel P\u00e9rez Carrera, el sub secretario de obras, Miguel Brady, y el jefe comunal. \u00a0<\/p>\n\n\n\n<div class=\"wp-block-image\"><figure class=\"aligncenter size-large\"><img loading=\"lazy\" decoding=\"async\" width=\"800\" height=\"532\" data-attachment-id=\"118529\" data-permalink=\"https:\/\/www.hoymercedes.com.ar\/principal\/2020\/10\/14\/municipio-planifica-obras-con-vialidad-nacional\/encuentro-vialidad\/#main\" data-orig-file=\"https:\/\/www.hoymercedes.com.ar\/principal\/wp-content\/uploads\/2020\/10\/Encuentro-Vialidad.jpeg\" data-orig-size=\"800,532\" data-comments-opened=\"0\" data-image-meta=\"{&quot;aperture&quot;:&quot;0&quot;,&quot;credit&quot;:&quot;&quot;,&quot;camera&quot;:&quot;&quot;,&quot;caption&quot;:&quot;&quot;,&quot;created_timestamp&quot;:&quot;1602676266&quot;,&quot;copyright&quot;:&quot;&quot;,&quot;focal_length&quot;:&quot;0&quot;,&quot;iso&quot;:&quot;0&quot;,&quot;shutter_speed&quot;:&quot;0&quot;,&quot;title&quot;:&quot;&quot;,&quot;orientation&quot;:&quot;1&quot;}\" data-image-title=\"Encuentro-Vialidad\" data-image-description=\"\" data-image-caption=\"\" data-large-file=\"https:\/\/www.hoymercedes.com.ar\/principal\/wp-content\/uploads\/2020\/10\/Encuentro-Vialidad.jpeg\" src=\"https:\/\/www.hoymercedes.com.ar\/principal\/wp-content\/uploads\/2020\/10\/Encuentro-Vialidad.jpeg\" alt=\"\" class=\"wp-image-118529\" srcset=\"https:\/\/www.hoymercedes.com.ar\/principal\/wp-content\/uploads\/2020\/10\/Encuentro-Vialidad.jpeg 800w, https:\/\/www.hoymercedes.com.ar\/principal\/wp-content\/uploads\/2020\/10\/Encuentro-Vialidad-630x419.jpeg 630w, https:\/\/www.hoymercedes.com.ar\/principal\/wp-content\/uploads\/2020\/10\/Encuentro-Vialidad-150x100.jpeg 150w, https:\/\/www.hoymercedes.com.ar\/principal\/wp-content\/uploads\/2020\/10\/Encuentro-Vialidad-700x465.jpeg 700w\" sizes=\"auto, (max-width: 800px) 100vw, 800px\" \/><\/figure><\/div>\n\n\n\n<p>La reuni\u00f3n no es la primera que se realiza, pero en estos momentos tiene una mayor val\u00eda dado que se formaliza en el marco de obras que se est\u00e1n efectuando en distintos puntos de la ciudad y proyectando a\u00fan m\u00e1s en la denominada post pandemia en donde la \u201cmaquinaria\u201d de obras ser\u00e1 una de las piezas para seguir trabajando en la reactivaci\u00f3n de la econom\u00eda y el crecimiento de las ciudades en infraestructura.<\/p>\n\n\n\n<p>Por Prensa Municipal<\/p>\n","protected":false},"excerpt":{"rendered":"<p>El intendente Juan I. Ustarroz recibi\u00f3 a representantes de Vialidad Nacional con el objetivo de seguir afinando detalles de obras &#8230; <a title=\"Municipio planifica obras con Vialidad Nacional\" class=\"read-more\" href=\"https:\/\/www.hoymercedes.com.ar\/principal\/2020\/10\/14\/municipio-planifica-obras-con-vialidad-nacional\/\" aria-label=\"Leer m\u00e1s sobre Municipio planifica obras con Vialidad Nacional\">Leer m\u00e1s<\/a><\/p>\n","protected":false},"author":5,"featured_media":118529,"comment_status":"closed","ping_status":"open","sticky":false,"template":"","format":"standard","meta":{"_monsterinsights_skip_tracking":false,"_monsterinsights_sitenote_active":false,"_monsterinsights_sitenote_note":"","_monsterinsights_sitenote_category":0,"jetpack_post_was_ever_published":false,"_jetpack_newsletter_access":"","_jetpack_dont_email_post_to_subs":false,"_jetpack_newsletter_tier_id":0,"_jetpack_memberships_contains_paywalled_content":false,"_jetpack_memberships_contains_paid_content":false,"footnotes":"","jetpack_publicize_message":"","jetpack_publicize_feature_enabled":true,"jetpack_social_post_already_shared":true,"jetpack_social_options":{"image_generator_settings":{"template":"highway","default_image_id":0,"font":"","enabled":false},"version":2},"_wpas_customize_per_network":false},"categories":[30],"tags":[244,5947,3516],"class_list":["post-118526","post","type-post","status-publish","format-standard","has-post-thumbnail","hentry","category-municipio","tag-municipio-2","tag-obras-publicas","tag-vialidad-nacional","generate-columns","tablet-grid-50","mobile-grid-100","grid-parent","grid-50"],"jetpack_publicize_connections":[],"jetpack_featured_media_url":"https:\/\/www.hoymercedes.com.ar\/principal\/wp-content\/uploads\/2020\/10\/Encuentro-Vialidad.jpeg","wps_subtitle":"Obras p\u00fablicas","jetpack_sharing_enabled":true,"_links":{"self":[{"href":"https:\/\/www.hoymercedes.com.ar\/principal\/wp-json\/wp\/v2\/posts\/118526","targetHints":{"allow":["GET"]}}],"collection":[{"href":"https:\/\/www.hoymercedes.com.ar\/principal\/wp-json\/wp\/v2\/posts"}],"about":[{"href":"https:\/\/www.hoymercedes.com.ar\/principal\/wp-json\/wp\/v2\/types\/post"}],"author":[{"embeddable":true,"href":"https:\/\/www.hoymercedes.com.ar\/principal\/wp-json\/wp\/v2\/users\/5"}],"replies":[{"embeddable":true,"href":"https:\/\/www.hoymercedes.com.ar\/principal\/wp-json\/wp\/v2\/comments?post=118526"}],"version-history":[{"count":0,"href":"https:\/\/www.hoymercedes.com.ar\/principal\/wp-json\/wp\/v2\/posts\/118526\/revisions"}],"wp:featuredmedia":[{"embeddable":true,"href":"https:\/\/www.hoymercedes.com.ar\/principal\/wp-json\/wp\/v2\/media\/118529"}],"wp:attachment":[{"href":"https:\/\/www.hoymercedes.com.ar\/principal\/wp-json\/wp\/v2\/media?parent=118526"}],"wp:term":[{"taxonomy":"category","embeddable":true,"href":"https:\/\/www.hoymercedes.com.ar\/principal\/wp-json\/wp\/v2\/categories?post=118526"},{"taxonomy":"post_tag","embeddable":true,"href":"https:\/\/www.hoymercedes.com.ar\/principal\/wp-json\/wp\/v2\/tags?post=118526"}],"curies":[{"name":"wp","href":"https:\/\/api.w.org\/{rel}","templated":true}]}}