{"id":118533,"date":"2020-10-14T18:00:02","date_gmt":"2020-10-14T21:00:02","guid":{"rendered":"http:\/\/www.hoymercedes.com.ar\/principal\/?p=118533"},"modified":"2020-10-14T19:02:59","modified_gmt":"2020-10-14T22:02:59","slug":"asamblea-de-mujeres-mercedinas-organiza-conversatorio-sobre-el-cupo-laboral-travesti-trans","status":"publish","type":"post","link":"https:\/\/www.hoymercedes.com.ar\/principal\/2020\/10\/14\/asamblea-de-mujeres-mercedinas-organiza-conversatorio-sobre-el-cupo-laboral-travesti-trans\/","title":{"rendered":"Asamblea de Mujeres Mercedinas organiza conversatorio sobre el cupo laboral travesti-trans"},"content":{"rendered":"\n<p>Este viernes 16 de octubre, 19 horas, la Asamblea de Mujeres Mercedinas llevar\u00e1 adelante un conversatorio en el marco de la difusi\u00f3n por la implementaci\u00f3n del cupo laboral travesti-trans en nuestra ciudad. La Diputada Nacional Romina Del Pla, la activista lesbiana Romina Pereyra, la dirigente de la agrupaci\u00f3n LGBT+ 1969 May Francesco y Florencia Guimares Garc\u00eda de Furia Trava ser\u00e1n las responsables de exponer a trav\u00e9s del encuentro virtual. <\/p>\n\n\n\n<p>El reclamo por la aplicaci\u00f3n del cupo laboral para travesti-trans en Mercedes ha sido sostenido por la asamblea desde el momento de su creaci\u00f3n y reiterado en cada uno de sus documentos e intervenciones p\u00fablicas. Por eso, realizar\u00e1n este espacio para hablar con referentes e impulsoras de la ley. <\/p>\n\n\n\n<p>El conversatorio contar\u00e1 con la participaci\u00f3n de cuatro disertantes: Romina Peryra , activista lesbiana. Florencia Guimares, Secretaria de G\u00e9neros y diversidad de la CTA Matanza. May Francesco, dirigente de la agrupaci\u00f3n LGBT+ 1969 y Romina del Pl\u00e1, dip nacional por el FIT Unidad, dirigente del Partido Obrero y Plenario de trabajadoras, quien es una reconocida militante del movimiento de mujeres y ha impulsado el debate sobre el cupo a nivel nacional con la presentaci\u00f3n del proyecto en junio de \u00e9ste a\u00f1o. <\/p>\n\n\n\n<p>El enlace para ingresar a la charla va estar publicado en la p\u00e1gina de la Asamblea de Mujeres Mercedinas de la red social facebook. <\/p>\n\n\n\n<div class=\"wp-block-image\"><figure class=\"aligncenter size-large\"><img loading=\"lazy\" decoding=\"async\" width=\"565\" height=\"800\" data-attachment-id=\"118534\" data-permalink=\"https:\/\/www.hoymercedes.com.ar\/principal\/2020\/10\/14\/asamblea-de-mujeres-mercedinas-organiza-conversatorio-sobre-el-cupo-laboral-travesti-trans\/whatsapp-image-2020-10-14-at-15-35-24\/#main\" data-orig-file=\"https:\/\/www.hoymercedes.com.ar\/principal\/wp-content\/uploads\/2020\/10\/WhatsApp-Image-2020-10-14-at-15.35.24.jpeg\" data-orig-size=\"565,800\" data-comments-opened=\"0\" data-image-meta=\"{&quot;aperture&quot;:&quot;0&quot;,&quot;credit&quot;:&quot;&quot;,&quot;camera&quot;:&quot;&quot;,&quot;caption&quot;:&quot;&quot;,&quot;created_timestamp&quot;:&quot;0&quot;,&quot;copyright&quot;:&quot;&quot;,&quot;focal_length&quot;:&quot;0&quot;,&quot;iso&quot;:&quot;0&quot;,&quot;shutter_speed&quot;:&quot;0&quot;,&quot;title&quot;:&quot;&quot;,&quot;orientation&quot;:&quot;0&quot;}\" data-image-title=\"WhatsApp Image 2020-10-14 at 15.35.24\" data-image-description=\"\" data-image-caption=\"\" data-large-file=\"https:\/\/www.hoymercedes.com.ar\/principal\/wp-content\/uploads\/2020\/10\/WhatsApp-Image-2020-10-14-at-15.35.24.jpeg\" src=\"https:\/\/www.hoymercedes.com.ar\/principal\/wp-content\/uploads\/2020\/10\/WhatsApp-Image-2020-10-14-at-15.35.24.jpeg\" alt=\"\" class=\"wp-image-118534\" srcset=\"https:\/\/www.hoymercedes.com.ar\/principal\/wp-content\/uploads\/2020\/10\/WhatsApp-Image-2020-10-14-at-15.35.24.jpeg 565w, https:\/\/www.hoymercedes.com.ar\/principal\/wp-content\/uploads\/2020\/10\/WhatsApp-Image-2020-10-14-at-15.35.24-438x620.jpeg 438w, https:\/\/www.hoymercedes.com.ar\/principal\/wp-content\/uploads\/2020\/10\/WhatsApp-Image-2020-10-14-at-15.35.24-106x150.jpeg 106w\" sizes=\"auto, (max-width: 565px) 100vw, 565px\" \/><\/figure><\/div>\n","protected":false},"excerpt":{"rendered":"<p>Este viernes 16 de octubre, 19 horas, la Asamblea de Mujeres Mercedinas llevar\u00e1 adelante un conversatorio en el marco de &#8230; <a title=\"Asamblea de Mujeres Mercedinas organiza conversatorio sobre el cupo laboral travesti-trans\" class=\"read-more\" href=\"https:\/\/www.hoymercedes.com.ar\/principal\/2020\/10\/14\/asamblea-de-mujeres-mercedinas-organiza-conversatorio-sobre-el-cupo-laboral-travesti-trans\/\" aria-label=\"Leer m\u00e1s sobre Asamblea de Mujeres Mercedinas organiza conversatorio sobre el cupo laboral travesti-trans\">Leer m\u00e1s<\/a><\/p>\n","protected":false},"author":5,"featured_media":118534,"comment_status":"closed","ping_status":"open","sticky":false,"template":"","format":"standard","meta":{"_monsterinsights_skip_tracking":false,"_monsterinsights_sitenote_active":false,"_monsterinsights_sitenote_note":"","_monsterinsights_sitenote_category":0,"jetpack_post_was_ever_published":false,"_jetpack_newsletter_access":"","_jetpack_dont_email_post_to_subs":false,"_jetpack_newsletter_tier_id":0,"_jetpack_memberships_contains_paywalled_content":false,"_jetpack_memberships_contains_paid_content":false,"footnotes":"","jetpack_publicize_message":"","jetpack_publicize_feature_enabled":true,"jetpack_social_post_already_shared":true,"jetpack_social_options":{"image_generator_settings":{"template":"highway","default_image_id":0,"font":"","enabled":false},"version":2},"_wpas_customize_per_network":false},"categories":[5],"tags":[12569,17192,17193],"class_list":["post-118533","post","type-post","status-publish","format-standard","has-post-thumbnail","hentry","category-politica","tag-asamblea-de-mujeres-mercedinas","tag-conversatorio","tag-cupo-laboral-travesti-trans","generate-columns","tablet-grid-50","mobile-grid-100","grid-parent","grid-50"],"jetpack_publicize_connections":[],"jetpack_featured_media_url":"https:\/\/www.hoymercedes.com.ar\/principal\/wp-content\/uploads\/2020\/10\/WhatsApp-Image-2020-10-14-at-15.35.24.jpeg","wps_subtitle":"Charla virtual","jetpack_sharing_enabled":true,"_links":{"self":[{"href":"https:\/\/www.hoymercedes.com.ar\/principal\/wp-json\/wp\/v2\/posts\/118533","targetHints":{"allow":["GET"]}}],"collection":[{"href":"https:\/\/www.hoymercedes.com.ar\/principal\/wp-json\/wp\/v2\/posts"}],"about":[{"href":"https:\/\/www.hoymercedes.com.ar\/principal\/wp-json\/wp\/v2\/types\/post"}],"author":[{"embeddable":true,"href":"https:\/\/www.hoymercedes.com.ar\/principal\/wp-json\/wp\/v2\/users\/5"}],"replies":[{"embeddable":true,"href":"https:\/\/www.hoymercedes.com.ar\/principal\/wp-json\/wp\/v2\/comments?post=118533"}],"version-history":[{"count":0,"href":"https:\/\/www.hoymercedes.com.ar\/principal\/wp-json\/wp\/v2\/posts\/118533\/revisions"}],"wp:featuredmedia":[{"embeddable":true,"href":"https:\/\/www.hoymercedes.com.ar\/principal\/wp-json\/wp\/v2\/media\/118534"}],"wp:attachment":[{"href":"https:\/\/www.hoymercedes.com.ar\/principal\/wp-json\/wp\/v2\/media?parent=118533"}],"wp:term":[{"taxonomy":"category","embeddable":true,"href":"https:\/\/www.hoymercedes.com.ar\/principal\/wp-json\/wp\/v2\/categories?post=118533"},{"taxonomy":"post_tag","embeddable":true,"href":"https:\/\/www.hoymercedes.com.ar\/principal\/wp-json\/wp\/v2\/tags?post=118533"}],"curies":[{"name":"wp","href":"https:\/\/api.w.org\/{rel}","templated":true}]}}