{"id":118549,"date":"2020-10-15T07:50:27","date_gmt":"2020-10-15T10:50:27","guid":{"rendered":"http:\/\/www.hoymercedes.com.ar\/principal\/?p=118549"},"modified":"2020-10-15T10:15:48","modified_gmt":"2020-10-15T13:15:48","slug":"recorrida-por-el-vivero-biotecnologico","status":"publish","type":"post","link":"https:\/\/www.hoymercedes.com.ar\/principal\/2020\/10\/15\/recorrida-por-el-vivero-biotecnologico\/","title":{"rendered":"Recorrida por el Vivero Biotecnol\u00f3gico"},"content":{"rendered":"\n<p>El vivero biotecnol\u00f3gico impulsado por el Municipio de Mercedes contin\u00faa dando grandes resultados y demostrando ser un gran acierto para la ciudad. Gracias a ello, en esta nueva etapa estival, y de la mano de los trabajadores municipales, las calles y los espacios de la ciudad comienzan a verse embellecidos y hermoseados. \u00a0<\/p>\n\n\n\n<div class=\"wp-block-image\"><figure class=\"aligncenter size-large\"><img loading=\"lazy\" decoding=\"async\" width=\"800\" height=\"533\" data-attachment-id=\"118554\" data-permalink=\"https:\/\/www.hoymercedes.com.ar\/principal\/dsc09219\/\" data-orig-file=\"https:\/\/www.hoymercedes.com.ar\/principal\/wp-content\/uploads\/2020\/10\/DSC09219.jpg\" data-orig-size=\"800,533\" data-comments-opened=\"0\" data-image-meta=\"{&quot;aperture&quot;:&quot;0&quot;,&quot;credit&quot;:&quot;&quot;,&quot;camera&quot;:&quot;&quot;,&quot;caption&quot;:&quot;&quot;,&quot;created_timestamp&quot;:&quot;0&quot;,&quot;copyright&quot;:&quot;&quot;,&quot;focal_length&quot;:&quot;0&quot;,&quot;iso&quot;:&quot;0&quot;,&quot;shutter_speed&quot;:&quot;0&quot;,&quot;title&quot;:&quot;&quot;,&quot;orientation&quot;:&quot;0&quot;}\" data-image-title=\"DSC09219\" data-image-description=\"\" data-image-caption=\"\" data-large-file=\"https:\/\/www.hoymercedes.com.ar\/principal\/wp-content\/uploads\/2020\/10\/DSC09219.jpg\" src=\"https:\/\/www.hoymercedes.com.ar\/principal\/wp-content\/uploads\/2020\/10\/DSC09219.jpg\" alt=\"\" class=\"wp-image-118554\" srcset=\"https:\/\/www.hoymercedes.com.ar\/principal\/wp-content\/uploads\/2020\/10\/DSC09219.jpg 800w, https:\/\/www.hoymercedes.com.ar\/principal\/wp-content\/uploads\/2020\/10\/DSC09219-630x420.jpg 630w, https:\/\/www.hoymercedes.com.ar\/principal\/wp-content\/uploads\/2020\/10\/DSC09219-150x100.jpg 150w, https:\/\/www.hoymercedes.com.ar\/principal\/wp-content\/uploads\/2020\/10\/DSC09219-700x465.jpg 700w\" sizes=\"auto, (max-width: 800px) 100vw, 800px\" \/><\/figure><\/div>\n\n\n\n<p>El intendente Juan Ignacio Ustarroz, quien se hizo presente en el vivero biotecnol\u00f3gico municipal, agradeci\u00f3 a la familia Parra \u201cquienes nos abrieron las puertas de este hermoso lugar, nosotros apostamos al compromiso, la seriedad y el profesionalismo con que la familia siempre trabaj\u00f3 en la ciudad y hoy podemos ver los grandes resultados de esa decisi\u00f3n\u201d. &nbsp;<\/p>\n\n\n\n<p>\u201cTodo lo que podemos ver que se ha logrado es muy importante, nosotros cuando lo planificamos lo hicimos con la idea de poder tener un volumen de plantas, flores, \u00e1rboles para poder hacer de nuestra ciudad un lugar sustentable, amigable con el medio ambiente, fomentando la biodiversidad y embelleciendo, de esa forma, toda la ciudad\u201d destac\u00f3 Ustarroz. \u00a0<\/p>\n\n\n\n<p>En este sentido, el intendente Ustarroz enumer\u00f3 \u201cpodemos, a trav\u00e9s de este vivero Biotecnol\u00f3gico, abastecer al programa Primeros Mil D\u00edas y su bosque, a los clubes en el plan de forestaci\u00f3n, a los espacios verdes de nuestra ciudad, es decir, todo lo que aqu\u00ed se hace se ver\u00e1 plasmado cada vez m\u00e1s en la ciudad\u201d y agreg\u00f3 \u201cestamos muy contentos de poder mantener una l\u00f3gica de trabajo, de enriquecimiento de los espacios p\u00fablicos, debidamente arbolados y con flores, algo que si debi\u00e9ramos salir al mercado no tendr\u00edamos la capacidad econ\u00f3mica de hacerlo\u201d. &nbsp;<\/p>\n\n\n\n<p>El subsecretario de Servicios P\u00fablicos de la municipalidad, Luis Ponce se\u00f1al\u00f3 \u201cseguimos avanzando en lo que es la creaci\u00f3n y la puesta en valor del vivero biotecnol\u00f3gico, a trav\u00e9s del cual, podemos ver en la ciudad, como se van embelleciendo los espacios p\u00fablicos\u201d y agradeci\u00f3 \u201cel trabajo de las cooperativas y los trabajadores municipales por la labor que desarrollan todos los d\u00edas\u201d.&nbsp;&nbsp;&nbsp;<\/p>\n\n\n\n<p>Por su parte, Dar\u00edo Taramasco, director de Espacios Verdes dijo \u201cquiero agradecer la decisi\u00f3n pol\u00edtica del intendente Ustarroz, al acompa\u00f1amiento de las diferentes \u00e1reas y al vivero, porque la verdad que contamos en poco tiempo con un potencial enorme de plantines para intervenir los distintos espacios verdes de Mercedes que es grandioso\u201d y apunt\u00f3 \u201ccomenzamos con la iglesia Catedral -estamos interviniendo ah\u00ed- seguiremos por los bulevares, con el objetivo de jerarquizar los distintos espacios verdes\u201d.&nbsp;&nbsp;&nbsp;&nbsp;&nbsp;&nbsp;&nbsp;<\/p>\n\n\n\n<p>Joaqu\u00edn Parra, uno de los que est\u00e1 al frente del vivero municipal cont\u00f3 \u201cestamos produciendo diferentes especies, promocionando mucho las especies nativas, para poder lograr un ambiente sano con la idea de poder mejorar la calidad de vida de los habitantes de la ciudad\u201d.\u00a0\u00a0\u00a0<\/p>\n\n\n\n<p>Por Prensa Municipal<\/p>\n\n\n\n<div class=\"wp-block-image\"><figure class=\"aligncenter size-large\"><img loading=\"lazy\" decoding=\"async\" width=\"800\" height=\"533\" data-attachment-id=\"118553\" data-permalink=\"https:\/\/www.hoymercedes.com.ar\/principal\/dsc09244\/\" data-orig-file=\"https:\/\/www.hoymercedes.com.ar\/principal\/wp-content\/uploads\/2020\/10\/DSC09244.jpg\" data-orig-size=\"800,533\" data-comments-opened=\"0\" data-image-meta=\"{&quot;aperture&quot;:&quot;0&quot;,&quot;credit&quot;:&quot;&quot;,&quot;camera&quot;:&quot;&quot;,&quot;caption&quot;:&quot;&quot;,&quot;created_timestamp&quot;:&quot;0&quot;,&quot;copyright&quot;:&quot;&quot;,&quot;focal_length&quot;:&quot;0&quot;,&quot;iso&quot;:&quot;0&quot;,&quot;shutter_speed&quot;:&quot;0&quot;,&quot;title&quot;:&quot;&quot;,&quot;orientation&quot;:&quot;0&quot;}\" data-image-title=\"DSC09244\" data-image-description=\"\" data-image-caption=\"\" data-large-file=\"https:\/\/www.hoymercedes.com.ar\/principal\/wp-content\/uploads\/2020\/10\/DSC09244.jpg\" src=\"https:\/\/www.hoymercedes.com.ar\/principal\/wp-content\/uploads\/2020\/10\/DSC09244.jpg\" alt=\"\" class=\"wp-image-118553\" srcset=\"https:\/\/www.hoymercedes.com.ar\/principal\/wp-content\/uploads\/2020\/10\/DSC09244.jpg 800w, https:\/\/www.hoymercedes.com.ar\/principal\/wp-content\/uploads\/2020\/10\/DSC09244-630x420.jpg 630w, https:\/\/www.hoymercedes.com.ar\/principal\/wp-content\/uploads\/2020\/10\/DSC09244-150x100.jpg 150w, https:\/\/www.hoymercedes.com.ar\/principal\/wp-content\/uploads\/2020\/10\/DSC09244-700x465.jpg 700w\" sizes=\"auto, (max-width: 800px) 100vw, 800px\" \/><\/figure><\/div>\n","protected":false},"excerpt":{"rendered":"<p>El vivero biotecnol\u00f3gico impulsado por el Municipio de Mercedes contin\u00faa dando grandes resultados y demostrando ser un gran acierto para &#8230; <a title=\"Recorrida por el Vivero Biotecnol\u00f3gico\" class=\"read-more\" href=\"https:\/\/www.hoymercedes.com.ar\/principal\/2020\/10\/15\/recorrida-por-el-vivero-biotecnologico\/\" aria-label=\"Leer m\u00e1s sobre Recorrida por el Vivero Biotecnol\u00f3gico\">Leer m\u00e1s<\/a><\/p>\n","protected":false},"author":5,"featured_media":118553,"comment_status":"closed","ping_status":"open","sticky":false,"template":"","format":"standard","meta":{"_monsterinsights_skip_tracking":false,"_monsterinsights_sitenote_active":false,"_monsterinsights_sitenote_note":"","_monsterinsights_sitenote_category":0,"jetpack_post_was_ever_published":false,"_jetpack_newsletter_access":"","_jetpack_dont_email_post_to_subs":false,"_jetpack_newsletter_tier_id":0,"_jetpack_memberships_contains_paywalled_content":false,"_jetpack_memberships_contains_paid_content":false,"footnotes":"","jetpack_publicize_message":"","jetpack_publicize_feature_enabled":true,"jetpack_social_post_already_shared":true,"jetpack_social_options":{"image_generator_settings":{"template":"highway","default_image_id":0,"font":"","enabled":false},"version":2},"_wpas_customize_per_network":false},"categories":[30],"tags":[244,17173],"class_list":["post-118549","post","type-post","status-publish","format-standard","has-post-thumbnail","hentry","category-municipio","tag-municipio-2","tag-vivero","generate-columns","tablet-grid-50","mobile-grid-100","grid-parent","grid-50"],"jetpack_publicize_connections":[],"jetpack_featured_media_url":"https:\/\/www.hoymercedes.com.ar\/principal\/wp-content\/uploads\/2020\/10\/DSC09244.jpg","wps_subtitle":"Proyecto municipal","jetpack_sharing_enabled":true,"_links":{"self":[{"href":"https:\/\/www.hoymercedes.com.ar\/principal\/wp-json\/wp\/v2\/posts\/118549","targetHints":{"allow":["GET"]}}],"collection":[{"href":"https:\/\/www.hoymercedes.com.ar\/principal\/wp-json\/wp\/v2\/posts"}],"about":[{"href":"https:\/\/www.hoymercedes.com.ar\/principal\/wp-json\/wp\/v2\/types\/post"}],"author":[{"embeddable":true,"href":"https:\/\/www.hoymercedes.com.ar\/principal\/wp-json\/wp\/v2\/users\/5"}],"replies":[{"embeddable":true,"href":"https:\/\/www.hoymercedes.com.ar\/principal\/wp-json\/wp\/v2\/comments?post=118549"}],"version-history":[{"count":0,"href":"https:\/\/www.hoymercedes.com.ar\/principal\/wp-json\/wp\/v2\/posts\/118549\/revisions"}],"wp:featuredmedia":[{"embeddable":true,"href":"https:\/\/www.hoymercedes.com.ar\/principal\/wp-json\/wp\/v2\/media\/118553"}],"wp:attachment":[{"href":"https:\/\/www.hoymercedes.com.ar\/principal\/wp-json\/wp\/v2\/media?parent=118549"}],"wp:term":[{"taxonomy":"category","embeddable":true,"href":"https:\/\/www.hoymercedes.com.ar\/principal\/wp-json\/wp\/v2\/categories?post=118549"},{"taxonomy":"post_tag","embeddable":true,"href":"https:\/\/www.hoymercedes.com.ar\/principal\/wp-json\/wp\/v2\/tags?post=118549"}],"curies":[{"name":"wp","href":"https:\/\/api.w.org\/{rel}","templated":true}]}}