{"id":118574,"date":"2020-10-15T14:30:52","date_gmt":"2020-10-15T17:30:52","guid":{"rendered":"http:\/\/www.hoymercedes.com.ar\/principal\/?p=118574"},"modified":"2020-10-15T20:10:09","modified_gmt":"2020-10-15T23:10:09","slug":"el-gremio-uti-denuncia-despedidos-en-pami","status":"publish","type":"post","link":"https:\/\/www.hoymercedes.com.ar\/principal\/2020\/10\/15\/el-gremio-uti-denuncia-despedidos-en-pami\/","title":{"rendered":"El gremio UTI denuncia despedidos en PAMI"},"content":{"rendered":"\n<p>La Uni\u00f3n de Trabajadores del Instituto Nacional de Servicios Sociales para Jubilados y Pensionados (UTI), especialmente la delegaci\u00f3n de Luj\u00e1n que involucra la agencia local, est\u00e1 denunciando despidos en el PAMI a pesar del decreto que los proh\u00edbe. El gremio que nuclea a los trabajadores de la obra social, se declar\u00f3 en estado de alerta.<\/p>\n\n\n\n<div class=\"wp-block-image\"><figure class=\"aligncenter size-large\"><img loading=\"lazy\" decoding=\"async\" width=\"764\" height=\"764\" data-attachment-id=\"118579\" data-permalink=\"https:\/\/www.hoymercedes.com.ar\/principal\/2020\/10\/15\/el-gremio-uti-denuncia-despedidos-en-pami\/15-gremio-uti\/#main\" data-orig-file=\"https:\/\/www.hoymercedes.com.ar\/principal\/wp-content\/uploads\/2020\/10\/15-gremio-UTI.jpg\" data-orig-size=\"764,764\" data-comments-opened=\"0\" data-image-meta=\"{&quot;aperture&quot;:&quot;0&quot;,&quot;credit&quot;:&quot;&quot;,&quot;camera&quot;:&quot;&quot;,&quot;caption&quot;:&quot;&quot;,&quot;created_timestamp&quot;:&quot;0&quot;,&quot;copyright&quot;:&quot;&quot;,&quot;focal_length&quot;:&quot;0&quot;,&quot;iso&quot;:&quot;0&quot;,&quot;shutter_speed&quot;:&quot;0&quot;,&quot;title&quot;:&quot;&quot;,&quot;orientation&quot;:&quot;0&quot;}\" data-image-title=\"15-gremio-UTI\" data-image-description=\"\" data-image-caption=\"\" data-large-file=\"https:\/\/www.hoymercedes.com.ar\/principal\/wp-content\/uploads\/2020\/10\/15-gremio-UTI.jpg\" src=\"https:\/\/www.hoymercedes.com.ar\/principal\/wp-content\/uploads\/2020\/10\/15-gremio-UTI.jpg\" alt=\"\" class=\"wp-image-118579\" srcset=\"https:\/\/www.hoymercedes.com.ar\/principal\/wp-content\/uploads\/2020\/10\/15-gremio-UTI.jpg 764w, https:\/\/www.hoymercedes.com.ar\/principal\/wp-content\/uploads\/2020\/10\/15-gremio-UTI-620x620.jpg 620w, https:\/\/www.hoymercedes.com.ar\/principal\/wp-content\/uploads\/2020\/10\/15-gremio-UTI-150x150.jpg 150w\" sizes=\"auto, (max-width: 764px) 100vw, 764px\" \/><figcaption>Comunicaci\u00f3n enviada por UTI-Luj\u00e1n<\/figcaption><\/figure><\/div>\n\n\n\n<p>Desde UTI-Luj\u00e1n, Ceferino Costa, mercedino, ex concejal de la ciudad y trabajador de la agencia PAMI de la vecina localidad, explic\u00f3 que la preocupaci\u00f3n del gremio es a nivel nacional. \u00abDesde que empez\u00f3 la pandemia el gremio se movi\u00f3 por los protocolos porque las agencias PAMI son lugares complejos por sus trabajadores y por los afiliados. Tambi\u00e9n estamos en una lucha por el tema salarial desde el a\u00f1o pasado. No hay reuniones paritarias, no nos convocan\u00bb, cont\u00f3 en una entrevista radial por FM Santa Mar\u00eda. <\/p>\n\n\n\n<p>\u00abEn este contexto de conflicto, la semana pasada empezaron los despidos. Empezamos con asambleas y reuniones virtuales. Los despidos que hemos tomado conocimiento son todos sin causa. En ese sentido, hay un DNU del Presidente de la Naci\u00f3n que estableci\u00f3 que estrictamente habla de que no puede haber despidos sin causas de ning\u00fan trabajador. Estamos trabajando y convocando a las autoridades para que revean esas situaciones y retrotraigan los despidos. Para que haya una mesa de negociaci\u00f3n\u00bb, agreg\u00f3 Costa.  <\/p>\n\n\n\n<p>Los despidos se registraron en distintas unidades de gesti\u00f3n del PAMI, como Chivilcoy, Alberti y Luj\u00e1n. Ser\u00eda alrededor de 70 las personas despedidas, de los cuales cinco son trabajadores de la regional de Luj\u00e1n. Es as\u00ed que hicieron una presentaci\u00f3n en el Ministerio de Trabajo de Naci\u00f3n previo a tomar medidas de fuerzas y se mantienen en \u00abestado de alerta\u00bb. <\/p>\n","protected":false},"excerpt":{"rendered":"<p>La Uni\u00f3n de Trabajadores del Instituto Nacional de Servicios Sociales para Jubilados y Pensionados (UTI), especialmente la delegaci\u00f3n de Luj\u00e1n &#8230; <a title=\"El gremio UTI denuncia despedidos en PAMI\" class=\"read-more\" href=\"https:\/\/www.hoymercedes.com.ar\/principal\/2020\/10\/15\/el-gremio-uti-denuncia-despedidos-en-pami\/\" aria-label=\"Leer m\u00e1s sobre El gremio UTI denuncia despedidos en PAMI\">Leer m\u00e1s<\/a><\/p>\n","protected":false},"author":1,"featured_media":8009,"comment_status":"closed","ping_status":"open","sticky":false,"template":"","format":"standard","meta":{"_monsterinsights_skip_tracking":false,"_monsterinsights_sitenote_active":false,"_monsterinsights_sitenote_note":"","_monsterinsights_sitenote_category":0,"jetpack_post_was_ever_published":false,"_jetpack_newsletter_access":"","_jetpack_dont_email_post_to_subs":false,"_jetpack_newsletter_tier_id":0,"_jetpack_memberships_contains_paywalled_content":false,"_jetpack_memberships_contains_paid_content":false,"footnotes":"","jetpack_publicize_message":"","jetpack_publicize_feature_enabled":true,"jetpack_social_post_already_shared":true,"jetpack_social_options":{"image_generator_settings":{"template":"highway","default_image_id":0,"font":"","enabled":false},"version":2},"_wpas_customize_per_network":false},"categories":[10563],"tags":[8799,2781,1443,17198],"class_list":["post-118574","post","type-post","status-publish","format-standard","has-post-thumbnail","hentry","category-gremios-sindicatos","tag-gremios","tag-pami","tag-sindicatos","tag-uti-lujan","generate-columns","tablet-grid-50","mobile-grid-100","grid-parent","grid-50"],"jetpack_publicize_connections":[],"jetpack_featured_media_url":"https:\/\/www.hoymercedes.com.ar\/principal\/wp-content\/uploads\/2011\/10\/Pami-Mercedes.jpg","wps_subtitle":"Estado de alerta en el gremio","jetpack_sharing_enabled":true,"_links":{"self":[{"href":"https:\/\/www.hoymercedes.com.ar\/principal\/wp-json\/wp\/v2\/posts\/118574","targetHints":{"allow":["GET"]}}],"collection":[{"href":"https:\/\/www.hoymercedes.com.ar\/principal\/wp-json\/wp\/v2\/posts"}],"about":[{"href":"https:\/\/www.hoymercedes.com.ar\/principal\/wp-json\/wp\/v2\/types\/post"}],"author":[{"embeddable":true,"href":"https:\/\/www.hoymercedes.com.ar\/principal\/wp-json\/wp\/v2\/users\/1"}],"replies":[{"embeddable":true,"href":"https:\/\/www.hoymercedes.com.ar\/principal\/wp-json\/wp\/v2\/comments?post=118574"}],"version-history":[{"count":0,"href":"https:\/\/www.hoymercedes.com.ar\/principal\/wp-json\/wp\/v2\/posts\/118574\/revisions"}],"wp:featuredmedia":[{"embeddable":true,"href":"https:\/\/www.hoymercedes.com.ar\/principal\/wp-json\/wp\/v2\/media\/8009"}],"wp:attachment":[{"href":"https:\/\/www.hoymercedes.com.ar\/principal\/wp-json\/wp\/v2\/media?parent=118574"}],"wp:term":[{"taxonomy":"category","embeddable":true,"href":"https:\/\/www.hoymercedes.com.ar\/principal\/wp-json\/wp\/v2\/categories?post=118574"},{"taxonomy":"post_tag","embeddable":true,"href":"https:\/\/www.hoymercedes.com.ar\/principal\/wp-json\/wp\/v2\/tags?post=118574"}],"curies":[{"name":"wp","href":"https:\/\/api.w.org\/{rel}","templated":true}]}}