{"id":118587,"date":"2020-10-15T15:56:44","date_gmt":"2020-10-15T18:56:44","guid":{"rendered":"http:\/\/www.hoymercedes.com.ar\/principal\/?p=118587"},"modified":"2020-10-15T18:21:05","modified_gmt":"2020-10-15T21:21:05","slug":"realizaron-jornada-de-lucha-antirepresiva","status":"publish","type":"post","link":"https:\/\/www.hoymercedes.com.ar\/principal\/2020\/10\/15\/realizaron-jornada-de-lucha-antirepresiva\/","title":{"rendered":"Realizaron jornada de lucha antirepresiva"},"content":{"rendered":"\n<p>En la tarde del mi\u00e9rcoles, la Plaza San Mart\u00edn fue el epicentro de una radio abierta en el marco de la jornada de lucha antirepresiva que denuncia la operativa del gobierno bonaerense en el marco de esta pandamia y aislamiento social proventivo y obligatorio. <\/p>\n\n\n\n<div class=\"wp-block-image\"><figure class=\"aligncenter size-large\"><img loading=\"lazy\" decoding=\"async\" width=\"800\" height=\"533\" data-attachment-id=\"118589\" data-permalink=\"https:\/\/www.hoymercedes.com.ar\/principal\/2020\/10\/15\/realizaron-jornada-de-lucha-antirepresiva\/whatsapp-image-2020-10-14-at-18-54-46-1\/#main\" data-orig-file=\"https:\/\/www.hoymercedes.com.ar\/principal\/wp-content\/uploads\/2020\/10\/WhatsApp-Image-2020-10-14-at-18.54.46-1.jpeg\" data-orig-size=\"800,533\" data-comments-opened=\"0\" data-image-meta=\"{&quot;aperture&quot;:&quot;0&quot;,&quot;credit&quot;:&quot;&quot;,&quot;camera&quot;:&quot;&quot;,&quot;caption&quot;:&quot;&quot;,&quot;created_timestamp&quot;:&quot;1602701868&quot;,&quot;copyright&quot;:&quot;&quot;,&quot;focal_length&quot;:&quot;0&quot;,&quot;iso&quot;:&quot;0&quot;,&quot;shutter_speed&quot;:&quot;0&quot;,&quot;title&quot;:&quot;&quot;,&quot;orientation&quot;:&quot;1&quot;}\" data-image-title=\"WhatsApp Image 2020-10-14 at 18.54.46 (1)\" data-image-description=\"\" data-image-caption=\"\" data-large-file=\"https:\/\/www.hoymercedes.com.ar\/principal\/wp-content\/uploads\/2020\/10\/WhatsApp-Image-2020-10-14-at-18.54.46-1.jpeg\" src=\"https:\/\/www.hoymercedes.com.ar\/principal\/wp-content\/uploads\/2020\/10\/WhatsApp-Image-2020-10-14-at-18.54.46-1.jpeg\" alt=\"\" class=\"wp-image-118589\" srcset=\"https:\/\/www.hoymercedes.com.ar\/principal\/wp-content\/uploads\/2020\/10\/WhatsApp-Image-2020-10-14-at-18.54.46-1.jpeg 800w, https:\/\/www.hoymercedes.com.ar\/principal\/wp-content\/uploads\/2020\/10\/WhatsApp-Image-2020-10-14-at-18.54.46-1-630x420.jpeg 630w, https:\/\/www.hoymercedes.com.ar\/principal\/wp-content\/uploads\/2020\/10\/WhatsApp-Image-2020-10-14-at-18.54.46-1-150x100.jpeg 150w, https:\/\/www.hoymercedes.com.ar\/principal\/wp-content\/uploads\/2020\/10\/WhatsApp-Image-2020-10-14-at-18.54.46-1-700x465.jpeg 700w\" sizes=\"auto, (max-width: 800px) 100vw, 800px\" \/><\/figure><\/div>\n\n\n\n<p>\u00abEl accionar de Berni contin\u00faa luego de la aparici\u00f3n del cuerpo de Facundo. Denunciamos la responsabilidad de Berni en la avanzaba represiva en la provincia de Buenos Aires y en todo el pa\u00eds. Por lo tanto, entendemos que es el gobierno el que ha cedido frente al apriete policial que vimos hace unas semanas que llev\u00f3 a aumentarle el salario y bajar el presupuesto a la polic\u00eda\u00bb, explic\u00f3 Pablo Demarco, referente del Partido Obrero Mercedes, organizadores de la radio abierta. <\/p>\n\n\n\n<p>\u00abEs ese gobierno, el que intenta fortalecer los aparatos represivos para disciplinar a los trabajadores y para disciplinar a la juventud, porque sabe que lo que se avecina son nuevas rebeliones, nuevas luchas\u00bb, agreg\u00f3. <\/p>\n\n\n\n<div class=\"wp-block-image\"><figure class=\"aligncenter size-large\"><img loading=\"lazy\" decoding=\"async\" width=\"800\" height=\"534\" data-attachment-id=\"118590\" data-permalink=\"https:\/\/www.hoymercedes.com.ar\/principal\/2020\/10\/15\/realizaron-jornada-de-lucha-antirepresiva\/whatsapp-image-2020-10-14-at-18-54-46\/#main\" data-orig-file=\"https:\/\/www.hoymercedes.com.ar\/principal\/wp-content\/uploads\/2020\/10\/WhatsApp-Image-2020-10-14-at-18.54.46.jpeg\" data-orig-size=\"800,534\" data-comments-opened=\"0\" data-image-meta=\"{&quot;aperture&quot;:&quot;0&quot;,&quot;credit&quot;:&quot;&quot;,&quot;camera&quot;:&quot;&quot;,&quot;caption&quot;:&quot;&quot;,&quot;created_timestamp&quot;:&quot;1602701866&quot;,&quot;copyright&quot;:&quot;&quot;,&quot;focal_length&quot;:&quot;0&quot;,&quot;iso&quot;:&quot;0&quot;,&quot;shutter_speed&quot;:&quot;0&quot;,&quot;title&quot;:&quot;&quot;,&quot;orientation&quot;:&quot;1&quot;}\" data-image-title=\"WhatsApp Image 2020-10-14 at 18.54.46\" data-image-description=\"\" data-image-caption=\"\" data-large-file=\"https:\/\/www.hoymercedes.com.ar\/principal\/wp-content\/uploads\/2020\/10\/WhatsApp-Image-2020-10-14-at-18.54.46.jpeg\" src=\"https:\/\/www.hoymercedes.com.ar\/principal\/wp-content\/uploads\/2020\/10\/WhatsApp-Image-2020-10-14-at-18.54.46.jpeg\" alt=\"\" class=\"wp-image-118590\" srcset=\"https:\/\/www.hoymercedes.com.ar\/principal\/wp-content\/uploads\/2020\/10\/WhatsApp-Image-2020-10-14-at-18.54.46.jpeg 800w, https:\/\/www.hoymercedes.com.ar\/principal\/wp-content\/uploads\/2020\/10\/WhatsApp-Image-2020-10-14-at-18.54.46-630x421.jpeg 630w, https:\/\/www.hoymercedes.com.ar\/principal\/wp-content\/uploads\/2020\/10\/WhatsApp-Image-2020-10-14-at-18.54.46-150x100.jpeg 150w\" sizes=\"auto, (max-width: 800px) 100vw, 800px\" \/><\/figure><\/div>\n\n\n\n<p>En el marco de la radio abierta, tambi\u00e9n se denunci\u00f3 que el Gobernador Kicillof prepara una represi\u00f3n en las tomas de Guernica, \u00abtrabajadores que est\u00e1n en la extrema miseria y que dan una lucha por conquistar un terreno para poner su vivienda, contra la especulaci\u00f3n inmobiliaria de los due\u00f1os de esos predios que adem\u00e1s son deudores de impuestos y que se hicieron de esas tierras a partir de acuerdos espurios\u00bb. <\/p>\n\n\n\n<p>Asimismo, se aprovech\u00f3 el encuentro para realizarse un homenaje a Mariano Ferreyra a diez a\u00f1os de su asesinato por parte de \u00abuna patota sindical\u00bb de ferrocarriles. <\/p>\n\n\n\n<div class=\"wp-block-image\"><figure class=\"aligncenter size-large\"><img loading=\"lazy\" decoding=\"async\" width=\"800\" height=\"533\" data-attachment-id=\"118588\" data-permalink=\"https:\/\/www.hoymercedes.com.ar\/principal\/2020\/10\/15\/realizaron-jornada-de-lucha-antirepresiva\/whatsapp-image-2020-10-14-at-18-54-45\/#main\" data-orig-file=\"https:\/\/www.hoymercedes.com.ar\/principal\/wp-content\/uploads\/2020\/10\/WhatsApp-Image-2020-10-14-at-18.54.45.jpeg\" data-orig-size=\"800,533\" data-comments-opened=\"0\" data-image-meta=\"{&quot;aperture&quot;:&quot;0&quot;,&quot;credit&quot;:&quot;&quot;,&quot;camera&quot;:&quot;&quot;,&quot;caption&quot;:&quot;&quot;,&quot;created_timestamp&quot;:&quot;1602701872&quot;,&quot;copyright&quot;:&quot;&quot;,&quot;focal_length&quot;:&quot;0&quot;,&quot;iso&quot;:&quot;0&quot;,&quot;shutter_speed&quot;:&quot;0&quot;,&quot;title&quot;:&quot;&quot;,&quot;orientation&quot;:&quot;1&quot;}\" data-image-title=\"WhatsApp Image 2020-10-14 at 18.54.45\" data-image-description=\"\" data-image-caption=\"\" data-large-file=\"https:\/\/www.hoymercedes.com.ar\/principal\/wp-content\/uploads\/2020\/10\/WhatsApp-Image-2020-10-14-at-18.54.45.jpeg\" src=\"https:\/\/www.hoymercedes.com.ar\/principal\/wp-content\/uploads\/2020\/10\/WhatsApp-Image-2020-10-14-at-18.54.45.jpeg\" alt=\"\" class=\"wp-image-118588\" srcset=\"https:\/\/www.hoymercedes.com.ar\/principal\/wp-content\/uploads\/2020\/10\/WhatsApp-Image-2020-10-14-at-18.54.45.jpeg 800w, https:\/\/www.hoymercedes.com.ar\/principal\/wp-content\/uploads\/2020\/10\/WhatsApp-Image-2020-10-14-at-18.54.45-630x420.jpeg 630w, https:\/\/www.hoymercedes.com.ar\/principal\/wp-content\/uploads\/2020\/10\/WhatsApp-Image-2020-10-14-at-18.54.45-150x100.jpeg 150w, https:\/\/www.hoymercedes.com.ar\/principal\/wp-content\/uploads\/2020\/10\/WhatsApp-Image-2020-10-14-at-18.54.45-700x465.jpeg 700w\" sizes=\"auto, (max-width: 800px) 100vw, 800px\" \/><\/figure><\/div>\n","protected":false},"excerpt":{"rendered":"<p>En la tarde del mi\u00e9rcoles, la Plaza San Mart\u00edn fue el epicentro de una radio abierta en el marco de &#8230; <a title=\"Realizaron jornada de lucha antirepresiva\" class=\"read-more\" href=\"https:\/\/www.hoymercedes.com.ar\/principal\/2020\/10\/15\/realizaron-jornada-de-lucha-antirepresiva\/\" aria-label=\"Leer m\u00e1s sobre Realizaron jornada de lucha antirepresiva\">Leer m\u00e1s<\/a><\/p>\n","protected":false},"author":1,"featured_media":118590,"comment_status":"closed","ping_status":"open","sticky":false,"template":"","format":"standard","meta":{"_monsterinsights_skip_tracking":false,"_monsterinsights_sitenote_active":false,"_monsterinsights_sitenote_note":"","_monsterinsights_sitenote_category":0,"jetpack_post_was_ever_published":false,"_jetpack_newsletter_access":"","_jetpack_dont_email_post_to_subs":false,"_jetpack_newsletter_tier_id":0,"_jetpack_memberships_contains_paywalled_content":false,"_jetpack_memberships_contains_paid_content":false,"footnotes":"","jetpack_publicize_message":"","jetpack_publicize_feature_enabled":true,"jetpack_social_post_already_shared":true,"jetpack_social_options":{"image_generator_settings":{"template":"highway","default_image_id":0,"font":"","enabled":false},"version":2},"_wpas_customize_per_network":false},"categories":[5],"tags":[1045,5319,12253],"class_list":["post-118587","post","type-post","status-publish","format-standard","has-post-thumbnail","hentry","category-politica","tag-partido-obrero","tag-politica-2","tag-radio-abierta","generate-columns","tablet-grid-50","mobile-grid-100","grid-parent","grid-50"],"jetpack_publicize_connections":[],"jetpack_featured_media_url":"https:\/\/www.hoymercedes.com.ar\/principal\/wp-content\/uploads\/2020\/10\/WhatsApp-Image-2020-10-14-at-18.54.46.jpeg","wps_subtitle":"En la tarde del mi\u00e9rcoles","jetpack_sharing_enabled":true,"_links":{"self":[{"href":"https:\/\/www.hoymercedes.com.ar\/principal\/wp-json\/wp\/v2\/posts\/118587","targetHints":{"allow":["GET"]}}],"collection":[{"href":"https:\/\/www.hoymercedes.com.ar\/principal\/wp-json\/wp\/v2\/posts"}],"about":[{"href":"https:\/\/www.hoymercedes.com.ar\/principal\/wp-json\/wp\/v2\/types\/post"}],"author":[{"embeddable":true,"href":"https:\/\/www.hoymercedes.com.ar\/principal\/wp-json\/wp\/v2\/users\/1"}],"replies":[{"embeddable":true,"href":"https:\/\/www.hoymercedes.com.ar\/principal\/wp-json\/wp\/v2\/comments?post=118587"}],"version-history":[{"count":0,"href":"https:\/\/www.hoymercedes.com.ar\/principal\/wp-json\/wp\/v2\/posts\/118587\/revisions"}],"wp:featuredmedia":[{"embeddable":true,"href":"https:\/\/www.hoymercedes.com.ar\/principal\/wp-json\/wp\/v2\/media\/118590"}],"wp:attachment":[{"href":"https:\/\/www.hoymercedes.com.ar\/principal\/wp-json\/wp\/v2\/media?parent=118587"}],"wp:term":[{"taxonomy":"category","embeddable":true,"href":"https:\/\/www.hoymercedes.com.ar\/principal\/wp-json\/wp\/v2\/categories?post=118587"},{"taxonomy":"post_tag","embeddable":true,"href":"https:\/\/www.hoymercedes.com.ar\/principal\/wp-json\/wp\/v2\/tags?post=118587"}],"curies":[{"name":"wp","href":"https:\/\/api.w.org\/{rel}","templated":true}]}}