{"id":118636,"date":"2020-10-16T21:21:08","date_gmt":"2020-10-17T00:21:08","guid":{"rendered":"http:\/\/www.hoymercedes.com.ar\/principal\/?p=118636"},"modified":"2020-10-16T23:49:10","modified_gmt":"2020-10-17T02:49:10","slug":"comite-de-crisis-preba-piloto-para-gastronomicos-por-el-dia-de-la-madre","status":"publish","type":"post","link":"https:\/\/www.hoymercedes.com.ar\/principal\/2020\/10\/16\/comite-de-crisis-preba-piloto-para-gastronomicos-por-el-dia-de-la-madre\/","title":{"rendered":"Comit\u00e9 de Crisis: preba piloto para gastron\u00f3micos por el d\u00eda de la madre"},"content":{"rendered":"\n<p>El intendente Ustarroz volvi\u00f3 convocar al Comit\u00e9 de Crisis. La reuni\u00f3n tuvo una amplia representaci\u00f3n de distintos sectores de la comunidad que contin\u00faan trabajando unidos por el cuidado de la salud de los mercedinos. Expusieron la preocupaci\u00f3n por niveles de contagios de Adultos Mayores, de lo importante de las acciones protocolizadas y en espacios p\u00fablicos que no generaron contagios, destacaron la nueva incorporaci\u00f3n tecnol\u00f3gica para el Laboratorio de Virolog\u00eda Municipal y aprobaron experiencia piloto responsable para en el d\u00eda de la madre los gastron\u00f3micos puedan usar interiores aireados y con doble distanciamiento.<\/p>\n\n\n\n<div class=\"wp-block-image\"><figure class=\"aligncenter size-large\"><img loading=\"lazy\" decoding=\"async\" width=\"800\" height=\"533\" data-attachment-id=\"118637\" data-permalink=\"https:\/\/www.hoymercedes.com.ar\/principal\/2020\/10\/16\/comite-de-crisis-preba-piloto-para-gastronomicos-por-el-dia-de-la-madre\/whatsapp-image-2020-10-16-at-21-09-44\/#main\" data-orig-file=\"https:\/\/www.hoymercedes.com.ar\/principal\/wp-content\/uploads\/2020\/10\/WhatsApp-Image-2020-10-16-at-21.09.44.jpeg\" data-orig-size=\"800,533\" data-comments-opened=\"0\" data-image-meta=\"{&quot;aperture&quot;:&quot;0&quot;,&quot;credit&quot;:&quot;&quot;,&quot;camera&quot;:&quot;&quot;,&quot;caption&quot;:&quot;&quot;,&quot;created_timestamp&quot;:&quot;0&quot;,&quot;copyright&quot;:&quot;&quot;,&quot;focal_length&quot;:&quot;0&quot;,&quot;iso&quot;:&quot;0&quot;,&quot;shutter_speed&quot;:&quot;0&quot;,&quot;title&quot;:&quot;&quot;,&quot;orientation&quot;:&quot;0&quot;}\" data-image-title=\"WhatsApp Image 2020-10-16 at 21.09.44\" data-image-description=\"\" data-image-caption=\"\" data-large-file=\"https:\/\/www.hoymercedes.com.ar\/principal\/wp-content\/uploads\/2020\/10\/WhatsApp-Image-2020-10-16-at-21.09.44.jpeg\" src=\"https:\/\/www.hoymercedes.com.ar\/principal\/wp-content\/uploads\/2020\/10\/WhatsApp-Image-2020-10-16-at-21.09.44.jpeg\" alt=\"\" class=\"wp-image-118637\" srcset=\"https:\/\/www.hoymercedes.com.ar\/principal\/wp-content\/uploads\/2020\/10\/WhatsApp-Image-2020-10-16-at-21.09.44.jpeg 800w, https:\/\/www.hoymercedes.com.ar\/principal\/wp-content\/uploads\/2020\/10\/WhatsApp-Image-2020-10-16-at-21.09.44-630x420.jpeg 630w, https:\/\/www.hoymercedes.com.ar\/principal\/wp-content\/uploads\/2020\/10\/WhatsApp-Image-2020-10-16-at-21.09.44-150x100.jpeg 150w, https:\/\/www.hoymercedes.com.ar\/principal\/wp-content\/uploads\/2020\/10\/WhatsApp-Image-2020-10-16-at-21.09.44-700x465.jpeg 700w\" sizes=\"auto, (max-width: 800px) 100vw, 800px\" \/><\/figure><\/div>\n\n\n\n<p>La reuni\u00f3n se concret\u00f3 en el Teatro Argentino, lugar que por sus dimensiones permite un mejor di\u00e1logo y distanciamiento.<\/p>\n\n\n\n<p>Algunas de las cuestiones expresadas fueron que, por ejemplo, en octubre lo que se detecta es una mayor cantidad de Adultos Mayores contagiados que a su vez requieran m\u00e1s niveles de atenciones m\u00e9dicas e incluso uso de respirador. Compadrado al mes anterior son m\u00e1s los adultos que contrajeron el virus.<\/p>\n\n\n\n<p>Tambi\u00e9n se destac\u00f3 la importancia de los ateneos m\u00e9dicos \u2013 acad\u00e9micos realizados en conjunto entre el hospital y la cl\u00ednica.<\/p>\n\n\n\n<p>Se ratific\u00f3 que en el aire libre y espacios p\u00fablicos protocolizados no ha habido contagios hasta el momento, circunscribi\u00e9ndose al \u00e1mbito privado y reunionismos. El director de la Cl\u00ednica destac\u00f3 que el sistema no est\u00e1 colapsado, que la realidad es muy cambiante, puede pasar de tranquilidad a complejidades que en cualquier momento generan mayores requerimientos. Que hay personal l\u00f3gicamente estresado, pero entienden que seguimos trabajando relativamente bien.<\/p>\n\n\n\n<p>Desde CICOP tambi\u00e9n narraron que el sistema est\u00e1 estresado por las demandas l\u00f3gicas, tanto f\u00edsico como emocionalmente. Que el personal est\u00e1 trabajando denodadamente. En igual sentido se manifestaron desde Extram\u00e9dica, ampliando en el tema de la necesidad de cuidar a nuestros adultos mayores, que son principales vecinos y vecinas por ellos acompa\u00f1ados.<\/p>\n\n\n\n<p>Por su parte la secretaria de gobierno narr\u00f3 la nueva forma de clasificar las fases de los municipios en dos grandes sectores: DISPO y ASPO. Se esperan en las pr\u00f3ximas horas el nuevo listado de categorizaci\u00f3n de las comunas.<\/p>\n\n\n\n<p>Por su parte, desde OMIC expusieron una propuesta de gastron\u00f3micos, que tambi\u00e9n hubo representantes, donde se logr\u00f3 una autorizaci\u00f3n para tener comensales en interiores ventilados y aireados, con el doble de distanciamiento, es decir, 4 metros de mesa a mesa y s\u00f3lo para grupos de familias y que este d\u00eda de la madre puedan reunirse evitando los \u201cpeligros\u201d que implica el \u201creunionismo en \u00e1mbitos privados\u201d sin protocolizaci\u00f3n.<\/p>\n\n\n\n<p>Direcci\u00f3n de Adultos Mayores coment\u00f3 que \u201ctambi\u00e9n tenemos que apuntar a los j\u00f3venes, que son quienes m\u00e1s est\u00e1n saliendo y quiz\u00e1s puedan ser replicadores para comprometernos en el cuidado de los mayores\u201d comentaron.<\/p>\n\n\n\n<p>Desde el Consejo Escolar remarcaron que las clases nunca se suspendieron, que los docentes trabajaron denodadamente para tratar de darlas a distancia, articulando fuertemente con el programa de Educaci\u00f3n Barrial municipal y junto a Inspecci\u00f3n Escolar tratando de estar presentes en el d\u00eda a d\u00eda. En cuanto a la vuelta a clases Provincia determin\u00f3 que 24 municipios bonaerenses inicien una experiencia de apertura. Mercedes no lo har\u00e1 de momento, pero se inicia un trabajo previendo esa posibilidad, la protocolizaci\u00f3n, la capacitaci\u00f3n e intercambio junto a los y las docentes. \u201cAyer hubo reuni\u00f3n con docentes y directivos sobre el tema\u201d dijo Pisano narrando diversos aspectos y cont\u00f3 que \u201clo que se anunci\u00f3 no es un regreso normal de clases, sino una intervenci\u00f3n sobre espacios concretos. No es para todas las escuelas y todos los grupos\u201d<\/p>\n\n\n\n<p>\u201cHay un protocolo muy bien dise\u00f1ado\u201d afirm\u00f3 Inspecci\u00f3n a trav\u00e9s de Cristian Ponce y destac\u00f3 \u201cno es como lo conoc\u00edamos, es un trabajo para retomar, pero con otras formas\u201d, afirm\u00f3 y cont\u00f3 que \u201clos chicos de 6\u00ba van a terminar en abril del a\u00f1o que viene\u201d.<\/p>\n\n\n\n<p>La pr\u00f3xima semana se prev\u00e9 un nuevo encuentro para seguir trabajando en el cuidado de las y los mercedinos.<\/p>\n","protected":false},"excerpt":{"rendered":"<p>El intendente Ustarroz volvi\u00f3 convocar al Comit\u00e9 de Crisis. La reuni\u00f3n tuvo una amplia representaci\u00f3n de distintos sectores de la &#8230; <a title=\"Comit\u00e9 de Crisis: preba piloto para gastron\u00f3micos por el d\u00eda de la madre\" class=\"read-more\" href=\"https:\/\/www.hoymercedes.com.ar\/principal\/2020\/10\/16\/comite-de-crisis-preba-piloto-para-gastronomicos-por-el-dia-de-la-madre\/\" aria-label=\"Leer m\u00e1s sobre Comit\u00e9 de Crisis: preba piloto para gastron\u00f3micos por el d\u00eda de la madre\">Leer m\u00e1s<\/a><\/p>\n","protected":false},"author":5,"featured_media":118637,"comment_status":"closed","ping_status":"open","sticky":false,"template":"","format":"standard","meta":{"_monsterinsights_skip_tracking":false,"_monsterinsights_sitenote_active":false,"_monsterinsights_sitenote_note":"","_monsterinsights_sitenote_category":0,"jetpack_post_was_ever_published":false,"_jetpack_newsletter_access":"","_jetpack_dont_email_post_to_subs":false,"_jetpack_newsletter_tier_id":0,"_jetpack_memberships_contains_paywalled_content":false,"_jetpack_memberships_contains_paid_content":false,"footnotes":"","jetpack_publicize_message":"","jetpack_publicize_feature_enabled":true,"jetpack_social_post_already_shared":true,"jetpack_social_options":{"image_generator_settings":{"template":"highway","default_image_id":0,"font":"","enabled":false},"version":2},"_wpas_customize_per_network":false},"categories":[30],"tags":[],"class_list":["post-118636","post","type-post","status-publish","format-standard","has-post-thumbnail","hentry","category-municipio","generate-columns","tablet-grid-50","mobile-grid-100","grid-parent","grid-50"],"jetpack_publicize_connections":[],"jetpack_featured_media_url":"https:\/\/www.hoymercedes.com.ar\/principal\/wp-content\/uploads\/2020\/10\/WhatsApp-Image-2020-10-16-at-21.09.44.jpeg","wps_subtitle":"Reuni\u00f3n a la ma\u00f1ana del viernes","jetpack_sharing_enabled":true,"_links":{"self":[{"href":"https:\/\/www.hoymercedes.com.ar\/principal\/wp-json\/wp\/v2\/posts\/118636","targetHints":{"allow":["GET"]}}],"collection":[{"href":"https:\/\/www.hoymercedes.com.ar\/principal\/wp-json\/wp\/v2\/posts"}],"about":[{"href":"https:\/\/www.hoymercedes.com.ar\/principal\/wp-json\/wp\/v2\/types\/post"}],"author":[{"embeddable":true,"href":"https:\/\/www.hoymercedes.com.ar\/principal\/wp-json\/wp\/v2\/users\/5"}],"replies":[{"embeddable":true,"href":"https:\/\/www.hoymercedes.com.ar\/principal\/wp-json\/wp\/v2\/comments?post=118636"}],"version-history":[{"count":0,"href":"https:\/\/www.hoymercedes.com.ar\/principal\/wp-json\/wp\/v2\/posts\/118636\/revisions"}],"wp:featuredmedia":[{"embeddable":true,"href":"https:\/\/www.hoymercedes.com.ar\/principal\/wp-json\/wp\/v2\/media\/118637"}],"wp:attachment":[{"href":"https:\/\/www.hoymercedes.com.ar\/principal\/wp-json\/wp\/v2\/media?parent=118636"}],"wp:term":[{"taxonomy":"category","embeddable":true,"href":"https:\/\/www.hoymercedes.com.ar\/principal\/wp-json\/wp\/v2\/categories?post=118636"},{"taxonomy":"post_tag","embeddable":true,"href":"https:\/\/www.hoymercedes.com.ar\/principal\/wp-json\/wp\/v2\/tags?post=118636"}],"curies":[{"name":"wp","href":"https:\/\/api.w.org\/{rel}","templated":true}]}}