{"id":118654,"date":"2020-10-17T07:14:32","date_gmt":"2020-10-17T10:14:32","guid":{"rendered":"http:\/\/www.hoymercedes.com.ar\/principal\/?p=118654"},"modified":"2020-10-19T15:00:12","modified_gmt":"2020-10-19T18:00:12","slug":"centro-de-egresados-del-nacional-presento-proyectos-para-la-institucion-educativa","status":"publish","type":"post","link":"https:\/\/www.hoymercedes.com.ar\/principal\/2020\/10\/17\/centro-de-egresados-del-nacional-presento-proyectos-para-la-institucion-educativa\/","title":{"rendered":"Centro de Egresados del Nacional present\u00f3 proyectos para la instituci\u00f3n educativa"},"content":{"rendered":"\n<p>El intendente Juan Ignacio Ustarroz se reuni\u00f3 con representantes del Centro de Egresados del Colegio Nacional Florentino Ameghino. La misma se realiz\u00f3 en el palacio Municipal con el objetivo de llevar adelante proyectos educativos, culturales y de infraestructura para la hist\u00f3rica instituci\u00f3n. \u00a0<\/p>\n\n\n\n<p>Ya avizorando la nueva realidad post pandemia, las diferentes instituciones de la ciudad comienzan a planificar trabajos y acciones en favor de la comunidad. De esa manera, el Centro de Egresados le present\u00f3 a Ustarroz un proyecto que tiene como objetivo la mejora edilicia de la hist\u00f3rica instituci\u00f3n. \u00a0<\/p>\n\n\n\n<p>Asimismo, y a sabiendas del gran trabajo que realiza el Centro de Egresados  del Colegio Nacional a nivel cultural, existi\u00f3 un intercambio de ideas y proyectos pensando en acciones conjuntas considerando la nueva realidad que se nos avecina. \u00a0<\/p>\n\n\n\n<p>Fueron parte de la reuni\u00f3n Ricardo Espa\u00f1a, Ra\u00fal Lima, Jos\u00e9 Lu\u00eds Pisano, Florencia Comalini y Pamela Herrera. &nbsp;<\/p>\n\n\n\n<p>El jefe comunal, Juan Ignacio Ustarroz agradeci\u00f3 \u201ceste encuentro con este grupo de vecinos que tanto hace, no s\u00f3lo por el Colegio Nacional, sino a nivel cultural por la comunidad de Mercedes\u201d y destac\u00f3 \u201ces muy importante seguir trabajando de manera mancomunada con todos los sectores de nuestra sociedad y por nuestra ciudad\u201d. \u00a0<\/p>\n\n\n\n<p>Por Prensa Municipal<\/p>\n","protected":false},"excerpt":{"rendered":"<p>El intendente Juan Ignacio Ustarroz se reuni\u00f3 con representantes del Centro de Egresados del Colegio Nacional Florentino Ameghino. La misma &#8230; <a title=\"Centro de Egresados del Nacional present\u00f3 proyectos para la instituci\u00f3n educativa\" class=\"read-more\" href=\"https:\/\/www.hoymercedes.com.ar\/principal\/2020\/10\/17\/centro-de-egresados-del-nacional-presento-proyectos-para-la-institucion-educativa\/\" aria-label=\"Leer m\u00e1s sobre Centro de Egresados del Nacional present\u00f3 proyectos para la instituci\u00f3n educativa\">Leer m\u00e1s<\/a><\/p>\n","protected":false},"author":5,"featured_media":118656,"comment_status":"closed","ping_status":"open","sticky":false,"template":"","format":"standard","meta":{"_monsterinsights_skip_tracking":false,"_monsterinsights_sitenote_active":false,"_monsterinsights_sitenote_note":"","_monsterinsights_sitenote_category":0,"jetpack_post_was_ever_published":false,"_jetpack_newsletter_access":"","_jetpack_dont_email_post_to_subs":false,"_jetpack_newsletter_tier_id":0,"_jetpack_memberships_contains_paywalled_content":false,"_jetpack_memberships_contains_paid_content":false,"footnotes":"","jetpack_publicize_message":"","jetpack_publicize_feature_enabled":true,"jetpack_social_post_already_shared":true,"jetpack_social_options":{"image_generator_settings":{"template":"highway","default_image_id":0,"font":"","enabled":false},"version":2},"_wpas_customize_per_network":false},"categories":[30],"tags":[47,10618,244],"class_list":["post-118654","post","type-post","status-publish","format-standard","has-post-thumbnail","hentry","category-municipio","tag-educacion-2","tag-egresados-colegio-nacional","tag-municipio-2","generate-columns","tablet-grid-50","mobile-grid-100","grid-parent","grid-50"],"jetpack_publicize_connections":[],"jetpack_featured_media_url":"https:\/\/www.hoymercedes.com.ar\/principal\/wp-content\/uploads\/2020\/10\/CDG.jpeg","wps_subtitle":"Para despu\u00e9s del aislamiento obligatorio","jetpack_sharing_enabled":true,"_links":{"self":[{"href":"https:\/\/www.hoymercedes.com.ar\/principal\/wp-json\/wp\/v2\/posts\/118654","targetHints":{"allow":["GET"]}}],"collection":[{"href":"https:\/\/www.hoymercedes.com.ar\/principal\/wp-json\/wp\/v2\/posts"}],"about":[{"href":"https:\/\/www.hoymercedes.com.ar\/principal\/wp-json\/wp\/v2\/types\/post"}],"author":[{"embeddable":true,"href":"https:\/\/www.hoymercedes.com.ar\/principal\/wp-json\/wp\/v2\/users\/5"}],"replies":[{"embeddable":true,"href":"https:\/\/www.hoymercedes.com.ar\/principal\/wp-json\/wp\/v2\/comments?post=118654"}],"version-history":[{"count":0,"href":"https:\/\/www.hoymercedes.com.ar\/principal\/wp-json\/wp\/v2\/posts\/118654\/revisions"}],"wp:featuredmedia":[{"embeddable":true,"href":"https:\/\/www.hoymercedes.com.ar\/principal\/wp-json\/wp\/v2\/media\/118656"}],"wp:attachment":[{"href":"https:\/\/www.hoymercedes.com.ar\/principal\/wp-json\/wp\/v2\/media?parent=118654"}],"wp:term":[{"taxonomy":"category","embeddable":true,"href":"https:\/\/www.hoymercedes.com.ar\/principal\/wp-json\/wp\/v2\/categories?post=118654"},{"taxonomy":"post_tag","embeddable":true,"href":"https:\/\/www.hoymercedes.com.ar\/principal\/wp-json\/wp\/v2\/tags?post=118654"}],"curies":[{"name":"wp","href":"https:\/\/api.w.org\/{rel}","templated":true}]}}