{"id":118659,"date":"2020-10-17T09:29:39","date_gmt":"2020-10-17T12:29:39","guid":{"rendered":"http:\/\/www.hoymercedes.com.ar\/principal\/?p=118659"},"modified":"2020-10-19T15:21:13","modified_gmt":"2020-10-19T18:21:13","slug":"encuentro-de-la-mesa-local-por-la-memoria","status":"publish","type":"post","link":"https:\/\/www.hoymercedes.com.ar\/principal\/2020\/10\/17\/encuentro-de-la-mesa-local-por-la-memoria\/","title":{"rendered":"Encuentro de la Mesa local por la Memoria"},"content":{"rendered":"\n<p>Se llev\u00f3 a cabo un encuentro multisectorial para avanzar en proyectos y programas vinculados a la Memoria, Verdad y Justicia. Diversos proyectos y programas re inician su andar y se planific\u00f3 acci\u00f3n en el marco de la \u201cnueva normalidad\u201d y post pandemia. El encuentro se realiz\u00f3 de manera presencial en el Complejo Cultural La Trocha cumpliendo con los protocolos de distanciamiento social, preventivo y obligatorio. \u00a0<\/p>\n\n\n\n<div class=\"wp-block-image\"><figure class=\"aligncenter size-large\"><img loading=\"lazy\" decoding=\"async\" width=\"800\" height=\"533\" data-attachment-id=\"118660\" data-permalink=\"https:\/\/www.hoymercedes.com.ar\/principal\/2020\/10\/17\/encuentro-de-la-mesa-local-por-la-memoria\/sja_4657\/#main\" data-orig-file=\"https:\/\/www.hoymercedes.com.ar\/principal\/wp-content\/uploads\/2020\/10\/SJA_4657.jpg\" data-orig-size=\"800,533\" data-comments-opened=\"0\" data-image-meta=\"{&quot;aperture&quot;:&quot;0&quot;,&quot;credit&quot;:&quot;&quot;,&quot;camera&quot;:&quot;&quot;,&quot;caption&quot;:&quot;&quot;,&quot;created_timestamp&quot;:&quot;0&quot;,&quot;copyright&quot;:&quot;&quot;,&quot;focal_length&quot;:&quot;0&quot;,&quot;iso&quot;:&quot;0&quot;,&quot;shutter_speed&quot;:&quot;0&quot;,&quot;title&quot;:&quot;&quot;,&quot;orientation&quot;:&quot;0&quot;}\" data-image-title=\"SJA_4657\" data-image-description=\"\" data-image-caption=\"\" data-large-file=\"https:\/\/www.hoymercedes.com.ar\/principal\/wp-content\/uploads\/2020\/10\/SJA_4657.jpg\" src=\"https:\/\/www.hoymercedes.com.ar\/principal\/wp-content\/uploads\/2020\/10\/SJA_4657.jpg\" alt=\"\" class=\"wp-image-118660\" srcset=\"https:\/\/www.hoymercedes.com.ar\/principal\/wp-content\/uploads\/2020\/10\/SJA_4657.jpg 800w, https:\/\/www.hoymercedes.com.ar\/principal\/wp-content\/uploads\/2020\/10\/SJA_4657-630x420.jpg 630w, https:\/\/www.hoymercedes.com.ar\/principal\/wp-content\/uploads\/2020\/10\/SJA_4657-150x100.jpg 150w, https:\/\/www.hoymercedes.com.ar\/principal\/wp-content\/uploads\/2020\/10\/SJA_4657-700x465.jpg 700w\" sizes=\"auto, (max-width: 800px) 100vw, 800px\" \/><\/figure><\/div>\n\n\n\n<p>\u201cLa Mesa Local de la Memoria es un colectivo interdisciplinario de formaci\u00f3n, investigaci\u00f3n y trabajo que tiene como prop\u00f3sito generar el pensamiento cr\u00edtico y consolidar \u00e1mbitos de debate, intercambio, producci\u00f3n y difusi\u00f3n acerca del pasado reciente de la ciudad de Mercedes\u201d, explic\u00f3 Sergio Carini, coordinador municipal de DDHH. <\/p>\n\n\n\n<p>\u00abSe trata de un espacio que busca dar continuidad y enriquecer el trabajo colectivo de memoria iniciado en la ciudad de Mercedes por Familiares y amigos de v\u00edctimas y sobrevivientes del terrorismo de Estado que azot\u00f3 al pa\u00eds entre 1976 y 1983\u201d, agreg\u00f3. \u00a0<\/p>\n\n\n\n<p>La concejal Mariana San Mart\u00edn \u201cdesde el bloque de concejales del Frente de Todos impulsamos esta declaraci\u00f3n de inter\u00e9s municipal porque entendemos que debemos estar a favor de construir, planificar y poner en funcionamiento un espacio que est\u00e9 destinado a preservar los documentos, testimonios, informaci\u00f3n que hay recopiladas y se vayan recopilando\u201d. \u00a0<\/p>\n\n\n\n<p>Participaron de la reuni\u00f3n el Intendente Municipal Juan I. Ustarroz, integrantes del gabinete, el Presidente del Concejo Escolar Jos\u00e9 Luis Pisano, las concejales Mariana San Mart\u00edn y  Mar\u00eda Jos\u00e9 Piacentini, referentes sindicales como Jorge Collado (CTA-ATE), Silvia Ju\u00e1rez (SUTEBA), docentes de J\u00f3venes y Memoria como Patricio Aschero, Guido Ortubia, la Presidenta del Centro de Estudiantes del ISFDyT N\u00b07 Mara Quiroga y la responsable de g\u00e9nero de ese Centro Agustina Silvestre, referentes de la juventud, de la cultura, en integrantes de la Comisi\u00f3n de Familiares y Amigos de Detenidos-Desaparecidos y de la Comisi\u00f3n Municipal por la Memoria como Marcelo Heredia, Silvia Fasce y Claudia R\u00e9vora, entre otros. \u00a0<\/p>\n","protected":false},"excerpt":{"rendered":"<p>Se llev\u00f3 a cabo un encuentro multisectorial para avanzar en proyectos y programas vinculados a la Memoria, Verdad y Justicia. &#8230; <a title=\"Encuentro de la Mesa local por la Memoria\" class=\"read-more\" href=\"https:\/\/www.hoymercedes.com.ar\/principal\/2020\/10\/17\/encuentro-de-la-mesa-local-por-la-memoria\/\" aria-label=\"Leer m\u00e1s sobre Encuentro de la Mesa local por la Memoria\">Leer m\u00e1s<\/a><\/p>\n","protected":false},"author":5,"featured_media":118660,"comment_status":"closed","ping_status":"open","sticky":false,"template":"","format":"standard","meta":{"_monsterinsights_skip_tracking":false,"_monsterinsights_sitenote_active":false,"_monsterinsights_sitenote_note":"","_monsterinsights_sitenote_category":0,"jetpack_post_was_ever_published":false,"_jetpack_newsletter_access":"","_jetpack_dont_email_post_to_subs":false,"_jetpack_newsletter_tier_id":0,"_jetpack_memberships_contains_paywalled_content":false,"_jetpack_memberships_contains_paid_content":false,"footnotes":"","jetpack_publicize_message":"","jetpack_publicize_feature_enabled":true,"jetpack_social_post_already_shared":true,"jetpack_social_options":{"image_generator_settings":{"template":"highway","default_image_id":0,"font":"","enabled":false},"version":2},"_wpas_customize_per_network":false},"categories":[30],"tags":[9311,244],"class_list":["post-118659","post","type-post","status-publish","format-standard","has-post-thumbnail","hentry","category-municipio","tag-ddhh","tag-municipio-2","generate-columns","tablet-grid-50","mobile-grid-100","grid-parent","grid-50"],"jetpack_publicize_connections":[],"jetpack_featured_media_url":"https:\/\/www.hoymercedes.com.ar\/principal\/wp-content\/uploads\/2020\/10\/SJA_4657.jpg","wps_subtitle":"D\u00edas atr\u00e1s","jetpack_sharing_enabled":true,"_links":{"self":[{"href":"https:\/\/www.hoymercedes.com.ar\/principal\/wp-json\/wp\/v2\/posts\/118659","targetHints":{"allow":["GET"]}}],"collection":[{"href":"https:\/\/www.hoymercedes.com.ar\/principal\/wp-json\/wp\/v2\/posts"}],"about":[{"href":"https:\/\/www.hoymercedes.com.ar\/principal\/wp-json\/wp\/v2\/types\/post"}],"author":[{"embeddable":true,"href":"https:\/\/www.hoymercedes.com.ar\/principal\/wp-json\/wp\/v2\/users\/5"}],"replies":[{"embeddable":true,"href":"https:\/\/www.hoymercedes.com.ar\/principal\/wp-json\/wp\/v2\/comments?post=118659"}],"version-history":[{"count":0,"href":"https:\/\/www.hoymercedes.com.ar\/principal\/wp-json\/wp\/v2\/posts\/118659\/revisions"}],"wp:featuredmedia":[{"embeddable":true,"href":"https:\/\/www.hoymercedes.com.ar\/principal\/wp-json\/wp\/v2\/media\/118660"}],"wp:attachment":[{"href":"https:\/\/www.hoymercedes.com.ar\/principal\/wp-json\/wp\/v2\/media?parent=118659"}],"wp:term":[{"taxonomy":"category","embeddable":true,"href":"https:\/\/www.hoymercedes.com.ar\/principal\/wp-json\/wp\/v2\/categories?post=118659"},{"taxonomy":"post_tag","embeddable":true,"href":"https:\/\/www.hoymercedes.com.ar\/principal\/wp-json\/wp\/v2\/tags?post=118659"}],"curies":[{"name":"wp","href":"https:\/\/api.w.org\/{rel}","templated":true}]}}