{"id":118669,"date":"2020-10-17T17:59:44","date_gmt":"2020-10-17T20:59:44","guid":{"rendered":"http:\/\/www.hoymercedes.com.ar\/principal\/?p=118669"},"modified":"2020-10-19T15:27:17","modified_gmt":"2020-10-19T18:27:17","slug":"ingenieros-expresan-preocupacion-por-el-destino-del-loteo-geo-de-agote","status":"publish","type":"post","link":"https:\/\/www.hoymercedes.com.ar\/principal\/2020\/10\/17\/ingenieros-expresan-preocupacion-por-el-destino-del-loteo-geo-de-agote\/","title":{"rendered":"Ingenieros expresan preocupaci\u00f3n por el destino del loteo GEO de Agote"},"content":{"rendered":"\n<p>A trav\u00e9s de una comunicaci\u00f3n enviada a los medios de comunicaci\u00f3n de la ciudad, el Centro de Ingenieros de Mercedes da cuenta de su opini\u00f3n sobre las parcelas conocidas como GEO en la localidad de Agote. Entre los conceptos, los Ingenieros recuerdan que hubo reuniones para trabajar la problem\u00e1tica hace cuatro a\u00f1os, y lamentaron que no se hayan continuado. <\/p>\n\n\n\n<p>La comunicaci\u00f3n del Centro de Ingenieros de Mercedes dice: <\/p>\n\n\n\n<p>\u00abEl 4 de octubre de 2016 en el Museo de Ciencias Naturales \u201cCarlos Ameghino\u201d se dio comienzo a los Foros Participativos para la \u201cModificaci\u00f3n del C\u00f3digo de Planeamiento Territorial\u201d (Ordenanza 5671\/03), que fueron convocados por el Director de Planificaci\u00f3n Estrat\u00e9gica Municipal Arquitecto Miguel Brady.\u00a0<\/p>\n\n\n\n<p>Entre los temas considerados en los sucesivos encuentros se encontraba&nbsp; el abordaje de la situaci\u00f3n que genera la instalaci\u00f3n del Complejo Penitenciario Federal en la localidad de Agote a fin de evitar los conflictos de car\u00e1cter urban\u00edstico, de convivencia, dada la idiosincrasia y caracter\u00edsticas&nbsp; particulares de la tem\u00e1tica carcelaria, y la relaci\u00f3n con la parte urbana del pueblo de Agote y el \u00e1rea rural circundante que enmarca f\u00edsicamente al establecimiento penitenciario.&nbsp;&nbsp;<\/p>\n\n\n\n<p>En el Equipo N\u00b0 2 de los Foros, en el cual el Centro de Ingenieros tuvo representantes, se trabaj\u00f3 especialmente el tema del loteo GEO que desde que se aprob\u00f3 en el a\u00f1o 1948 con 1.527 lotes y los propietarios desistieran de establecerse en el lugar, se convirti\u00f3 en un serio problema por las usurpaciones que en su mayor\u00eda no eran de familias de pocos recursos necesitadas de un terreno donde construir su vivienda, sino de especuladores que vieron un negocio y ocuparon gran cantidad de lotes&nbsp; para posteriormente comercializarlos o utilizarlos para actividades agr\u00edcolas-ganaderas donde no se respetaron las calles ni los espacios dejados para uso p\u00fablico.&nbsp;<\/p>\n\n\n\n<p>En esa ocasi\u00f3n, se trabaj\u00f3 en las acciones a tomar de forma inmediata, a fin de que la situaci\u00f3n no empeorara. Entre estas acciones se encontraba la realizaci\u00f3n de un censo poblacional y de edificaciones existentes y evitar cualquier nueva ocupaci\u00f3n. La intervenci\u00f3n r\u00e1pida y eficaz de la municipalidad se consider\u00f3 como imprescindible.&nbsp;<\/p>\n\n\n\n<p>Lamentablemente todo lo que se pudo progresar en la soluci\u00f3n del loteo GEO qued\u00f3 en el olvido, las conclusiones de los Foros no fueron tenidas en cuenta, y desde hace 4 a\u00f1os no se volvi\u00f3 a convocar a los que participaron.&nbsp;&nbsp;<\/p>\n\n\n\n<p>En \u00e9stos d\u00edas vuelve a surgir el tema GEO, pero se lo trata solamente desde un punto de vista legal e inmobiliario, cuando lo esencial es la consideraci\u00f3n de la Planificaci\u00f3n Urbana de Agote ante la ya inminente habilitaci\u00f3n de un sector de la C\u00e1rcel Federal.&nbsp;<\/p>\n\n\n\n<p>Pensar que el loteo GEO es de por s\u00ed un \u201cpueblo\u201d y que se va a desarrollar por la cercan\u00eda con la C\u00e1rcel constituye un desconocimiento preocupante de las consecuencias que esto ocasionar\u00eda para los actuales pobladores de Agote. Pasar de ser un pueblo de caracter\u00edsticas rurales, orgulloso de sus tradiciones, a una r\u00e9plica de lo que ocurre en el conurbano bonaerense donde se carece de toda planificaci\u00f3n urbana, provocando&nbsp; una mistura de casas habitaciones, comercios, corralones de materiales, dep\u00f3sitos, industrias de todo tipo, y dem\u00e1s, con las consecuencias urban\u00edsticas que conocemos. En el caso que nos ocupa, debemos adicionarle las condiciones que conlleva la instalaci\u00f3n de una c\u00e1rcel.&nbsp; ( conviven las casas familiares con las c\u00e1rceles, los mataderos o las f\u00e1bricas.)&nbsp;&nbsp;<\/p>\n\n\n\n<p>El destino del loteo GEO no depende de la correcta aplicaci\u00f3n de la Ley de Acceso Justo al H\u00e1bitat (14.449) o de la Ley de Prescripci\u00f3n Administrativa (24.320), que siendo el Estado tanto Provincial como Municipal sus ejecutores deben obrar como corresponde, o sea cumpliendo estrictamente con los procedimientos establecidos, principalmente en lo que se refiere a generar suelo urbano en lugares donde la zonificaci\u00f3n lo haya previsto, que puedan contar con la totalidad de los servicios y alejados de lugares o establecimientos que comprometa su futuro. Asimismo se debe resguardar el principio constitucional de propiedad privada, para lo cual la posesi\u00f3n&nbsp;veintea\u00f1al&nbsp;con el \u00e1nimo de dominio debe estar suficientemente acreditada.&nbsp;<\/p>\n\n\n\n<p>El Centro de Ingenieros de Mercedes entiende que para resolver el tema del loteo GEO es imprescindible la Planificaci\u00f3n, trabajando en conjunto las dependencia t\u00e9cnicas municipales con (debiendo ser convocados no solo las oficinas municipales sino tambi\u00e9n) los vecinos, Colegios y Centros Profesionales de todas las especialidades, en el tiempo continuo necesario que nos lleve a la conclusi\u00f3n consensuada. Creemos que ha llegado el tiempo de llevar adelante hechos concretos en beneficio del futuro de nuestro Partido todo\u00bb.\u00a0\u00a0<\/p>\n","protected":false},"excerpt":{"rendered":"<p>A trav\u00e9s de una comunicaci\u00f3n enviada a los medios de comunicaci\u00f3n de la ciudad, el Centro de Ingenieros de Mercedes &#8230; <a title=\"Ingenieros expresan preocupaci\u00f3n por el destino del loteo GEO de Agote\" class=\"read-more\" href=\"https:\/\/www.hoymercedes.com.ar\/principal\/2020\/10\/17\/ingenieros-expresan-preocupacion-por-el-destino-del-loteo-geo-de-agote\/\" aria-label=\"Leer m\u00e1s sobre Ingenieros expresan preocupaci\u00f3n por el destino del loteo GEO de Agote\">Leer m\u00e1s<\/a><\/p>\n","protected":false},"author":5,"featured_media":112741,"comment_status":"closed","ping_status":"open","sticky":false,"template":"","format":"standard","meta":{"_monsterinsights_skip_tracking":false,"_monsterinsights_sitenote_active":false,"_monsterinsights_sitenote_note":"","_monsterinsights_sitenote_category":0,"jetpack_post_was_ever_published":false,"_jetpack_newsletter_access":"","_jetpack_dont_email_post_to_subs":false,"_jetpack_newsletter_tier_id":0,"_jetpack_memberships_contains_paywalled_content":false,"_jetpack_memberships_contains_paid_content":false,"footnotes":"","jetpack_publicize_message":"","jetpack_publicize_feature_enabled":true,"jetpack_social_post_already_shared":true,"jetpack_social_options":{"image_generator_settings":{"template":"highway","default_image_id":0,"font":"","enabled":false},"version":2},"_wpas_customize_per_network":false},"categories":[8],"tags":[8700,8748,17206],"class_list":["post-118669","post","type-post","status-publish","format-standard","has-post-thumbnail","hentry","category-sociedad","tag-ingenieros","tag-opinion","tag-terrenos-geo-agote","generate-columns","tablet-grid-50","mobile-grid-100","grid-parent","grid-50"],"jetpack_publicize_connections":[],"jetpack_featured_media_url":"https:\/\/www.hoymercedes.com.ar\/principal\/wp-content\/uploads\/2020\/06\/27-centro-ingenieros.jpg","wps_subtitle":"Opini\u00f3n","jetpack_sharing_enabled":true,"_links":{"self":[{"href":"https:\/\/www.hoymercedes.com.ar\/principal\/wp-json\/wp\/v2\/posts\/118669","targetHints":{"allow":["GET"]}}],"collection":[{"href":"https:\/\/www.hoymercedes.com.ar\/principal\/wp-json\/wp\/v2\/posts"}],"about":[{"href":"https:\/\/www.hoymercedes.com.ar\/principal\/wp-json\/wp\/v2\/types\/post"}],"author":[{"embeddable":true,"href":"https:\/\/www.hoymercedes.com.ar\/principal\/wp-json\/wp\/v2\/users\/5"}],"replies":[{"embeddable":true,"href":"https:\/\/www.hoymercedes.com.ar\/principal\/wp-json\/wp\/v2\/comments?post=118669"}],"version-history":[{"count":0,"href":"https:\/\/www.hoymercedes.com.ar\/principal\/wp-json\/wp\/v2\/posts\/118669\/revisions"}],"wp:featuredmedia":[{"embeddable":true,"href":"https:\/\/www.hoymercedes.com.ar\/principal\/wp-json\/wp\/v2\/media\/112741"}],"wp:attachment":[{"href":"https:\/\/www.hoymercedes.com.ar\/principal\/wp-json\/wp\/v2\/media?parent=118669"}],"wp:term":[{"taxonomy":"category","embeddable":true,"href":"https:\/\/www.hoymercedes.com.ar\/principal\/wp-json\/wp\/v2\/categories?post=118669"},{"taxonomy":"post_tag","embeddable":true,"href":"https:\/\/www.hoymercedes.com.ar\/principal\/wp-json\/wp\/v2\/tags?post=118669"}],"curies":[{"name":"wp","href":"https:\/\/api.w.org\/{rel}","templated":true}]}}