{"id":11869,"date":"2012-03-29T16:41:19","date_gmt":"2012-03-29T16:41:19","guid":{"rendered":"http:\/\/www.hoymercedes.com.ar\/principal\/?p=11869"},"modified":"2012-03-29T16:41:19","modified_gmt":"2012-03-29T16:41:19","slug":"selva-advirtio-que-seran-muy-fuertes-en-casos-de-provocaciones-y-agresiones-en-la-via-publica","status":"publish","type":"post","link":"https:\/\/www.hoymercedes.com.ar\/principal\/2012\/03\/29\/selva-advirtio-que-seran-muy-fuertes-en-casos-de-provocaciones-y-agresiones-en-la-via-publica\/","title":{"rendered":"Selva advirti\u00f3 que ser\u00e1n muy fuertes en casos de provocaciones y agresiones en la v\u00eda p\u00fablica"},"content":{"rendered":"<p>El jefe comunal se refiri\u00f3 a las agresiones y provocaciones que vienen recibiendo personal municipal y policial cuando efect\u00faa controles preventivos y de documentaci\u00f3n especialmente en ciclomotores y motos desde hace alg\u00fan tiempo a estos d\u00edas.<\/p>\n<p>Aprovechando la presencia de los representantes de la mayor\u00eda d e los medios de prensa de la ciudad, el Intendente Carlos Selva decidi\u00f3 llevar adelante en las instalaciones del Sector Industrial Planificado una conferencia de prensa para hablar acerca de las tareas que se han realizado desde la Secretar\u00eda de Control Urbano.<\/p>\n<p>El jefe comunal comenz\u00f3 diciendo \u201ca nadie escapa que hemos durante meses tratado de concientizar a la gente sobre la manera de comportarse al manejar un rodado pero sin embargo\u00a0 hoy vemos como el hospital, las emergencias y otras reparticiones viven saturadas de casos de vecinos que han sufrido accidentes en la v\u00eda publica, algo que lamentablemente se est\u00e1 transformando en un verdadero caos a pesar que desde la Secretar\u00eda de Control Urbano se haya intensificado las acciones preventivas\u00a0que se realizan todos los d\u00edas\u00a0en los que lamentablemente se han producido provocaciones y agresiones contra personal policial o municipal<\/p>\n<p>No estoy hablando de hechos viejos sino de lo ocurrido en\u00a0los \u00faltimos d\u00edas en los que la situaci\u00f3n descripta se ha vuelto a repetir, y con una magnitud de gravedad muy significativa.<\/p>\n<p>Por todo lo que acabo de decir es que advierto a toda la sociedad mercedina que vamos a ser my fuertes con este tema de tomar la v\u00eda p\u00fablica como un tema de provocaci\u00f3n con veh\u00edculos que algunos utilizan no para transitar y movilizarse por la ciudad sino que se usan para directamente provocar al resto de la sociedad.<\/p>\n<p>Sabemos muy bien que la irresponsabilidad de quienes usan las cosas de la forma que manifest\u00e9 es una situaci\u00f3n, y otra es la manera que desde las escuelas se trata de concientizar, hoy vemos que en el sistema educativo se habla mucho de estos hechos.<\/p>\n<p>La persona que se sienta aun en un ciclomotor debe tener en cuenta que poner en riesgo la seguridad de sus propias vidas y para atenuar dicha situaciones debe responder a determinadas normas pero ese debate ya se debe hacer en cada familia, debe ser un debate hacia adentro\u00a0de la sociedad\u00a0 m\u00e1s all\u00e1 de lo que desde el Estado podamos realizar<\/p>\n<p>La retenci\u00f3n de la documentaci\u00f3n del rodado era como una garant\u00eda del cobro de las multas fijadas ante un infracci\u00f3n y as\u00ed se hab\u00eda logrado encausar varias cosas, pero parece que cuando algo comienza a dar resultado\u00a0en algo espec\u00edfico\u00a0se desencadena otro tema y el primero de ellos vuelve a descarrilarse y se vuelve a utilizar la misma metodolog\u00eda para atentar contra un ordenamiento en la ciudad, parece ser que cuando logramos un resulta positivo no podemos abandonar lo que hacemos porque de lo contrario se vuelve a retrotraer a lo que se estaba haciendo\u201d.<\/p>\n<p>Por ultimo el intendente afirm\u00f3 que en Control Urbano no se cuenta en estos momentos con todo el personal necesario teniendo en cuenta que no solo se trabaja con el tema de tr\u00e1nsito sino que adem\u00e1s se llevan a cabo otros tipos de controles en toda la ciudad pero que\u00a0llegado el caso no descartar\u00eda efectuar nuevas incorporaciones<\/p>\n","protected":false},"excerpt":{"rendered":"<p>El jefe comunal se refiri\u00f3 a las agresiones y provocaciones que vienen recibiendo personal municipal y policial cuando efect\u00faa controles &#8230; <a title=\"Selva advirti\u00f3 que ser\u00e1n muy fuertes en casos de provocaciones y agresiones en la v\u00eda p\u00fablica\" class=\"read-more\" href=\"https:\/\/www.hoymercedes.com.ar\/principal\/2012\/03\/29\/selva-advirtio-que-seran-muy-fuertes-en-casos-de-provocaciones-y-agresiones-en-la-via-publica\/\" aria-label=\"Leer m\u00e1s sobre Selva advirti\u00f3 que ser\u00e1n muy fuertes en casos de provocaciones y agresiones en la v\u00eda p\u00fablica\">Leer m\u00e1s<\/a><\/p>\n","protected":false},"author":1,"featured_media":0,"comment_status":"open","ping_status":"open","sticky":false,"template":"","format":"standard","meta":{"_monsterinsights_skip_tracking":false,"_monsterinsights_sitenote_active":false,"_monsterinsights_sitenote_note":"","_monsterinsights_sitenote_category":0,"jetpack_post_was_ever_published":false,"_jetpack_newsletter_access":"","_jetpack_dont_email_post_to_subs":false,"_jetpack_newsletter_tier_id":0,"_jetpack_memberships_contains_paywalled_content":false,"_jetpack_memberships_contains_paid_content":false,"footnotes":"","jetpack_publicize_message":"","jetpack_publicize_feature_enabled":true,"jetpack_social_post_already_shared":false,"jetpack_social_options":{"image_generator_settings":{"template":"highway","default_image_id":0,"font":"","enabled":false},"version":2},"_wpas_customize_per_network":false},"categories":[5],"tags":[18],"class_list":["post-11869","post","type-post","status-publish","format-standard","hentry","category-politica","tag-selva","generate-columns","tablet-grid-50","mobile-grid-100","grid-parent","grid-50"],"jetpack_publicize_connections":[],"jetpack_featured_media_url":"","wps_subtitle":"","jetpack_sharing_enabled":true,"_links":{"self":[{"href":"https:\/\/www.hoymercedes.com.ar\/principal\/wp-json\/wp\/v2\/posts\/11869","targetHints":{"allow":["GET"]}}],"collection":[{"href":"https:\/\/www.hoymercedes.com.ar\/principal\/wp-json\/wp\/v2\/posts"}],"about":[{"href":"https:\/\/www.hoymercedes.com.ar\/principal\/wp-json\/wp\/v2\/types\/post"}],"author":[{"embeddable":true,"href":"https:\/\/www.hoymercedes.com.ar\/principal\/wp-json\/wp\/v2\/users\/1"}],"replies":[{"embeddable":true,"href":"https:\/\/www.hoymercedes.com.ar\/principal\/wp-json\/wp\/v2\/comments?post=11869"}],"version-history":[{"count":0,"href":"https:\/\/www.hoymercedes.com.ar\/principal\/wp-json\/wp\/v2\/posts\/11869\/revisions"}],"wp:attachment":[{"href":"https:\/\/www.hoymercedes.com.ar\/principal\/wp-json\/wp\/v2\/media?parent=11869"}],"wp:term":[{"taxonomy":"category","embeddable":true,"href":"https:\/\/www.hoymercedes.com.ar\/principal\/wp-json\/wp\/v2\/categories?post=11869"},{"taxonomy":"post_tag","embeddable":true,"href":"https:\/\/www.hoymercedes.com.ar\/principal\/wp-json\/wp\/v2\/tags?post=11869"}],"curies":[{"name":"wp","href":"https:\/\/api.w.org\/{rel}","templated":true}]}}