{"id":118711,"date":"2020-10-19T17:41:01","date_gmt":"2020-10-19T20:41:01","guid":{"rendered":"http:\/\/www.hoymercedes.com.ar\/principal\/?p=118711"},"modified":"2020-10-19T10:59:32","modified_gmt":"2020-10-19T13:59:32","slug":"federico-lertora-y-emmanuel-culio-juegan-amistosos-de-cara-al-debut-de-sus-torneos","status":"publish","type":"post","link":"https:\/\/www.hoymercedes.com.ar\/principal\/2020\/10\/19\/federico-lertora-y-emmanuel-culio-juegan-amistosos-de-cara-al-debut-de-sus-torneos\/","title":{"rendered":"Federico L\u00e9rtora y Emmanuel Culio juegan amistosos de cara al debut de sus torneos"},"content":{"rendered":"\n<p>La Liga Profesional de F\u00fatbol tiene fecha de inicio el pr\u00f3ximo 30 de octubre y desde hace algunos d\u00edas los clubes comenzaron a jugar partidos amistosos. En el caso de Col\u00f3n de Santa Fe, que tiene como volante central titular a Federico L\u00e9rtora, recibi\u00f3 en el Cementerio de los Elefantes a Rosario Central, venciendo por 4 a 1 con goles de Escobar, Morelo, Aliendro y Chancalay. De penal marc\u00f3 Gamba para el Canalla.<\/p>\n\n\n\n<div class=\"wp-block-image\"><figure class=\"aligncenter size-large\"><img loading=\"lazy\" decoding=\"async\" width=\"780\" height=\"405\" data-attachment-id=\"118714\" data-permalink=\"https:\/\/www.hoymercedes.com.ar\/principal\/2020\/10\/19\/federico-lertora-y-emmanuel-culio-juegan-amistosos-de-cara-al-debut-de-sus-torneos\/federico-lertora-amistoso-colon-4-central-1\/#main\" data-orig-file=\"https:\/\/www.hoymercedes.com.ar\/principal\/wp-content\/uploads\/2020\/10\/Federico-lertora-amistoso-colon-4-central-1.jpg\" data-orig-size=\"780,405\" data-comments-opened=\"0\" data-image-meta=\"{&quot;aperture&quot;:&quot;0&quot;,&quot;credit&quot;:&quot;&quot;,&quot;camera&quot;:&quot;&quot;,&quot;caption&quot;:&quot;&quot;,&quot;created_timestamp&quot;:&quot;0&quot;,&quot;copyright&quot;:&quot;&quot;,&quot;focal_length&quot;:&quot;0&quot;,&quot;iso&quot;:&quot;0&quot;,&quot;shutter_speed&quot;:&quot;0&quot;,&quot;title&quot;:&quot;&quot;,&quot;orientation&quot;:&quot;0&quot;}\" data-image-title=\"Federico-lertora-amistoso-colon-4-central-1\" data-image-description=\"\" data-image-caption=\"\" data-large-file=\"https:\/\/www.hoymercedes.com.ar\/principal\/wp-content\/uploads\/2020\/10\/Federico-lertora-amistoso-colon-4-central-1.jpg\" src=\"https:\/\/www.hoymercedes.com.ar\/principal\/wp-content\/uploads\/2020\/10\/Federico-lertora-amistoso-colon-4-central-1.jpg\" alt=\"\" class=\"wp-image-118714\" srcset=\"https:\/\/www.hoymercedes.com.ar\/principal\/wp-content\/uploads\/2020\/10\/Federico-lertora-amistoso-colon-4-central-1.jpg 780w, https:\/\/www.hoymercedes.com.ar\/principal\/wp-content\/uploads\/2020\/10\/Federico-lertora-amistoso-colon-4-central-1-630x327.jpg 630w, https:\/\/www.hoymercedes.com.ar\/principal\/wp-content\/uploads\/2020\/10\/Federico-lertora-amistoso-colon-4-central-1-150x78.jpg 150w\" sizes=\"auto, (max-width: 780px) 100vw, 780px\" \/><\/figure><\/div>\n\n\n\n<p>Col\u00f3n de Santa Fe jugar\u00e1 en la Zona 2 junto a Independiente, Central C\u00f3rdoba (Santiago del Estero) y Defensa y Justicia. En la primera fecha Col\u00f3n ser\u00e1 visitante en Florencio Varela.<\/p>\n\n\n\n<p>La Primera Nacional comenzar\u00e1 el 7 de noviembre y en el caso de Quilmes, donde el enganche del equipo es Emmanuel Culio, ya jug\u00f3 su segundo amistoso. Primero venci\u00f3 1 a 0 a Atlanta, con gol de Obreg\u00f3n y este fin de semana cay\u00f3 2 a 0 ante Villa D\u00e1lmine, con goles de Sanchez y Fernandez. <\/p>\n\n\n\n<p>Argentino Agropecuario de Carlos Casares, que tiene como lateral izquierdo titular a Nicol\u00e1s Dematei, todav\u00eda no disput\u00f3 ning\u00fan amistoso. En Defensores Unidos de Z\u00e1rate (B Metropolitana) Mauro Bustos ya volvi\u00f3 a entrenar, al igual que Facundo D\u00e9sima en Deportivo Maip\u00fa de Mendoza (Federal A) y Mat\u00edas Caputo y Gonzalo P\u00e9rez (Luj\u00e1n)<\/p>\n","protected":false},"excerpt":{"rendered":"<p>La Liga Profesional de F\u00fatbol tiene fecha de inicio el pr\u00f3ximo 30 de octubre y desde hace algunos d\u00edas los &#8230; <a title=\"Federico L\u00e9rtora y Emmanuel Culio juegan amistosos de cara al debut de sus torneos\" class=\"read-more\" href=\"https:\/\/www.hoymercedes.com.ar\/principal\/2020\/10\/19\/federico-lertora-y-emmanuel-culio-juegan-amistosos-de-cara-al-debut-de-sus-torneos\/\" aria-label=\"Leer m\u00e1s sobre Federico L\u00e9rtora y Emmanuel Culio juegan amistosos de cara al debut de sus torneos\">Leer m\u00e1s<\/a><\/p>\n","protected":false},"author":1,"featured_media":118714,"comment_status":"closed","ping_status":"open","sticky":false,"template":"","format":"standard","meta":{"_monsterinsights_skip_tracking":false,"_monsterinsights_sitenote_active":false,"_monsterinsights_sitenote_note":"","_monsterinsights_sitenote_category":0,"jetpack_post_was_ever_published":false,"_jetpack_newsletter_access":"","_jetpack_dont_email_post_to_subs":false,"_jetpack_newsletter_tier_id":0,"_jetpack_memberships_contains_paywalled_content":false,"_jetpack_memberships_contains_paid_content":false,"footnotes":"","jetpack_publicize_message":"","jetpack_publicize_feature_enabled":true,"jetpack_social_post_already_shared":true,"jetpack_social_options":{"image_generator_settings":{"template":"highway","default_image_id":0,"font":"","enabled":false},"version":2},"_wpas_customize_per_network":false},"categories":[21],"tags":[17204,14353],"class_list":["post-118711","post","type-post","status-publish","format-standard","has-post-thumbnail","hentry","category-deportes","tag-defensores-unidos-de-zarate","tag-federico-lertora-2","generate-columns","tablet-grid-50","mobile-grid-100","grid-parent","grid-50"],"jetpack_publicize_connections":[],"jetpack_featured_media_url":"https:\/\/www.hoymercedes.com.ar\/principal\/wp-content\/uploads\/2020\/10\/Federico-lertora-amistoso-colon-4-central-1.jpg","wps_subtitle":"La Legi\u00f3n","jetpack_sharing_enabled":true,"_links":{"self":[{"href":"https:\/\/www.hoymercedes.com.ar\/principal\/wp-json\/wp\/v2\/posts\/118711","targetHints":{"allow":["GET"]}}],"collection":[{"href":"https:\/\/www.hoymercedes.com.ar\/principal\/wp-json\/wp\/v2\/posts"}],"about":[{"href":"https:\/\/www.hoymercedes.com.ar\/principal\/wp-json\/wp\/v2\/types\/post"}],"author":[{"embeddable":true,"href":"https:\/\/www.hoymercedes.com.ar\/principal\/wp-json\/wp\/v2\/users\/1"}],"replies":[{"embeddable":true,"href":"https:\/\/www.hoymercedes.com.ar\/principal\/wp-json\/wp\/v2\/comments?post=118711"}],"version-history":[{"count":0,"href":"https:\/\/www.hoymercedes.com.ar\/principal\/wp-json\/wp\/v2\/posts\/118711\/revisions"}],"wp:featuredmedia":[{"embeddable":true,"href":"https:\/\/www.hoymercedes.com.ar\/principal\/wp-json\/wp\/v2\/media\/118714"}],"wp:attachment":[{"href":"https:\/\/www.hoymercedes.com.ar\/principal\/wp-json\/wp\/v2\/media?parent=118711"}],"wp:term":[{"taxonomy":"category","embeddable":true,"href":"https:\/\/www.hoymercedes.com.ar\/principal\/wp-json\/wp\/v2\/categories?post=118711"},{"taxonomy":"post_tag","embeddable":true,"href":"https:\/\/www.hoymercedes.com.ar\/principal\/wp-json\/wp\/v2\/tags?post=118711"}],"curies":[{"name":"wp","href":"https:\/\/api.w.org\/{rel}","templated":true}]}}